{"id":24936,"date":"2025-03-14T11:34:39","date_gmt":"2025-03-14T10:34:39","guid":{"rendered":"https:\/\/agora.xtec.cat\/ieslaromanica\/?p=24936"},"modified":"2025-03-14T11:34:39","modified_gmt":"2025-03-14T10:34:39","slug":"felic-dia-de-pi","status":"publish","type":"post","link":"https:\/\/agora.xtec.cat\/ieslaromanica\/general\/felic-dia-de-pi\/","title":{"rendered":"Feli\u00e7 Dia de Pi!"},"content":{"rendered":"<p data-start=\"99\" data-end=\"131\">\ud83d\udccf\ud83d\udd22 <strong data-start=\"104\" data-end=\"124\">Feli\u00e7 Dia de Pi!<\/strong> \ud83d\udd22\ud83d\udccf<\/p>\n<p data-start=\"133\" data-end=\"249\">Avui \u00e9s <strong data-start=\"141\" data-end=\"162\">14 de mar\u00e7 (3\/14)<\/strong>, el dia dedicat a un dels nombres m\u00e9s fascinants de les matem\u00e0tiques: <strong data-start=\"233\" data-end=\"244\">\u03c0 (Pi)!<\/strong> \ud83c\udf89<\/p>\n<p data-start=\"251\" data-end=\"464\">El nombre <strong data-start=\"261\" data-end=\"266\">\u03c0<\/strong> \u00e9s una constant matem\u00e0tica que representa la relaci\u00f3 entre la circumfer\u00e8ncia i el seu di\u00e0metre. Tot i que sovint l\u2019aproximem a <strong data-start=\"402\" data-end=\"410\">3&#8217;14<\/strong>, t\u00e9 infinits decimals sense cap patr\u00f3 repetitiu! \ud83e\udd2f<\/p>\n<p data-start=\"466\" data-end=\"627\">Aprofitem aquesta diada per recordar com les matem\u00e0tiques s\u00f3n presents a tot arreu: des de la geometria fins a l\u2019enginyeria, la natura i fins i tot l\u2019art! \ud83c\udfa8\ud83d\udd2d<\/p>\n<p data-start=\"466\" data-end=\"627\">PD. Imatge triada pel Biel, de 1r d&#8217;ESO C.<\/p>\n<p data-start=\"466\" data-end=\"627\"><a href=\"https:\/\/agora.xtec.cat\/ieslaromanica\/wp-content\/uploads\/usu857\/2025\/03\/numero-pi.jpg\"><img loading=\"lazy\" decoding=\"async\" class=\"alignnone size-full wp-image-24937\" src=\"https:\/\/agora.xtec.cat\/ieslaromanica\/wp-content\/uploads\/usu857\/2025\/03\/numero-pi.jpg\" alt=\"\" width=\"1024\" height=\"1024\" srcset=\"https:\/\/agora.xtec.cat\/ieslaromanica\/wp-content\/uploads\/usu857\/2025\/03\/numero-pi.jpg 1024w, https:\/\/agora.xtec.cat\/ieslaromanica\/wp-content\/uploads\/usu857\/2025\/03\/numero-pi-300x300.jpg 300w, https:\/\/agora.xtec.cat\/ieslaromanica\/wp-content\/uploads\/usu857\/2025\/03\/numero-pi-150x150.jpg 150w, https:\/\/agora.xtec.cat\/ieslaromanica\/wp-content\/uploads\/usu857\/2025\/03\/numero-pi-768x768.jpg 768w\" sizes=\"auto, (max-width: 1024px) 100vw, 1024px\" \/><\/a><\/p>\n","protected":false},"excerpt":{"rendered":"<p>\ud83d\udccf\ud83d\udd22 Feli\u00e7 Dia de Pi! \ud83d\udd22\ud83d\udccf<br \/>\nAvui \u00e9s 14 de mar\u00e7 (3\/14), el dia dedicat a un dels nombres m\u00e9s fascinants de les matem\u00e0tiques: \u03c0 (Pi)! \ud83c\udf89<br \/>\nEl nombre \u03c0 \u00e9s una constant matem\u00e0tica que representa la relaci\u00f3 entre la circumfer\u00e8ncia i el seu di\u00e0metre. Tot i&hellip;  <a href=\"https:\/\/agora.xtec.cat\/ieslaromanica\/general\/felic-dia-de-pi\/\" title=\"Read Feli\u00e7 Dia de Pi!\">Llegeix m\u00e9s\u00bb<\/a><\/p>\n","protected":false},"author":34,"featured_media":24937,"comment_status":"open","ping_status":"closed","sticky":false,"template":"","format":"standard","meta":{"_bbp_topic_count":0,"_bbp_reply_count":0,"_bbp_total_topic_count":0,"_bbp_total_reply_count":0,"_bbp_voice_count":0,"_bbp_anonymous_reply_count":0,"_bbp_topic_count_hidden":0,"_bbp_reply_count_hidden":0,"_bbp_forum_subforum_count":0,"footnotes":""},"categories":[1],"tags":[],"class_list":["post-24936","post","type-post","status-publish","format-standard","has-post-thumbnail","hentry","category-general"],"post_mailing_queue_ids":[],"_links":{"self":[{"href":"https:\/\/agora.xtec.cat\/ieslaromanica\/wp-json\/wp\/v2\/posts\/24936","targetHints":{"allow":["GET"]}}],"collection":[{"href":"https:\/\/agora.xtec.cat\/ieslaromanica\/wp-json\/wp\/v2\/posts"}],"about":[{"href":"https:\/\/agora.xtec.cat\/ieslaromanica\/wp-json\/wp\/v2\/types\/post"}],"author":[{"embeddable":true,"href":"https:\/\/agora.xtec.cat\/ieslaromanica\/wp-json\/wp\/v2\/users\/34"}],"replies":[{"embeddable":true,"href":"https:\/\/agora.xtec.cat\/ieslaromanica\/wp-json\/wp\/v2\/comments?post=24936"}],"version-history":[{"count":1,"href":"https:\/\/agora.xtec.cat\/ieslaromanica\/wp-json\/wp\/v2\/posts\/24936\/revisions"}],"predecessor-version":[{"id":24938,"href":"https:\/\/agora.xtec.cat\/ieslaromanica\/wp-json\/wp\/v2\/posts\/24936\/revisions\/24938"}],"wp:featuredmedia":[{"embeddable":true,"href":"https:\/\/agora.xtec.cat\/ieslaromanica\/wp-json\/wp\/v2\/media\/24937"}],"wp:attachment":[{"href":"https:\/\/agora.xtec.cat\/ieslaromanica\/wp-json\/wp\/v2\/media?parent=24936"}],"wp:term":[{"taxonomy":"category","embeddable":true,"href":"https:\/\/agora.xtec.cat\/ieslaromanica\/wp-json\/wp\/v2\/categories?post=24936"},{"taxonomy":"post_tag","embeddable":true,"href":"https:\/\/agora.xtec.cat\/ieslaromanica\/wp-json\/wp\/v2\/tags?post=24936"}],"curies":[{"name":"wp","href":"https:\/\/api.w.org\/{rel}","templated":true}]}}