{"id":24898,"date":"2025-03-08T12:31:32","date_gmt":"2025-03-08T11:31:32","guid":{"rendered":"https:\/\/agora.xtec.cat\/ieslaromanica\/?p=24898"},"modified":"2025-03-11T12:32:09","modified_gmt":"2025-03-11T11:32:09","slug":"8m-2025","status":"publish","type":"post","link":"https:\/\/agora.xtec.cat\/ieslaromanica\/general\/8m-2025\/","title":{"rendered":"8M 2025"},"content":{"rendered":"<p style=\"text-align: justify;\">Avui, 8 de mar\u00e7, alcem la veu per recordar que la lluita feminista \u00e9s de totes i per a totes. El curs passat, membres de tota la comunitat educativa, juntament amb l\u2019Associaci\u00f3 ARA I SEMPRE, vam unir forces per crear aquesta impactant catifa gegant de serradures tenyides, formant un lla\u00e7 lila que es podia veure des del cel.<\/p>\n<p style=\"text-align: justify;\">Aquest s\u00edmbol representa el nostre comprom\u00eds amb la igualtat, la sororitat i la just\u00edcia. Perqu\u00e8 no volem ser valentes, volem ser lliures. Perqu\u00e8 el feminisme no \u00e9s nom\u00e9s una lluita d\u2019un dia, sin\u00f3 un cam\u00ed col\u00b7lectiu cap a una societat m\u00e9s justa. Seguim avan\u00e7ant, juntes i sense por!<\/p>\n<figure class=\"figure wp-caption alignnone\"><a href=\"https:\/\/agora.xtec.cat\/ieslaromanica\/wp-content\/uploads\/usu857\/2025\/03\/Juntes-trepitgem-mes-fort-8M-2024-1-scaled.jpg\"><img loading=\"lazy\" decoding=\"async\" class=\"size-large wp-image-24897\" src=\"https:\/\/agora.xtec.cat\/ieslaromanica\/wp-content\/uploads\/usu857\/2025\/03\/Juntes-trepitgem-mes-fort-8M-2024-1-1024x576.jpg\" alt=\"\" width=\"1024\" height=\"576\" srcset=\"https:\/\/agora.xtec.cat\/ieslaromanica\/wp-content\/uploads\/usu857\/2025\/03\/Juntes-trepitgem-mes-fort-8M-2024-1-1024x576.jpg 1024w, https:\/\/agora.xtec.cat\/ieslaromanica\/wp-content\/uploads\/usu857\/2025\/03\/Juntes-trepitgem-mes-fort-8M-2024-1-300x169.jpg 300w, https:\/\/agora.xtec.cat\/ieslaromanica\/wp-content\/uploads\/usu857\/2025\/03\/Juntes-trepitgem-mes-fort-8M-2024-1-768x432.jpg 768w, https:\/\/agora.xtec.cat\/ieslaromanica\/wp-content\/uploads\/usu857\/2025\/03\/Juntes-trepitgem-mes-fort-8M-2024-1-1536x864.jpg 1536w, https:\/\/agora.xtec.cat\/ieslaromanica\/wp-content\/uploads\/usu857\/2025\/03\/Juntes-trepitgem-mes-fort-8M-2024-1-2048x1152.jpg 2048w\" sizes=\"auto, (max-width: 1024px) 100vw, 1024px\" \/><\/a><figcaption class=\"wp-caption-text\">DCIM100MEDIADJI_0681.JPG<\/figcaption><\/figure>\n","protected":false},"excerpt":{"rendered":"<p>Avui, 8 de mar\u00e7, alcem la veu per recordar que la lluita feminista \u00e9s de totes i per a totes. El curs passat, membres de tota la comunitat educativa, juntament amb l\u2019Associaci\u00f3 ARA I SEMPRE, vam unir forces per crear aquesta impactant catifa gegant de&hellip;  <a href=\"https:\/\/agora.xtec.cat\/ieslaromanica\/general\/8m-2025\/\" title=\"Read 8M 2025\">Llegeix m\u00e9s\u00bb<\/a><\/p>\n","protected":false},"author":34,"featured_media":24897,"comment_status":"open","ping_status":"closed","sticky":false,"template":"","format":"standard","meta":{"_bbp_topic_count":0,"_bbp_reply_count":0,"_bbp_total_topic_count":0,"_bbp_total_reply_count":0,"_bbp_voice_count":0,"_bbp_anonymous_reply_count":0,"_bbp_topic_count_hidden":0,"_bbp_reply_count_hidden":0,"_bbp_forum_subforum_count":0,"footnotes":""},"categories":[1],"tags":[],"class_list":["post-24898","post","type-post","status-publish","format-standard","has-post-thumbnail","hentry","category-general"],"post_mailing_queue_ids":[],"_links":{"self":[{"href":"https:\/\/agora.xtec.cat\/ieslaromanica\/wp-json\/wp\/v2\/posts\/24898","targetHints":{"allow":["GET"]}}],"collection":[{"href":"https:\/\/agora.xtec.cat\/ieslaromanica\/wp-json\/wp\/v2\/posts"}],"about":[{"href":"https:\/\/agora.xtec.cat\/ieslaromanica\/wp-json\/wp\/v2\/types\/post"}],"author":[{"embeddable":true,"href":"https:\/\/agora.xtec.cat\/ieslaromanica\/wp-json\/wp\/v2\/users\/34"}],"replies":[{"embeddable":true,"href":"https:\/\/agora.xtec.cat\/ieslaromanica\/wp-json\/wp\/v2\/comments?post=24898"}],"version-history":[{"count":1,"href":"https:\/\/agora.xtec.cat\/ieslaromanica\/wp-json\/wp\/v2\/posts\/24898\/revisions"}],"predecessor-version":[{"id":24899,"href":"https:\/\/agora.xtec.cat\/ieslaromanica\/wp-json\/wp\/v2\/posts\/24898\/revisions\/24899"}],"wp:featuredmedia":[{"embeddable":true,"href":"https:\/\/agora.xtec.cat\/ieslaromanica\/wp-json\/wp\/v2\/media\/24897"}],"wp:attachment":[{"href":"https:\/\/agora.xtec.cat\/ieslaromanica\/wp-json\/wp\/v2\/media?parent=24898"}],"wp:term":[{"taxonomy":"category","embeddable":true,"href":"https:\/\/agora.xtec.cat\/ieslaromanica\/wp-json\/wp\/v2\/categories?post=24898"},{"taxonomy":"post_tag","embeddable":true,"href":"https:\/\/agora.xtec.cat\/ieslaromanica\/wp-json\/wp\/v2\/tags?post=24898"}],"curies":[{"name":"wp","href":"https:\/\/api.w.org\/{rel}","templated":true}]}}