{"id":24873,"date":"2025-03-11T12:09:25","date_gmt":"2025-03-11T11:09:25","guid":{"rendered":"https:\/\/agora.xtec.cat\/ieslaromanica\/?p=24873"},"modified":"2025-03-11T12:09:48","modified_gmt":"2025-03-11T11:09:48","slug":"portes-obertes-cicles-formatius-de-quimica","status":"publish","type":"post","link":"https:\/\/agora.xtec.cat\/ieslaromanica\/general\/portes-obertes-cicles-formatius-de-quimica\/","title":{"rendered":"Portes Obertes cicles formatius de Qu\u00edmica"},"content":{"rendered":"<p>El dia 9<strong> d&#8217;abril en 2 torns, a les 17:30 i a les 19:00 hores<\/strong>, tindran lloc les <strong>Portes Obertes per als Cicles de Formaci\u00f3 Professional<\/strong> que realitza el nostre institut des de fa m\u00e9s de 15 anys en la <strong>branca de Qu\u00edmica<\/strong>.<\/p>\n<p>La nostra oferta de cicles \u00e9s en torn de mat\u00ed i tarda, per als cicles superiors; i en horari de tarda, per als cicles mitjans.<\/p>\n<p>Per tal d&#8217;assistir a la Jornada de Portes Obertes, s&#8217;hauran d&#8217;inscriure al formulari seg\u00fcent, tot indicant l&#8217;horari en el qual assistiran (17:30h o 19:00h), aix\u00ed com si estan interessats o interessades en Grau Mitj\u00e0 o Grau Superior. Per temes d&#8217;aforament, necessitem con\u00e8ixer quantes persones vindran en cada fam\u00edlia o alumne\/a interessat\/da.<\/p>\n<p>Data l\u00edmit d&#8217;inscripci\u00f3: fins al 30 de mar\u00e7<\/p>\n<p>Enlla\u00e7 al formulari d&#8217;inscripci\u00f3: <strong><a href=\"https:\/\/forms.gle\/EX5Byg1QPm3RshLd9\">https:\/\/forms.gle\/EX5Byg1QPm3RshLd9<\/a><\/strong><\/p>\n<p>Esperem rebre-us i ensenyar-vos el nostre centre el dia 9 d&#8217;abril!<\/p>\n<p><a href=\"https:\/\/agora.xtec.cat\/ieslaromanica\/wp-content\/uploads\/usu857\/2025\/03\/PortesObertes.png\"><img loading=\"lazy\" decoding=\"async\" class=\"size-full wp-image-24838 aligncenter\" src=\"https:\/\/agora.xtec.cat\/ieslaromanica\/wp-content\/uploads\/usu857\/2025\/03\/PortesObertes.png\" alt=\"\" width=\"543\" height=\"325\" srcset=\"https:\/\/agora.xtec.cat\/ieslaromanica\/wp-content\/uploads\/usu857\/2025\/03\/PortesObertes.png 543w, https:\/\/agora.xtec.cat\/ieslaromanica\/wp-content\/uploads\/usu857\/2025\/03\/PortesObertes-300x180.png 300w\" sizes=\"auto, (max-width: 543px) 100vw, 543px\" \/><\/a><\/p>\n","protected":false},"excerpt":{"rendered":"<p>El dia 9 d&#8217;abril en 2 torns, a les 17:30 i a les 19:00 hores, tindran lloc les Portes Obertes per als Cicles de Formaci\u00f3 Professional que realitza el nostre institut des de fa m\u00e9s de 15 anys en la branca de Qu\u00edmica.<br \/>\nLa nostra oferta&hellip;  <a href=\"https:\/\/agora.xtec.cat\/ieslaromanica\/general\/portes-obertes-cicles-formatius-de-quimica\/\" title=\"Read Portes Obertes cicles formatius de Qu\u00edmica\">Llegeix m\u00e9s\u00bb<\/a><\/p>\n","protected":false},"author":34,"featured_media":24838,"comment_status":"open","ping_status":"closed","sticky":false,"template":"","format":"standard","meta":{"_bbp_topic_count":0,"_bbp_reply_count":0,"_bbp_total_topic_count":0,"_bbp_total_reply_count":0,"_bbp_voice_count":0,"_bbp_anonymous_reply_count":0,"_bbp_topic_count_hidden":0,"_bbp_reply_count_hidden":0,"_bbp_forum_subforum_count":0,"footnotes":""},"categories":[1],"tags":[],"class_list":["post-24873","post","type-post","status-publish","format-standard","has-post-thumbnail","hentry","category-general"],"post_mailing_queue_ids":[],"_links":{"self":[{"href":"https:\/\/agora.xtec.cat\/ieslaromanica\/wp-json\/wp\/v2\/posts\/24873","targetHints":{"allow":["GET"]}}],"collection":[{"href":"https:\/\/agora.xtec.cat\/ieslaromanica\/wp-json\/wp\/v2\/posts"}],"about":[{"href":"https:\/\/agora.xtec.cat\/ieslaromanica\/wp-json\/wp\/v2\/types\/post"}],"author":[{"embeddable":true,"href":"https:\/\/agora.xtec.cat\/ieslaromanica\/wp-json\/wp\/v2\/users\/34"}],"replies":[{"embeddable":true,"href":"https:\/\/agora.xtec.cat\/ieslaromanica\/wp-json\/wp\/v2\/comments?post=24873"}],"version-history":[{"count":2,"href":"https:\/\/agora.xtec.cat\/ieslaromanica\/wp-json\/wp\/v2\/posts\/24873\/revisions"}],"predecessor-version":[{"id":24875,"href":"https:\/\/agora.xtec.cat\/ieslaromanica\/wp-json\/wp\/v2\/posts\/24873\/revisions\/24875"}],"wp:featuredmedia":[{"embeddable":true,"href":"https:\/\/agora.xtec.cat\/ieslaromanica\/wp-json\/wp\/v2\/media\/24838"}],"wp:attachment":[{"href":"https:\/\/agora.xtec.cat\/ieslaromanica\/wp-json\/wp\/v2\/media?parent=24873"}],"wp:term":[{"taxonomy":"category","embeddable":true,"href":"https:\/\/agora.xtec.cat\/ieslaromanica\/wp-json\/wp\/v2\/categories?post=24873"},{"taxonomy":"post_tag","embeddable":true,"href":"https:\/\/agora.xtec.cat\/ieslaromanica\/wp-json\/wp\/v2\/tags?post=24873"}],"curies":[{"name":"wp","href":"https:\/\/api.w.org\/{rel}","templated":true}]}}