{"id":24817,"date":"2025-02-19T13:01:41","date_gmt":"2025-02-19T12:01:41","guid":{"rendered":"https:\/\/agora.xtec.cat\/ieslaromanica\/?p=24817"},"modified":"2025-02-19T13:01:41","modified_gmt":"2025-02-19T12:01:41","slug":"concurs-de-fotografia-matematica-2024-25","status":"publish","type":"post","link":"https:\/\/agora.xtec.cat\/ieslaromanica\/general\/concurs-de-fotografia-matematica-2024-25\/","title":{"rendered":"Concurs de Fotografia Matem\u00e0tica 2024-25"},"content":{"rendered":"<p style=\"text-align: justify;\">Des del Departament de\u00a0Matem\u00e0tiques us convidem a participar en el <strong>concurs de fotografia matem\u00e0tica 2024-25 <\/strong>que organitzem cada any al nostre institut.<\/p>\n<p style=\"text-align: justify;\">Podeu trobar <a href=\"https:\/\/agora.xtec.cat\/ieslaromanica\/wp-content\/uploads\/usu857\/2025\/02\/Concurs-Fotografic-Bases-2024_2025.pdf\">les bases del concurs fent clic AQU\u00cd<\/a>. L&#8217;enlla\u00e7 per poder participar, adjuntant les vostres fotografies, \u00e9s el seg\u00fcent: <a href=\"https:\/\/forms.gle\/XCLYekYcoYNxcJ2w5\">CONCURS DE FOTOGRAFIA MATEM\u00c0TICA 2025<\/a><\/p>\n<p>Com a resum, dir-vos que hi ha quatre nivells de participaci\u00f3:<\/p>\n<ul>\n<li>ESO12: 1r cicle d\u2019ESO<\/li>\n<li>ESO34: 2n cicle d\u2019ESO<\/li>\n<li>ESPO: Batxillerat i CF<\/li>\n<li>PROF: professorat, AFA i PAS<\/li>\n<\/ul>\n<p style=\"text-align: justify;\">i <strong>la data m\u00e0xima<\/strong>\u00a0per a participar-hi\u00a0<strong>\u00e9s el dia 31 de mar\u00e7 de 2025.<\/strong><\/p>\n<p>Animeu-vos! Esperem veure les vostres fotografies matem\u00e0tiques!<\/p>\n<div><a href=\"https:\/\/agora.xtec.cat\/ieslaromanica\/wp-content\/uploads\/usu857\/2025\/02\/CARTELL25_page-0001.jpg\"><img loading=\"lazy\" decoding=\"async\" class=\"size-large wp-image-24814 aligncenter\" src=\"https:\/\/agora.xtec.cat\/ieslaromanica\/wp-content\/uploads\/usu857\/2025\/02\/CARTELL25_page-0001-725x1024.jpg\" alt=\"\" width=\"725\" height=\"1024\" srcset=\"https:\/\/agora.xtec.cat\/ieslaromanica\/wp-content\/uploads\/usu857\/2025\/02\/CARTELL25_page-0001-725x1024.jpg 725w, https:\/\/agora.xtec.cat\/ieslaromanica\/wp-content\/uploads\/usu857\/2025\/02\/CARTELL25_page-0001-212x300.jpg 212w, https:\/\/agora.xtec.cat\/ieslaromanica\/wp-content\/uploads\/usu857\/2025\/02\/CARTELL25_page-0001-768x1085.jpg 768w, https:\/\/agora.xtec.cat\/ieslaromanica\/wp-content\/uploads\/usu857\/2025\/02\/CARTELL25_page-0001-1087x1536.jpg 1087w, https:\/\/agora.xtec.cat\/ieslaromanica\/wp-content\/uploads\/usu857\/2025\/02\/CARTELL25_page-0001.jpg 1242w\" sizes=\"auto, (max-width: 725px) 100vw, 725px\" \/><\/a><\/div>\n","protected":false},"excerpt":{"rendered":"<p>Des del Departament de\u00a0Matem\u00e0tiques us convidem a participar en el concurs de fotografia matem\u00e0tica 2024-25 que organitzem cada any al nostre institut.<br \/>\nPodeu trobar <a href=\"https:\/\/agora.xtec.cat\/ieslaromanica\/wp-content\/uploads\/usu857\/2025\/02\/Concurs-Fotografic-Bases-2024_2025.pdf\">les bases del concurs fent clic AQU\u00cd<\/a>. L&#8217;enlla\u00e7 per poder participar, adjuntant les vostres fotografies, \u00e9s el seg\u00fcent: <a href=\"https:\/\/forms.gle\/XCLYekYcoYNxcJ2w5\">CONCURS DE&hellip;  <a href=\"https:\/\/agora.xtec.cat\/ieslaromanica\/general\/concurs-de-fotografia-matematica-2024-25\/\" title=\"Read Concurs de Fotografia Matem\u00e0tica 2024-25\">Llegeix m\u00e9s\u00bb<\/a><\/p>\n","protected":false},"author":34,"featured_media":24814,"comment_status":"open","ping_status":"closed","sticky":false,"template":"","format":"standard","meta":{"_bbp_topic_count":0,"_bbp_reply_count":0,"_bbp_total_topic_count":0,"_bbp_total_reply_count":0,"_bbp_voice_count":0,"_bbp_anonymous_reply_count":0,"_bbp_topic_count_hidden":0,"_bbp_reply_count_hidden":0,"_bbp_forum_subforum_count":0,"footnotes":""},"categories":[1],"tags":[],"class_list":["post-24817","post","type-post","status-publish","format-standard","has-post-thumbnail","hentry","category-general"],"post_mailing_queue_ids":[],"_links":{"self":[{"href":"https:\/\/agora.xtec.cat\/ieslaromanica\/wp-json\/wp\/v2\/posts\/24817","targetHints":{"allow":["GET"]}}],"collection":[{"href":"https:\/\/agora.xtec.cat\/ieslaromanica\/wp-json\/wp\/v2\/posts"}],"about":[{"href":"https:\/\/agora.xtec.cat\/ieslaromanica\/wp-json\/wp\/v2\/types\/post"}],"author":[{"embeddable":true,"href":"https:\/\/agora.xtec.cat\/ieslaromanica\/wp-json\/wp\/v2\/users\/34"}],"replies":[{"embeddable":true,"href":"https:\/\/agora.xtec.cat\/ieslaromanica\/wp-json\/wp\/v2\/comments?post=24817"}],"version-history":[{"count":1,"href":"https:\/\/agora.xtec.cat\/ieslaromanica\/wp-json\/wp\/v2\/posts\/24817\/revisions"}],"predecessor-version":[{"id":24818,"href":"https:\/\/agora.xtec.cat\/ieslaromanica\/wp-json\/wp\/v2\/posts\/24817\/revisions\/24818"}],"wp:featuredmedia":[{"embeddable":true,"href":"https:\/\/agora.xtec.cat\/ieslaromanica\/wp-json\/wp\/v2\/media\/24814"}],"wp:attachment":[{"href":"https:\/\/agora.xtec.cat\/ieslaromanica\/wp-json\/wp\/v2\/media?parent=24817"}],"wp:term":[{"taxonomy":"category","embeddable":true,"href":"https:\/\/agora.xtec.cat\/ieslaromanica\/wp-json\/wp\/v2\/categories?post=24817"},{"taxonomy":"post_tag","embeddable":true,"href":"https:\/\/agora.xtec.cat\/ieslaromanica\/wp-json\/wp\/v2\/tags?post=24817"}],"curies":[{"name":"wp","href":"https:\/\/api.w.org\/{rel}","templated":true}]}}