{"id":24811,"date":"2025-02-17T12:32:50","date_gmt":"2025-02-17T11:32:50","guid":{"rendered":"https:\/\/agora.xtec.cat\/ieslaromanica\/?p=24811"},"modified":"2025-02-17T12:32:50","modified_gmt":"2025-02-17T11:32:50","slug":"sortida-de-fp-al-museu-grifols","status":"publish","type":"post","link":"https:\/\/agora.xtec.cat\/ieslaromanica\/general\/sortida-de-fp-al-museu-grifols\/","title":{"rendered":"Sortida de FP al museu Grifols"},"content":{"rendered":"<p style=\"text-align: justify;\" data-pm-slice=\"1 1 []\">El passat dimarts 11 de febrer, les i els estudiants del cicle formatiu de Grau Superior de Laboratori d&#8217;An\u00e0lisi i Control de Qualitat van poder visitar el museu Grifols a Barcelona.<\/p>\n<p style=\"text-align: justify;\">L&#8217;empresa catalana Grifols els va donar l&#8217;oportunitat no nom\u00e9s de con\u00e8ixer la seva hist\u00f2ria i traject\u00f2ria de la companyia, sin\u00f3 que va participar de forma activa en la formaci\u00f3 del nostre alumnat a trav\u00e9s d&#8217;una confer\u00e8ncia t\u00e8cnica sobre el Control de Qualitat a la Ind\u00fastria Farmac\u00e8utica.<\/p>\n<p style=\"text-align: justify;\">Els i les alumnes van poder con\u00e8ixer de primera m\u00e0 algunes an\u00e0lisis i t\u00e8cniques anal\u00edtiques emprades en el dia a dia del control de qualitat d&#8217;alguns productes farmac\u00e8utics. Tot plegat els ha perm\u00e8s posar en context els seus aprenentatges te\u00f2ric-pr\u00e0ctics a l&#8217;institut, amb les aplicacions pr\u00e0ctiques dels mateixos en una empresa.<\/p>\n<p style=\"text-align: justify;\">Aprofitem la cr\u00f2nica per agrair a Grifols la seva col\u00b7laboraci\u00f3.<\/p>\n<p><a href=\"https:\/\/agora.xtec.cat\/ieslaromanica\/wp-content\/uploads\/usu857\/2025\/02\/Foto-Visita-Grifols-INS-La-Romanica_110225-scaled.jpg\"><img loading=\"lazy\" decoding=\"async\" class=\"alignnone size-large wp-image-24812\" src=\"https:\/\/agora.xtec.cat\/ieslaromanica\/wp-content\/uploads\/usu857\/2025\/02\/Foto-Visita-Grifols-INS-La-Romanica_110225-1024x768.jpg\" alt=\"\" width=\"1024\" height=\"768\" srcset=\"https:\/\/agora.xtec.cat\/ieslaromanica\/wp-content\/uploads\/usu857\/2025\/02\/Foto-Visita-Grifols-INS-La-Romanica_110225-1024x768.jpg 1024w, https:\/\/agora.xtec.cat\/ieslaromanica\/wp-content\/uploads\/usu857\/2025\/02\/Foto-Visita-Grifols-INS-La-Romanica_110225-300x225.jpg 300w, https:\/\/agora.xtec.cat\/ieslaromanica\/wp-content\/uploads\/usu857\/2025\/02\/Foto-Visita-Grifols-INS-La-Romanica_110225-768x576.jpg 768w, https:\/\/agora.xtec.cat\/ieslaromanica\/wp-content\/uploads\/usu857\/2025\/02\/Foto-Visita-Grifols-INS-La-Romanica_110225-1536x1152.jpg 1536w, https:\/\/agora.xtec.cat\/ieslaromanica\/wp-content\/uploads\/usu857\/2025\/02\/Foto-Visita-Grifols-INS-La-Romanica_110225-2048x1536.jpg 2048w, https:\/\/agora.xtec.cat\/ieslaromanica\/wp-content\/uploads\/usu857\/2025\/02\/Foto-Visita-Grifols-INS-La-Romanica_110225-200x150.jpg 200w\" sizes=\"auto, (max-width: 1024px) 100vw, 1024px\" \/><\/a><\/p>\n","protected":false},"excerpt":{"rendered":"<p>El passat dimarts 11 de febrer, les i els estudiants del cicle formatiu de Grau Superior de Laboratori d&#8217;An\u00e0lisi i Control de Qualitat van poder visitar el museu Grifols a Barcelona.<br \/>\nL&#8217;empresa catalana Grifols els va donar l&#8217;oportunitat no nom\u00e9s de con\u00e8ixer la seva hist\u00f2ria i&hellip;  <a href=\"https:\/\/agora.xtec.cat\/ieslaromanica\/general\/sortida-de-fp-al-museu-grifols\/\" title=\"Read Sortida de FP al museu Grifols\">Llegeix m\u00e9s\u00bb<\/a><\/p>\n","protected":false},"author":34,"featured_media":24812,"comment_status":"open","ping_status":"closed","sticky":false,"template":"","format":"standard","meta":{"_bbp_topic_count":0,"_bbp_reply_count":0,"_bbp_total_topic_count":0,"_bbp_total_reply_count":0,"_bbp_voice_count":0,"_bbp_anonymous_reply_count":0,"_bbp_topic_count_hidden":0,"_bbp_reply_count_hidden":0,"_bbp_forum_subforum_count":0,"footnotes":""},"categories":[1],"tags":[],"class_list":["post-24811","post","type-post","status-publish","format-standard","has-post-thumbnail","hentry","category-general"],"post_mailing_queue_ids":[],"_links":{"self":[{"href":"https:\/\/agora.xtec.cat\/ieslaromanica\/wp-json\/wp\/v2\/posts\/24811","targetHints":{"allow":["GET"]}}],"collection":[{"href":"https:\/\/agora.xtec.cat\/ieslaromanica\/wp-json\/wp\/v2\/posts"}],"about":[{"href":"https:\/\/agora.xtec.cat\/ieslaromanica\/wp-json\/wp\/v2\/types\/post"}],"author":[{"embeddable":true,"href":"https:\/\/agora.xtec.cat\/ieslaromanica\/wp-json\/wp\/v2\/users\/34"}],"replies":[{"embeddable":true,"href":"https:\/\/agora.xtec.cat\/ieslaromanica\/wp-json\/wp\/v2\/comments?post=24811"}],"version-history":[{"count":1,"href":"https:\/\/agora.xtec.cat\/ieslaromanica\/wp-json\/wp\/v2\/posts\/24811\/revisions"}],"predecessor-version":[{"id":24813,"href":"https:\/\/agora.xtec.cat\/ieslaromanica\/wp-json\/wp\/v2\/posts\/24811\/revisions\/24813"}],"wp:featuredmedia":[{"embeddable":true,"href":"https:\/\/agora.xtec.cat\/ieslaromanica\/wp-json\/wp\/v2\/media\/24812"}],"wp:attachment":[{"href":"https:\/\/agora.xtec.cat\/ieslaromanica\/wp-json\/wp\/v2\/media?parent=24811"}],"wp:term":[{"taxonomy":"category","embeddable":true,"href":"https:\/\/agora.xtec.cat\/ieslaromanica\/wp-json\/wp\/v2\/categories?post=24811"},{"taxonomy":"post_tag","embeddable":true,"href":"https:\/\/agora.xtec.cat\/ieslaromanica\/wp-json\/wp\/v2\/tags?post=24811"}],"curies":[{"name":"wp","href":"https:\/\/api.w.org\/{rel}","templated":true}]}}