{"id":24736,"date":"2025-01-14T12:18:39","date_gmt":"2025-01-14T11:18:39","guid":{"rendered":"https:\/\/agora.xtec.cat\/ieslaromanica\/?p=24736"},"modified":"2025-01-14T12:20:13","modified_gmt":"2025-01-14T11:20:13","slug":"repas-de-matematiques-en-tornar-de-vacances","status":"publish","type":"post","link":"https:\/\/agora.xtec.cat\/ieslaromanica\/general\/repas-de-matematiques-en-tornar-de-vacances\/","title":{"rendered":"Rep\u00e0s de matem\u00e0tiques en tornar de vacances!"},"content":{"rendered":"<p style=\"text-align: justify;\" data-pm-slice=\"1 1 []\">Tornar de les vacances de Nadal, despr\u00e9s de tres setmanes carregades de m\u00e0gia i emocions de tota mena, \u00e9s tot un repte. Reconnectar amb els coneixements del 1r trimestre i ressituar-nos a l&#8217;aula despr\u00e9s de tants dies sense veure&#8217;ns. Aqu\u00ed tenim fotografies d&#8217;alguna de les propostes que les nostres docents impulsen per fer aquest rep\u00e0s. En aquest cas, l&#8217;activitat feta a 1r d&#8217;ESO E per a recordar despr\u00e9s de vacances les operacions combinades amb nombres enters.<\/p>\n<p data-pm-slice=\"1 1 []\"><a href=\"https:\/\/agora.xtec.cat\/ieslaromanica\/wp-content\/uploads\/usu857\/2025\/01\/IMG_9326-scaled.jpg\"><img loading=\"lazy\" decoding=\"async\" class=\"alignnone size-large wp-image-24734\" src=\"https:\/\/agora.xtec.cat\/ieslaromanica\/wp-content\/uploads\/usu857\/2025\/01\/IMG_9326-1024x768.jpg\" alt=\"\" width=\"1024\" height=\"768\" srcset=\"https:\/\/agora.xtec.cat\/ieslaromanica\/wp-content\/uploads\/usu857\/2025\/01\/IMG_9326-1024x768.jpg 1024w, https:\/\/agora.xtec.cat\/ieslaromanica\/wp-content\/uploads\/usu857\/2025\/01\/IMG_9326-300x225.jpg 300w, https:\/\/agora.xtec.cat\/ieslaromanica\/wp-content\/uploads\/usu857\/2025\/01\/IMG_9326-768x576.jpg 768w, https:\/\/agora.xtec.cat\/ieslaromanica\/wp-content\/uploads\/usu857\/2025\/01\/IMG_9326-1536x1152.jpg 1536w, https:\/\/agora.xtec.cat\/ieslaromanica\/wp-content\/uploads\/usu857\/2025\/01\/IMG_9326-2048x1536.jpg 2048w, https:\/\/agora.xtec.cat\/ieslaromanica\/wp-content\/uploads\/usu857\/2025\/01\/IMG_9326-200x150.jpg 200w\" sizes=\"auto, (max-width: 1024px) 100vw, 1024px\" \/><\/a><\/p>\n<p data-pm-slice=\"1 1 []\"><a href=\"https:\/\/agora.xtec.cat\/ieslaromanica\/wp-content\/uploads\/usu857\/2025\/01\/IMG_9327-scaled.jpg\"><img loading=\"lazy\" decoding=\"async\" class=\"alignnone size-large wp-image-24735\" src=\"https:\/\/agora.xtec.cat\/ieslaromanica\/wp-content\/uploads\/usu857\/2025\/01\/IMG_9327-1024x768.jpg\" alt=\"\" width=\"1024\" height=\"768\" srcset=\"https:\/\/agora.xtec.cat\/ieslaromanica\/wp-content\/uploads\/usu857\/2025\/01\/IMG_9327-1024x768.jpg 1024w, https:\/\/agora.xtec.cat\/ieslaromanica\/wp-content\/uploads\/usu857\/2025\/01\/IMG_9327-300x225.jpg 300w, https:\/\/agora.xtec.cat\/ieslaromanica\/wp-content\/uploads\/usu857\/2025\/01\/IMG_9327-768x576.jpg 768w, https:\/\/agora.xtec.cat\/ieslaromanica\/wp-content\/uploads\/usu857\/2025\/01\/IMG_9327-1536x1152.jpg 1536w, https:\/\/agora.xtec.cat\/ieslaromanica\/wp-content\/uploads\/usu857\/2025\/01\/IMG_9327-2048x1536.jpg 2048w, https:\/\/agora.xtec.cat\/ieslaromanica\/wp-content\/uploads\/usu857\/2025\/01\/IMG_9327-200x150.jpg 200w\" sizes=\"auto, (max-width: 1024px) 100vw, 1024px\" \/><\/a><\/p>\n","protected":false},"excerpt":{"rendered":"<p>Tornar de les vacances de Nadal, despr\u00e9s de tres setmanes carregades de m\u00e0gia i emocions de tota mena, \u00e9s tot un repte. Reconnectar amb els coneixements del 1r trimestre i ressituar-nos a l&#8217;aula despr\u00e9s de tants dies sense veure&#8217;ns. Aqu\u00ed tenim fotografies d&#8217;alguna de les&hellip;  <a href=\"https:\/\/agora.xtec.cat\/ieslaromanica\/general\/repas-de-matematiques-en-tornar-de-vacances\/\" title=\"Read Rep\u00e0s de matem\u00e0tiques en tornar de vacances!\">Llegeix m\u00e9s\u00bb<\/a><\/p>\n","protected":false},"author":34,"featured_media":24737,"comment_status":"open","ping_status":"closed","sticky":false,"template":"","format":"standard","meta":{"_bbp_topic_count":0,"_bbp_reply_count":0,"_bbp_total_topic_count":0,"_bbp_total_reply_count":0,"_bbp_voice_count":0,"_bbp_anonymous_reply_count":0,"_bbp_topic_count_hidden":0,"_bbp_reply_count_hidden":0,"_bbp_forum_subforum_count":0,"footnotes":""},"categories":[1],"tags":[],"class_list":["post-24736","post","type-post","status-publish","format-standard","has-post-thumbnail","hentry","category-general"],"post_mailing_queue_ids":[],"_links":{"self":[{"href":"https:\/\/agora.xtec.cat\/ieslaromanica\/wp-json\/wp\/v2\/posts\/24736","targetHints":{"allow":["GET"]}}],"collection":[{"href":"https:\/\/agora.xtec.cat\/ieslaromanica\/wp-json\/wp\/v2\/posts"}],"about":[{"href":"https:\/\/agora.xtec.cat\/ieslaromanica\/wp-json\/wp\/v2\/types\/post"}],"author":[{"embeddable":true,"href":"https:\/\/agora.xtec.cat\/ieslaromanica\/wp-json\/wp\/v2\/users\/34"}],"replies":[{"embeddable":true,"href":"https:\/\/agora.xtec.cat\/ieslaromanica\/wp-json\/wp\/v2\/comments?post=24736"}],"version-history":[{"count":1,"href":"https:\/\/agora.xtec.cat\/ieslaromanica\/wp-json\/wp\/v2\/posts\/24736\/revisions"}],"predecessor-version":[{"id":24738,"href":"https:\/\/agora.xtec.cat\/ieslaromanica\/wp-json\/wp\/v2\/posts\/24736\/revisions\/24738"}],"wp:featuredmedia":[{"embeddable":true,"href":"https:\/\/agora.xtec.cat\/ieslaromanica\/wp-json\/wp\/v2\/media\/24737"}],"wp:attachment":[{"href":"https:\/\/agora.xtec.cat\/ieslaromanica\/wp-json\/wp\/v2\/media?parent=24736"}],"wp:term":[{"taxonomy":"category","embeddable":true,"href":"https:\/\/agora.xtec.cat\/ieslaromanica\/wp-json\/wp\/v2\/categories?post=24736"},{"taxonomy":"post_tag","embeddable":true,"href":"https:\/\/agora.xtec.cat\/ieslaromanica\/wp-json\/wp\/v2\/tags?post=24736"}],"curies":[{"name":"wp","href":"https:\/\/api.w.org\/{rel}","templated":true}]}}