{"id":24728,"date":"2024-12-19T20:23:55","date_gmt":"2024-12-19T19:23:55","guid":{"rendered":"https:\/\/agora.xtec.cat\/ieslaromanica\/?p=24728"},"modified":"2024-12-19T20:24:23","modified_gmt":"2024-12-19T19:24:23","slug":"tradicio-nadalenca-al-cicle-de-laboratori-danalisi-i-control-de-qualitat","status":"publish","type":"post","link":"https:\/\/agora.xtec.cat\/ieslaromanica\/general\/tradicio-nadalenca-al-cicle-de-laboratori-danalisi-i-control-de-qualitat\/","title":{"rendered":"Tradici\u00f3 nadalenca al cicle de Laboratori d&#8217;An\u00e0lisi i Control de Qualitat"},"content":{"rendered":"<p style=\"text-align: justify;\">Com cada any per aquestes dates, l&#8217;alumnat del cicle de <strong>Laboratori d&#8217;An\u00e0lisi i de Control de Qualitat<\/strong> del grup de mat\u00ed ha fet la seva tradicional fotografia nadalenca per felicitar el Nadal a tota la comunitat educativa i seguidors de l\u2019Institut La Rom\u00e0nica.<\/p>\n<p style=\"text-align: justify;\">Aquesta bonica tradici\u00f3, que fa anys que es mant\u00e9, ens recorda la import\u00e0ncia de compartir moments especials. De ben segur que les i els exalumnes que ens segueixen recordaran amb un somriure el dia que ells tamb\u00e9 van posar per a aquesta felicitaci\u00f3!<\/p>\n<p>Aprofitem l\u2019ocasi\u00f3 per desitjar-vos unes festes plenes de pau, alegria i bons moments!<\/p>\n<p>\u2728 <strong>Bon Nadal i feli\u00e7 2024!<\/strong> \ud83c\udf85<\/p>\n<p><a href=\"https:\/\/agora.xtec.cat\/ieslaromanica\/wp-content\/uploads\/usu857\/2024\/12\/20241219_100206-1-scaled.jpg\"><img loading=\"lazy\" decoding=\"async\" class=\"alignnone size-large wp-image-24729\" src=\"https:\/\/agora.xtec.cat\/ieslaromanica\/wp-content\/uploads\/usu857\/2024\/12\/20241219_100206-1-1024x577.jpg\" alt=\"\" width=\"1024\" height=\"577\" srcset=\"https:\/\/agora.xtec.cat\/ieslaromanica\/wp-content\/uploads\/usu857\/2024\/12\/20241219_100206-1-1024x577.jpg 1024w, https:\/\/agora.xtec.cat\/ieslaromanica\/wp-content\/uploads\/usu857\/2024\/12\/20241219_100206-1-300x169.jpg 300w, https:\/\/agora.xtec.cat\/ieslaromanica\/wp-content\/uploads\/usu857\/2024\/12\/20241219_100206-1-768x432.jpg 768w, https:\/\/agora.xtec.cat\/ieslaromanica\/wp-content\/uploads\/usu857\/2024\/12\/20241219_100206-1-1536x865.jpg 1536w, https:\/\/agora.xtec.cat\/ieslaromanica\/wp-content\/uploads\/usu857\/2024\/12\/20241219_100206-1-2048x1153.jpg 2048w\" sizes=\"auto, (max-width: 1024px) 100vw, 1024px\" \/><\/a><\/p>\n","protected":false},"excerpt":{"rendered":"<p>Com cada any per aquestes dates, l&#8217;alumnat del cicle de Laboratori d&#8217;An\u00e0lisi i de Control de Qualitat del grup de mat\u00ed ha fet la seva tradicional fotografia nadalenca per felicitar el Nadal a tota la comunitat educativa i seguidors de l\u2019Institut La Rom\u00e0nica.<br \/>\nAquesta bonica tradici\u00f3,&hellip;  <a href=\"https:\/\/agora.xtec.cat\/ieslaromanica\/general\/tradicio-nadalenca-al-cicle-de-laboratori-danalisi-i-control-de-qualitat\/\" title=\"Read Tradici\u00f3 nadalenca al cicle de Laboratori d&#8217;An\u00e0lisi i Control de Qualitat\">Llegeix m\u00e9s\u00bb<\/a><\/p>\n","protected":false},"author":34,"featured_media":24729,"comment_status":"open","ping_status":"closed","sticky":false,"template":"","format":"standard","meta":{"_bbp_topic_count":0,"_bbp_reply_count":0,"_bbp_total_topic_count":0,"_bbp_total_reply_count":0,"_bbp_voice_count":0,"_bbp_anonymous_reply_count":0,"_bbp_topic_count_hidden":0,"_bbp_reply_count_hidden":0,"_bbp_forum_subforum_count":0,"footnotes":""},"categories":[1],"tags":[],"class_list":["post-24728","post","type-post","status-publish","format-standard","has-post-thumbnail","hentry","category-general"],"post_mailing_queue_ids":[],"_links":{"self":[{"href":"https:\/\/agora.xtec.cat\/ieslaromanica\/wp-json\/wp\/v2\/posts\/24728","targetHints":{"allow":["GET"]}}],"collection":[{"href":"https:\/\/agora.xtec.cat\/ieslaromanica\/wp-json\/wp\/v2\/posts"}],"about":[{"href":"https:\/\/agora.xtec.cat\/ieslaromanica\/wp-json\/wp\/v2\/types\/post"}],"author":[{"embeddable":true,"href":"https:\/\/agora.xtec.cat\/ieslaromanica\/wp-json\/wp\/v2\/users\/34"}],"replies":[{"embeddable":true,"href":"https:\/\/agora.xtec.cat\/ieslaromanica\/wp-json\/wp\/v2\/comments?post=24728"}],"version-history":[{"count":1,"href":"https:\/\/agora.xtec.cat\/ieslaromanica\/wp-json\/wp\/v2\/posts\/24728\/revisions"}],"predecessor-version":[{"id":24730,"href":"https:\/\/agora.xtec.cat\/ieslaromanica\/wp-json\/wp\/v2\/posts\/24728\/revisions\/24730"}],"wp:featuredmedia":[{"embeddable":true,"href":"https:\/\/agora.xtec.cat\/ieslaromanica\/wp-json\/wp\/v2\/media\/24729"}],"wp:attachment":[{"href":"https:\/\/agora.xtec.cat\/ieslaromanica\/wp-json\/wp\/v2\/media?parent=24728"}],"wp:term":[{"taxonomy":"category","embeddable":true,"href":"https:\/\/agora.xtec.cat\/ieslaromanica\/wp-json\/wp\/v2\/categories?post=24728"},{"taxonomy":"post_tag","embeddable":true,"href":"https:\/\/agora.xtec.cat\/ieslaromanica\/wp-json\/wp\/v2\/tags?post=24728"}],"curies":[{"name":"wp","href":"https:\/\/api.w.org\/{rel}","templated":true}]}}