{"id":24618,"date":"2024-12-09T10:13:31","date_gmt":"2024-12-09T09:13:31","guid":{"rendered":"https:\/\/agora.xtec.cat\/ieslaromanica\/?p=24618"},"modified":"2024-12-09T10:13:31","modified_gmt":"2024-12-09T09:13:31","slug":"visita-als-laboratoris-farmaceutics-rubio","status":"publish","type":"post","link":"https:\/\/agora.xtec.cat\/ieslaromanica\/general\/visita-als-laboratoris-farmaceutics-rubio\/","title":{"rendered":"Visita als laboratoris farmac\u00e8utics RUBI\u00d3"},"content":{"rendered":"<p style=\"text-align: justify;\">L&#8217;alumnat del primer curs\u00a0de CGFS Laboratori d&#8217;An\u00e0lisi i de Control de Qualitat va visitar el passat 4 de desembre els laboratoris farmac\u00e8utics RUBI\u00d3, localitzats\u00a0a\u00a0Castellbisbal.\u00a0 Laboratoris Rubi\u00f3 va ser fundat en 1968 pels germans Salvador i Pelai Rubi\u00f3, farmac\u00e8utics de professi\u00f3, amb l&#8217;objectiu de comercialitzar medicaments que en aquella \u00e8poca no estaven disponibles al nostre Estat per ser tractaments de malalties de baixa prevalen\u00e7a. Avui dia, Rubi\u00f3 compta amb medicaments referents en el tractament de determinats\u00a0trastorns i malalties i,\u00a0aix\u00ed\u00a0mateix, ha entrat en altres\u00a0\u00e0rees de salut com s\u00f3n el diagn\u00f2stic i la nutrici\u00f3\u00a0cl\u00ednica. A m\u00e9s, Laboratoris\u00a0Rubi\u00f3\u00a0acull en\u00a0formaci\u00f3\u00a0Dual\u00a0a\u00a0alumnes dels nostres\u00a0cicles\u00a0formatius, tant en control de Qualitat\u00a0com\u00a0en producci\u00f3 dels f\u00e0rmacs.<\/p>\n<p>Una experi\u00e8ncia molt profitosa.<\/p>\n<p><a href=\"https:\/\/agora.xtec.cat\/ieslaromanica\/wp-content\/uploads\/usu857\/2024\/12\/Imatge-de-RUBIO_QUD0M1_04_12_24.jpg\"><img loading=\"lazy\" decoding=\"async\" class=\"alignnone size-large wp-image-24619\" src=\"https:\/\/agora.xtec.cat\/ieslaromanica\/wp-content\/uploads\/usu857\/2024\/12\/Imatge-de-RUBIO_QUD0M1_04_12_24-1024x768.jpg\" alt=\"\" width=\"1024\" height=\"768\" srcset=\"https:\/\/agora.xtec.cat\/ieslaromanica\/wp-content\/uploads\/usu857\/2024\/12\/Imatge-de-RUBIO_QUD0M1_04_12_24-1024x768.jpg 1024w, https:\/\/agora.xtec.cat\/ieslaromanica\/wp-content\/uploads\/usu857\/2024\/12\/Imatge-de-RUBIO_QUD0M1_04_12_24-300x225.jpg 300w, https:\/\/agora.xtec.cat\/ieslaromanica\/wp-content\/uploads\/usu857\/2024\/12\/Imatge-de-RUBIO_QUD0M1_04_12_24-768x576.jpg 768w, https:\/\/agora.xtec.cat\/ieslaromanica\/wp-content\/uploads\/usu857\/2024\/12\/Imatge-de-RUBIO_QUD0M1_04_12_24-1536x1152.jpg 1536w, https:\/\/agora.xtec.cat\/ieslaromanica\/wp-content\/uploads\/usu857\/2024\/12\/Imatge-de-RUBIO_QUD0M1_04_12_24-200x150.jpg 200w, https:\/\/agora.xtec.cat\/ieslaromanica\/wp-content\/uploads\/usu857\/2024\/12\/Imatge-de-RUBIO_QUD0M1_04_12_24.jpg 2016w\" sizes=\"auto, (max-width: 1024px) 100vw, 1024px\" \/><\/a><\/p>\n","protected":false},"excerpt":{"rendered":"<p>L&#8217;alumnat del primer curs\u00a0de CGFS Laboratori d&#8217;An\u00e0lisi i de Control de Qualitat va visitar el passat 4 de desembre els laboratoris farmac\u00e8utics RUBI\u00d3, localitzats\u00a0a\u00a0Castellbisbal.\u00a0 Laboratoris Rubi\u00f3 va ser fundat en 1968 pels germans Salvador i Pelai Rubi\u00f3, farmac\u00e8utics de professi\u00f3, amb l&#8217;objectiu de comercialitzar medicaments&hellip;  <a href=\"https:\/\/agora.xtec.cat\/ieslaromanica\/general\/visita-als-laboratoris-farmaceutics-rubio\/\" title=\"Read Visita als laboratoris farmac\u00e8utics RUBI\u00d3\">Llegeix m\u00e9s\u00bb<\/a><\/p>\n","protected":false},"author":34,"featured_media":24619,"comment_status":"open","ping_status":"closed","sticky":false,"template":"","format":"standard","meta":{"_bbp_topic_count":0,"_bbp_reply_count":0,"_bbp_total_topic_count":0,"_bbp_total_reply_count":0,"_bbp_voice_count":0,"_bbp_anonymous_reply_count":0,"_bbp_topic_count_hidden":0,"_bbp_reply_count_hidden":0,"_bbp_forum_subforum_count":0,"footnotes":""},"categories":[1],"tags":[],"class_list":["post-24618","post","type-post","status-publish","format-standard","has-post-thumbnail","hentry","category-general"],"post_mailing_queue_ids":[],"_links":{"self":[{"href":"https:\/\/agora.xtec.cat\/ieslaromanica\/wp-json\/wp\/v2\/posts\/24618","targetHints":{"allow":["GET"]}}],"collection":[{"href":"https:\/\/agora.xtec.cat\/ieslaromanica\/wp-json\/wp\/v2\/posts"}],"about":[{"href":"https:\/\/agora.xtec.cat\/ieslaromanica\/wp-json\/wp\/v2\/types\/post"}],"author":[{"embeddable":true,"href":"https:\/\/agora.xtec.cat\/ieslaromanica\/wp-json\/wp\/v2\/users\/34"}],"replies":[{"embeddable":true,"href":"https:\/\/agora.xtec.cat\/ieslaromanica\/wp-json\/wp\/v2\/comments?post=24618"}],"version-history":[{"count":1,"href":"https:\/\/agora.xtec.cat\/ieslaromanica\/wp-json\/wp\/v2\/posts\/24618\/revisions"}],"predecessor-version":[{"id":24620,"href":"https:\/\/agora.xtec.cat\/ieslaromanica\/wp-json\/wp\/v2\/posts\/24618\/revisions\/24620"}],"wp:featuredmedia":[{"embeddable":true,"href":"https:\/\/agora.xtec.cat\/ieslaromanica\/wp-json\/wp\/v2\/media\/24619"}],"wp:attachment":[{"href":"https:\/\/agora.xtec.cat\/ieslaromanica\/wp-json\/wp\/v2\/media?parent=24618"}],"wp:term":[{"taxonomy":"category","embeddable":true,"href":"https:\/\/agora.xtec.cat\/ieslaromanica\/wp-json\/wp\/v2\/categories?post=24618"},{"taxonomy":"post_tag","embeddable":true,"href":"https:\/\/agora.xtec.cat\/ieslaromanica\/wp-json\/wp\/v2\/tags?post=24618"}],"curies":[{"name":"wp","href":"https:\/\/api.w.org\/{rel}","templated":true}]}}