{"id":2458,"date":"2017-12-20T14:48:21","date_gmt":"2017-12-20T13:48:21","guid":{"rendered":"http:\/\/agora.xtec.cat\/ieslaromanica\/?p=2458"},"modified":"2017-12-20T14:55:25","modified_gmt":"2017-12-20T13:55:25","slug":"fp-dual-us-desitja-bones-festes-2","status":"publish","type":"post","link":"https:\/\/agora.xtec.cat\/ieslaromanica\/general\/fp-dual-us-desitja-bones-festes-2\/","title":{"rendered":"FP Dual us desitja BONES FESTES!"},"content":{"rendered":"<p style=\"text-align: justify;\">Us presentem el v\u00eddeo que Paco Santiago, professor de Formaci\u00f3 Professional del nostre centre, ha creat per tal de qu\u00e8 Carme Caparr\u00f3s, responsable d&#8217;FP Dual de l&#8217;Institut La Rom\u00e0nica, envi\u00e9s a les empreses que estan col\u00b7laborant en la formaci\u00f3 del nostre alumnat, agraint la seva tasca i desitjant-los unes Bones Festes:<\/p>\n<div style=\"width: 720px;\" class=\"wp-video\"><!--[if lt IE 9]><script>document.createElement('video');<\/script><![endif]-->\n<video class=\"wp-video-shortcode\" id=\"video-2458-1\" width=\"720\" height=\"576\" preload=\"metadata\" controls=\"controls\"><source type=\"video\/mp4\" src=\"http:\/\/agora.xtec.cat\/ieslaromanica\/wp-content\/uploads\/usu857\/2017\/12\/romanica_nadal_web.mp4?_=1\" \/><a href=\"http:\/\/agora.xtec.cat\/ieslaromanica\/wp-content\/uploads\/usu857\/2017\/12\/romanica_nadal_web.mp4\">http:\/\/agora.xtec.cat\/ieslaromanica\/wp-content\/uploads\/usu857\/2017\/12\/romanica_nadal_web.mp4<\/a><\/video><\/div>\n<div class=\"wp-video\"><\/div>\n<p style=\"text-align: justify;\">Com ja sabeu, des de fa temps, l&#8217;Institut La Rom\u00e0nica treballa per aconseguir fer realitat una Formaci\u00f3 per al Treball de Qualitat a trav\u00e9s de la Formaci\u00f3 Professional Dual. Aquesta formaci\u00f3 no seria possible sense la col\u00b7laboraci\u00f3 de les empreses del sector qu\u00edmic. Des del 2014 impartim al nostre centre l\u2019FP Dual com model de Formaci\u00f3, que permet:<\/p>\n<ul>\n<li>A les empreses, millorar els processos de detecci\u00f3 de talents, aix\u00ed com incrementar la competitivitat de l\u2019empresa<\/li>\n<li>A l\u2019alumnat, aconseguir una qualificaci\u00f3 professional que els permeti millorar els seus CV\u2019s<\/li>\n<\/ul>\n<p><strong><em>BONES FESTES I\u00a0 FELI\u00c7 2018!<\/em><\/strong><\/p>\n","protected":false},"excerpt":{"rendered":"<p>Us presentem el v\u00eddeo que Paco Santiago, professor de Formaci\u00f3 Professional del nostre centre, ha creat per tal de qu\u00e8 Carme Caparr\u00f3s, responsable d&#8217;FP Dual de l&#8217;Institut La Rom\u00e0nica, envi\u00e9s a les empreses que estan col\u00b7laborant en la formaci\u00f3 del nostre alumnat, agraint la seva&hellip;  <a href=\"https:\/\/agora.xtec.cat\/ieslaromanica\/general\/fp-dual-us-desitja-bones-festes-2\/\" title=\"Read FP Dual us desitja BONES FESTES!\">Llegeix m\u00e9s\u00bb<\/a><\/p>\n","protected":false},"author":3,"featured_media":2353,"comment_status":"open","ping_status":"closed","sticky":false,"template":"","format":"standard","meta":{"_bbp_topic_count":0,"_bbp_reply_count":0,"_bbp_total_topic_count":0,"_bbp_total_reply_count":0,"_bbp_voice_count":0,"_bbp_anonymous_reply_count":0,"_bbp_topic_count_hidden":0,"_bbp_reply_count_hidden":0,"_bbp_forum_subforum_count":0,"footnotes":""},"categories":[1],"tags":[],"class_list":["post-2458","post","type-post","status-publish","format-standard","has-post-thumbnail","hentry","category-general"],"post_mailing_queue_ids":[],"_links":{"self":[{"href":"https:\/\/agora.xtec.cat\/ieslaromanica\/wp-json\/wp\/v2\/posts\/2458","targetHints":{"allow":["GET"]}}],"collection":[{"href":"https:\/\/agora.xtec.cat\/ieslaromanica\/wp-json\/wp\/v2\/posts"}],"about":[{"href":"https:\/\/agora.xtec.cat\/ieslaromanica\/wp-json\/wp\/v2\/types\/post"}],"author":[{"embeddable":true,"href":"https:\/\/agora.xtec.cat\/ieslaromanica\/wp-json\/wp\/v2\/users\/3"}],"replies":[{"embeddable":true,"href":"https:\/\/agora.xtec.cat\/ieslaromanica\/wp-json\/wp\/v2\/comments?post=2458"}],"version-history":[{"count":2,"href":"https:\/\/agora.xtec.cat\/ieslaromanica\/wp-json\/wp\/v2\/posts\/2458\/revisions"}],"predecessor-version":[{"id":2460,"href":"https:\/\/agora.xtec.cat\/ieslaromanica\/wp-json\/wp\/v2\/posts\/2458\/revisions\/2460"}],"wp:featuredmedia":[{"embeddable":true,"href":"https:\/\/agora.xtec.cat\/ieslaromanica\/wp-json\/wp\/v2\/media\/2353"}],"wp:attachment":[{"href":"https:\/\/agora.xtec.cat\/ieslaromanica\/wp-json\/wp\/v2\/media?parent=2458"}],"wp:term":[{"taxonomy":"category","embeddable":true,"href":"https:\/\/agora.xtec.cat\/ieslaromanica\/wp-json\/wp\/v2\/categories?post=2458"},{"taxonomy":"post_tag","embeddable":true,"href":"https:\/\/agora.xtec.cat\/ieslaromanica\/wp-json\/wp\/v2\/tags?post=2458"}],"curies":[{"name":"wp","href":"https:\/\/api.w.org\/{rel}","templated":true}]}}