{"id":24562,"date":"2024-11-08T16:00:49","date_gmt":"2024-11-08T15:00:49","guid":{"rendered":"https:\/\/agora.xtec.cat\/ieslaromanica\/?p=24562"},"modified":"2024-11-08T16:09:20","modified_gmt":"2024-11-08T15:09:20","slug":"1r-deso-de-nou-a-la-piscina","status":"publish","type":"post","link":"https:\/\/agora.xtec.cat\/ieslaromanica\/general\/1r-deso-de-nou-a-la-piscina\/","title":{"rendered":"1r d&#8217;ESO, de nou, a la piscina!"},"content":{"rendered":"<p style=\"text-align: justify;\">Com cada curs l&#8217;alumnat de 1r ESO prenen classes de nataci\u00f3 durant un trimestre, com a part de l&#8217;assignatura d&#8217;Educaci\u00f3 F\u00ecsica. Aprenen i milloren la seva habilitat en el medi aqu\u00e0tic i s&#8217;ho passen d&#8217;all\u00f2 m\u00e9s b\u00e9.<\/p>\n<p><a href=\"https:\/\/agora.xtec.cat\/ieslaromanica\/wp-content\/uploads\/usu857\/2024\/11\/IMG-20241107-WA0019.jpg\"><img loading=\"lazy\" decoding=\"async\" class=\"size-large wp-image-24559 aligncenter\" src=\"https:\/\/agora.xtec.cat\/ieslaromanica\/wp-content\/uploads\/usu857\/2024\/11\/IMG-20241107-WA0019-1024x918.jpg\" alt=\"\" width=\"1024\" height=\"918\" srcset=\"https:\/\/agora.xtec.cat\/ieslaromanica\/wp-content\/uploads\/usu857\/2024\/11\/IMG-20241107-WA0019-1024x918.jpg 1024w, https:\/\/agora.xtec.cat\/ieslaromanica\/wp-content\/uploads\/usu857\/2024\/11\/IMG-20241107-WA0019-300x269.jpg 300w, https:\/\/agora.xtec.cat\/ieslaromanica\/wp-content\/uploads\/usu857\/2024\/11\/IMG-20241107-WA0019-768x688.jpg 768w, https:\/\/agora.xtec.cat\/ieslaromanica\/wp-content\/uploads\/usu857\/2024\/11\/IMG-20241107-WA0019-1536x1376.jpg 1536w, https:\/\/agora.xtec.cat\/ieslaromanica\/wp-content\/uploads\/usu857\/2024\/11\/IMG-20241107-WA0019.jpg 2048w\" sizes=\"auto, (max-width: 1024px) 100vw, 1024px\" \/><\/a><\/p>\n<p style=\"text-align: center;\"><a href=\"https:\/\/agora.xtec.cat\/ieslaromanica\/wp-content\/uploads\/usu857\/2024\/11\/IMG-20241107-WA0016.jpg\"><img loading=\"lazy\" decoding=\"async\" class=\"alignnone size-large wp-image-24558\" src=\"https:\/\/agora.xtec.cat\/ieslaromanica\/wp-content\/uploads\/usu857\/2024\/11\/IMG-20241107-WA0016-736x1024.jpg\" alt=\"\" width=\"736\" height=\"1024\" srcset=\"https:\/\/agora.xtec.cat\/ieslaromanica\/wp-content\/uploads\/usu857\/2024\/11\/IMG-20241107-WA0016-736x1024.jpg 736w, https:\/\/agora.xtec.cat\/ieslaromanica\/wp-content\/uploads\/usu857\/2024\/11\/IMG-20241107-WA0016-215x300.jpg 215w, https:\/\/agora.xtec.cat\/ieslaromanica\/wp-content\/uploads\/usu857\/2024\/11\/IMG-20241107-WA0016-768x1069.jpg 768w, https:\/\/agora.xtec.cat\/ieslaromanica\/wp-content\/uploads\/usu857\/2024\/11\/IMG-20241107-WA0016-1103x1536.jpg 1103w, https:\/\/agora.xtec.cat\/ieslaromanica\/wp-content\/uploads\/usu857\/2024\/11\/IMG-20241107-WA0016.jpg 1471w\" sizes=\"auto, (max-width: 736px) 100vw, 736px\" \/><\/a><\/p>\n","protected":false},"excerpt":{"rendered":"<p>Com cada curs l&#8217;alumnat de 1r ESO prenen classes de nataci\u00f3 durant un trimestre, com a part de l&#8217;assignatura d&#8217;Educaci\u00f3 F\u00ecsica. Aprenen i milloren la seva habilitat en el medi aqu\u00e0tic i s&#8217;ho passen d&#8217;all\u00f2 m\u00e9s b\u00e9.<br \/>\n<a href=\"https:\/\/agora.xtec.cat\/ieslaromanica\/wp-content\/uploads\/usu857\/2024\/11\/IMG-20241107-WA0019.jpg\"><\/a><br \/>\n<a href=\"https:\/\/agora.xtec.cat\/ieslaromanica\/wp-content\/uploads\/usu857\/2024\/11\/IMG-20241107-WA0016.jpg\"><\/a><\/p>\n","protected":false},"author":34,"featured_media":24560,"comment_status":"open","ping_status":"closed","sticky":false,"template":"","format":"standard","meta":{"_bbp_topic_count":0,"_bbp_reply_count":0,"_bbp_total_topic_count":0,"_bbp_total_reply_count":0,"_bbp_voice_count":0,"_bbp_anonymous_reply_count":0,"_bbp_topic_count_hidden":0,"_bbp_reply_count_hidden":0,"_bbp_forum_subforum_count":0,"footnotes":""},"categories":[1],"tags":[],"class_list":["post-24562","post","type-post","status-publish","format-standard","has-post-thumbnail","hentry","category-general"],"post_mailing_queue_ids":[],"_links":{"self":[{"href":"https:\/\/agora.xtec.cat\/ieslaromanica\/wp-json\/wp\/v2\/posts\/24562","targetHints":{"allow":["GET"]}}],"collection":[{"href":"https:\/\/agora.xtec.cat\/ieslaromanica\/wp-json\/wp\/v2\/posts"}],"about":[{"href":"https:\/\/agora.xtec.cat\/ieslaromanica\/wp-json\/wp\/v2\/types\/post"}],"author":[{"embeddable":true,"href":"https:\/\/agora.xtec.cat\/ieslaromanica\/wp-json\/wp\/v2\/users\/34"}],"replies":[{"embeddable":true,"href":"https:\/\/agora.xtec.cat\/ieslaromanica\/wp-json\/wp\/v2\/comments?post=24562"}],"version-history":[{"count":1,"href":"https:\/\/agora.xtec.cat\/ieslaromanica\/wp-json\/wp\/v2\/posts\/24562\/revisions"}],"predecessor-version":[{"id":24563,"href":"https:\/\/agora.xtec.cat\/ieslaromanica\/wp-json\/wp\/v2\/posts\/24562\/revisions\/24563"}],"wp:featuredmedia":[{"embeddable":true,"href":"https:\/\/agora.xtec.cat\/ieslaromanica\/wp-json\/wp\/v2\/media\/24560"}],"wp:attachment":[{"href":"https:\/\/agora.xtec.cat\/ieslaromanica\/wp-json\/wp\/v2\/media?parent=24562"}],"wp:term":[{"taxonomy":"category","embeddable":true,"href":"https:\/\/agora.xtec.cat\/ieslaromanica\/wp-json\/wp\/v2\/categories?post=24562"},{"taxonomy":"post_tag","embeddable":true,"href":"https:\/\/agora.xtec.cat\/ieslaromanica\/wp-json\/wp\/v2\/tags?post=24562"}],"curies":[{"name":"wp","href":"https:\/\/api.w.org\/{rel}","templated":true}]}}