{"id":24510,"date":"2024-10-18T11:40:31","date_gmt":"2024-10-18T09:40:31","guid":{"rendered":"https:\/\/agora.xtec.cat\/ieslaromanica\/?p=24510"},"modified":"2024-12-02T12:43:50","modified_gmt":"2024-12-02T11:43:50","slug":"pas-lanima-invisible-del-nostre-centre","status":"publish","type":"post","link":"https:\/\/agora.xtec.cat\/ieslaromanica\/general\/pas-lanima-invisible-del-nostre-centre\/","title":{"rendered":"PAS: L&#8217;\u00e0nima invisible del nostre centre"},"content":{"rendered":"<p style=\"text-align: justify;\">Quan parlem de la nostra comunitat educativa, \u00e9s f\u00e0cil centrar-se en el nostre alumnat, docents i educadores, i de forma m\u00e9s externa en les fam\u00edlies, per\u00f2 sovint passem per alt una branca fonamental que ho sustenta tot: el\u00a0<strong>Personal d&#8217;Administraci\u00f3 i Serveis (PAS)<\/strong>. Elles s\u00f3n el cor discret que fa bategar el centre, la m\u00e0 invisible que fa que tot funcioni. Avui, volem dedicar-los aquest espai per agrair la seva feina inestimable, moltes vegades silenciosa, per\u00f2 imprescindible.<\/p>\n<p style=\"text-align: justify;\">Gr\u00e0cies a elles, cada dia quan arribem, les aules estan netes i preparades, les instal\u00b7lacions en ordre i tot en el seu lloc. Gr\u00e0cies al seu treball, els tr\u00e0mits m\u00e9s complexos, com les matriculacions o la gesti\u00f3 de documentaci\u00f3, es realitzen amb precisi\u00f3 i professionalitat. Elles gestionen les fotoc\u00f2pies que fem servir per ensenyar, s&#8217;encarreguen de les trucades que rebem, obren les portes del centre cada mat\u00ed i solucionen qualsevol imprevist que sorgeixi. I tot aix\u00f2 ho fan amb una entrega que sovint passa desapercebuda.<\/p>\n<p style=\"text-align: justify;\">Per\u00f2 la seva tasca va m\u00e9s enll\u00e0 de les funcions administratives i de manteniment. El\u00a0<strong>PAS<\/strong>\u00a0\u00e9s un grup hum\u00e0 que coneixem b\u00e9, persones properes que sempre tenen una paraula amable o un somriure per oferir, encara que tinguin un dia atrafegat. Sense elles, no nom\u00e9s el centre no funcionaria com ho fa; simplement no seria el mateix lloc. S\u00f3n les que creen l&#8217;atmosfera que ens permet a totes, docents i estudiants, centrar-nos en l&#8217;aprenentatge i en la conviv\u00e8ncia.<\/p>\n<p style=\"text-align: justify;\">Aix\u00ed doncs, avui ens aturem un moment per recon\u00e8ixer i agrair la seva tasca. Perqu\u00e8 si sovint no les veiem, \u00e9s perqu\u00e8 ho fan tot tan b\u00e9 que sembla que funcioni sol. Per\u00f2 sabem que darrere de cada detall hi ha el seu esfor\u00e7, dedicaci\u00f3 i professionalitat.<\/p>\n<p style=\"text-align: justify;\">Gr\u00e0cies,\u00a0<strong>PAS<\/strong>, per ser-hi sempre, per la vostra feina, el vostre comprom\u00eds i la vostra implicaci\u00f3. El centre educatiu que tant estimem no seria possible sense vosaltres.<\/p>\n","protected":false},"excerpt":{"rendered":"<p>Quan parlem de la nostra comunitat educativa, \u00e9s f\u00e0cil centrar-se en el nostre alumnat, docents i educadores, i de forma m\u00e9s externa en les fam\u00edlies, per\u00f2 sovint passem per alt una branca fonamental que ho sustenta tot: el\u00a0Personal d&#8217;Administraci\u00f3 i Serveis (PAS). Elles s\u00f3n el&hellip;  <a href=\"https:\/\/agora.xtec.cat\/ieslaromanica\/general\/pas-lanima-invisible-del-nostre-centre\/\" title=\"Read PAS: L&#8217;\u00e0nima invisible del nostre centre\">Llegeix m\u00e9s\u00bb<\/a><\/p>\n","protected":false},"author":34,"featured_media":0,"comment_status":"open","ping_status":"closed","sticky":false,"template":"","format":"standard","meta":{"_bbp_topic_count":0,"_bbp_reply_count":0,"_bbp_total_topic_count":0,"_bbp_total_reply_count":0,"_bbp_voice_count":0,"_bbp_anonymous_reply_count":0,"_bbp_topic_count_hidden":0,"_bbp_reply_count_hidden":0,"_bbp_forum_subforum_count":0,"footnotes":""},"categories":[1],"tags":[],"class_list":["post-24510","post","type-post","status-publish","format-standard","hentry","category-general"],"post_mailing_queue_ids":[],"_links":{"self":[{"href":"https:\/\/agora.xtec.cat\/ieslaromanica\/wp-json\/wp\/v2\/posts\/24510","targetHints":{"allow":["GET"]}}],"collection":[{"href":"https:\/\/agora.xtec.cat\/ieslaromanica\/wp-json\/wp\/v2\/posts"}],"about":[{"href":"https:\/\/agora.xtec.cat\/ieslaromanica\/wp-json\/wp\/v2\/types\/post"}],"author":[{"embeddable":true,"href":"https:\/\/agora.xtec.cat\/ieslaromanica\/wp-json\/wp\/v2\/users\/34"}],"replies":[{"embeddable":true,"href":"https:\/\/agora.xtec.cat\/ieslaromanica\/wp-json\/wp\/v2\/comments?post=24510"}],"version-history":[{"count":2,"href":"https:\/\/agora.xtec.cat\/ieslaromanica\/wp-json\/wp\/v2\/posts\/24510\/revisions"}],"predecessor-version":[{"id":24609,"href":"https:\/\/agora.xtec.cat\/ieslaromanica\/wp-json\/wp\/v2\/posts\/24510\/revisions\/24609"}],"wp:attachment":[{"href":"https:\/\/agora.xtec.cat\/ieslaromanica\/wp-json\/wp\/v2\/media?parent=24510"}],"wp:term":[{"taxonomy":"category","embeddable":true,"href":"https:\/\/agora.xtec.cat\/ieslaromanica\/wp-json\/wp\/v2\/categories?post=24510"},{"taxonomy":"post_tag","embeddable":true,"href":"https:\/\/agora.xtec.cat\/ieslaromanica\/wp-json\/wp\/v2\/tags?post=24510"}],"curies":[{"name":"wp","href":"https:\/\/api.w.org\/{rel}","templated":true}]}}