{"id":24508,"date":"2024-10-15T18:52:08","date_gmt":"2024-10-15T16:52:08","guid":{"rendered":"https:\/\/agora.xtec.cat\/ieslaromanica\/?p=24508"},"modified":"2024-10-15T19:02:10","modified_gmt":"2024-10-15T17:02:10","slug":"concursos-castanyada-2024","status":"publish","type":"post","link":"https:\/\/agora.xtec.cat\/ieslaromanica\/general\/concursos-castanyada-2024\/","title":{"rendered":"CONCURSOS CASTANYADA 2024"},"content":{"rendered":"<p style=\"text-align: justify;\"><strong>De nou, des de l\u2019AFA de l\u2019Institut La Rom\u00e0nica ens proposen dos concursos per aquesta\u00a0Castanyada!<\/strong> Un concurs de curtmetratges de por per a la festivitat de Halloween, presentat com CRIT EN PANTALLA, i un concurs de la FOTOGRAFIA M\u00c9S TERROR\u00cdFICA. En el primer cas, obert a alumnes s\u00f2cies i socis de l\u2019AFA, el premi \u00e9s anar a Port Aventura. En el segon, obert a tota persona de la comunitat educativa del centre, el premi s\u00f3n entrades pel Salting!<\/p>\n<p style=\"text-align: center;\"><a href=\"https:\/\/agora.xtec.cat\/ieslaromanica\/wp-content\/uploads\/usu857\/2024\/10\/Concurs-CRIT-EN-PANTALLA-2024.pdf\">BASES CRIT EN PANTALLA 2024<\/a><\/p>\n<p style=\"text-align: center;\"><a href=\"https:\/\/agora.xtec.cat\/ieslaromanica\/wp-content\/uploads\/usu857\/2023\/10\/Concurs-La-Fotografia-mes-terrorifica.pdf\">BASES FOTOGRAFIA M\u00c9S TERROR\u00cdFICA 2024<\/a><\/p>\n<p style=\"text-align: justify;\"><strong>Us animem a participar<\/strong>\u00a0i, aix\u00ed, ajudar a convertir en un \u00e8xit aquestes iniciatives!\u00a0<strong>Us adjuntem\u00a0els cartells dels concursos i les bases<\/strong> corresponents perqu\u00e8 pugueu fer-ne difusi\u00f3 a tothom! Teniu temps fins al 3 de novembre per enviar les vostres propostes!<\/p>\n<p style=\"text-align: justify;\">Recordeu que estem a la vostra disposici\u00f3 per qualsevol proposta o suggeriment que tingueu!<\/p>\n<p style=\"text-align: justify;\">Per a\u00a0<strong>qualsevol consulta<\/strong>\u00a0sobre els concursos contacteu directament amb l\u2019AFA, a trav\u00e9s de l\u2019adre\u00e7a electr\u00f2nica\u00a0<strong><a href=\"mailto:ampalaromanica@gmail.com\" target=\"_blank\" rel=\"noopener noreferrer\">ampalaromanica@<wbr \/>gmail.com<\/a><\/strong><\/p>\n<p style=\"text-align: justify;\">Moltes gr\u00e0cies per la vostra col\u00b7laboraci\u00f3 i\u00a0<strong>VISCA L\u2019INSTITUT LA ROM\u00c0NICA! ARA I SEMPRE!<\/strong><\/p>\n<p><a href=\"https:\/\/agora.xtec.cat\/ieslaromanica\/wp-content\/uploads\/usu857\/2024\/10\/Concurs-CRIT-EN-PANTALLA-2024-scaled.jpg\"><img loading=\"lazy\" decoding=\"async\" class=\"size-large wp-image-24505 aligncenter\" src=\"https:\/\/agora.xtec.cat\/ieslaromanica\/wp-content\/uploads\/usu857\/2024\/10\/Concurs-CRIT-EN-PANTALLA-2024-1024x683.jpg\" alt=\"\" width=\"1024\" height=\"683\" srcset=\"https:\/\/agora.xtec.cat\/ieslaromanica\/wp-content\/uploads\/usu857\/2024\/10\/Concurs-CRIT-EN-PANTALLA-2024-1024x683.jpg 1024w, https:\/\/agora.xtec.cat\/ieslaromanica\/wp-content\/uploads\/usu857\/2024\/10\/Concurs-CRIT-EN-PANTALLA-2024-300x200.jpg 300w, https:\/\/agora.xtec.cat\/ieslaromanica\/wp-content\/uploads\/usu857\/2024\/10\/Concurs-CRIT-EN-PANTALLA-2024-768x512.jpg 768w, https:\/\/agora.xtec.cat\/ieslaromanica\/wp-content\/uploads\/usu857\/2024\/10\/Concurs-CRIT-EN-PANTALLA-2024-1536x1024.jpg 1536w, https:\/\/agora.xtec.cat\/ieslaromanica\/wp-content\/uploads\/usu857\/2024\/10\/Concurs-CRIT-EN-PANTALLA-2024-2048x1365.jpg 2048w\" sizes=\"auto, (max-width: 1024px) 100vw, 1024px\" \/><\/a> <a href=\"https:\/\/agora.xtec.cat\/ieslaromanica\/wp-content\/uploads\/usu857\/2024\/10\/Concurs-La-Fotografia-mes-terrorifica-2024-scaled.jpg\"><img loading=\"lazy\" decoding=\"async\" class=\"size-large wp-image-24506 aligncenter\" src=\"https:\/\/agora.xtec.cat\/ieslaromanica\/wp-content\/uploads\/usu857\/2024\/10\/Concurs-La-Fotografia-mes-terrorifica-2024-1024x683.jpg\" alt=\"\" width=\"1024\" height=\"683\" srcset=\"https:\/\/agora.xtec.cat\/ieslaromanica\/wp-content\/uploads\/usu857\/2024\/10\/Concurs-La-Fotografia-mes-terrorifica-2024-1024x683.jpg 1024w, https:\/\/agora.xtec.cat\/ieslaromanica\/wp-content\/uploads\/usu857\/2024\/10\/Concurs-La-Fotografia-mes-terrorifica-2024-300x200.jpg 300w, https:\/\/agora.xtec.cat\/ieslaromanica\/wp-content\/uploads\/usu857\/2024\/10\/Concurs-La-Fotografia-mes-terrorifica-2024-768x512.jpg 768w, https:\/\/agora.xtec.cat\/ieslaromanica\/wp-content\/uploads\/usu857\/2024\/10\/Concurs-La-Fotografia-mes-terrorifica-2024-1536x1024.jpg 1536w, https:\/\/agora.xtec.cat\/ieslaromanica\/wp-content\/uploads\/usu857\/2024\/10\/Concurs-La-Fotografia-mes-terrorifica-2024-2048x1365.jpg 2048w\" sizes=\"auto, (max-width: 1024px) 100vw, 1024px\" \/><\/a><\/p>\n","protected":false},"excerpt":{"rendered":"<p>De nou, des de l\u2019AFA de l\u2019Institut La Rom\u00e0nica ens proposen dos concursos per aquesta\u00a0Castanyada! Un concurs de curtmetratges de por per a la festivitat de Halloween, presentat com CRIT EN PANTALLA, i un concurs de la FOTOGRAFIA M\u00c9S TERROR\u00cdFICA. En el primer cas, obert&hellip;  <a href=\"https:\/\/agora.xtec.cat\/ieslaromanica\/general\/concursos-castanyada-2024\/\" title=\"Read CONCURSOS CASTANYADA 2024\">Llegeix m\u00e9s\u00bb<\/a><\/p>\n","protected":false},"author":34,"featured_media":24505,"comment_status":"open","ping_status":"closed","sticky":false,"template":"","format":"standard","meta":{"_bbp_topic_count":0,"_bbp_reply_count":0,"_bbp_total_topic_count":0,"_bbp_total_reply_count":0,"_bbp_voice_count":0,"_bbp_anonymous_reply_count":0,"_bbp_topic_count_hidden":0,"_bbp_reply_count_hidden":0,"_bbp_forum_subforum_count":0,"footnotes":""},"categories":[1],"tags":[],"class_list":["post-24508","post","type-post","status-publish","format-standard","has-post-thumbnail","hentry","category-general"],"post_mailing_queue_ids":[],"_links":{"self":[{"href":"https:\/\/agora.xtec.cat\/ieslaromanica\/wp-json\/wp\/v2\/posts\/24508","targetHints":{"allow":["GET"]}}],"collection":[{"href":"https:\/\/agora.xtec.cat\/ieslaromanica\/wp-json\/wp\/v2\/posts"}],"about":[{"href":"https:\/\/agora.xtec.cat\/ieslaromanica\/wp-json\/wp\/v2\/types\/post"}],"author":[{"embeddable":true,"href":"https:\/\/agora.xtec.cat\/ieslaromanica\/wp-json\/wp\/v2\/users\/34"}],"replies":[{"embeddable":true,"href":"https:\/\/agora.xtec.cat\/ieslaromanica\/wp-json\/wp\/v2\/comments?post=24508"}],"version-history":[{"count":1,"href":"https:\/\/agora.xtec.cat\/ieslaromanica\/wp-json\/wp\/v2\/posts\/24508\/revisions"}],"predecessor-version":[{"id":24509,"href":"https:\/\/agora.xtec.cat\/ieslaromanica\/wp-json\/wp\/v2\/posts\/24508\/revisions\/24509"}],"wp:featuredmedia":[{"embeddable":true,"href":"https:\/\/agora.xtec.cat\/ieslaromanica\/wp-json\/wp\/v2\/media\/24505"}],"wp:attachment":[{"href":"https:\/\/agora.xtec.cat\/ieslaromanica\/wp-json\/wp\/v2\/media?parent=24508"}],"wp:term":[{"taxonomy":"category","embeddable":true,"href":"https:\/\/agora.xtec.cat\/ieslaromanica\/wp-json\/wp\/v2\/categories?post=24508"},{"taxonomy":"post_tag","embeddable":true,"href":"https:\/\/agora.xtec.cat\/ieslaromanica\/wp-json\/wp\/v2\/tags?post=24508"}],"curies":[{"name":"wp","href":"https:\/\/api.w.org\/{rel}","templated":true}]}}