{"id":2441,"date":"2017-12-19T11:35:11","date_gmt":"2017-12-19T10:35:11","guid":{"rendered":"http:\/\/agora.xtec.cat\/ieslaromanica\/?p=2441"},"modified":"2017-12-19T11:35:11","modified_gmt":"2017-12-19T10:35:11","slug":"sortida-amb-4rt-deso-a-lexposicio-andy-warhol","status":"publish","type":"post","link":"https:\/\/agora.xtec.cat\/ieslaromanica\/general\/sortida-amb-4rt-deso-a-lexposicio-andy-warhol\/","title":{"rendered":"Sortida amb 4rt d&#8217;ESO a l&#8217;exposici\u00f3 Andy Warhol"},"content":{"rendered":"<h3 class=\"p1\"><strong>4rt d&#8217;ESO visitem l&#8217;exposici\u00f3 &#8220;Andy Warhol. L\u2019art mec\u00e0nic&#8221; al CaixaF\u00f2rum<br \/>\n<\/strong><\/h3>\n<h3 class=\"p1\"><strong>\u00a0<\/strong><\/h3>\n<p><a href=\"http:\/\/agora.xtec.cat\/ieslaromanica\/wp-content\/uploads\/usu857\/2017\/02\/act93200260.jpg\"><img loading=\"lazy\" decoding=\"async\" class=\"alignnone size-large wp-image-2436\" src=\"http:\/\/agora.xtec.cat\/ieslaromanica\/wp-content\/uploads\/usu857\/2017\/02\/act93200260-1024x389.jpg\" alt=\"\" width=\"1024\" height=\"389\" srcset=\"https:\/\/agora.xtec.cat\/ieslaromanica\/wp-content\/uploads\/usu857\/2017\/02\/act93200260-1024x389.jpg 1024w, https:\/\/agora.xtec.cat\/ieslaromanica\/wp-content\/uploads\/usu857\/2017\/02\/act93200260-300x114.jpg 300w, https:\/\/agora.xtec.cat\/ieslaromanica\/wp-content\/uploads\/usu857\/2017\/02\/act93200260-768x292.jpg 768w, https:\/\/agora.xtec.cat\/ieslaromanica\/wp-content\/uploads\/usu857\/2017\/02\/act93200260.jpg 1500w\" sizes=\"auto, (max-width: 1024px) 100vw, 1024px\" \/><\/a><\/p>\n<p class=\"p1\" style=\"text-align: justify;\">El 14 de desembre de 2017 l&#8217;alumnat de 4rt d&#8217;ESO de l\u2019optativa d&#8217;Educaci\u00f3 Visual i Pl\u00e0stica vam visitar l\u2019exposici\u00f3 &#8220;<strong>Andy Warhol. L\u2019art mec\u00e0nic&#8221;<\/strong> al CaixaForum. All\u00ed vam fer un recorregut per con\u00e8ixer l\u2019evoluci\u00f3 de la seva obra.<\/p>\n<p class=\"p1\" style=\"text-align: justify;\"><span class=\"s1\">Les primeres il\u00b7lustracions ja van despertar la nostra curiositat per l\u2019artista. Objectes quotidians, anuncis publicitaris i repeticions s\u00f3n una constant ja des dels primers treballs del pintor. Vam continuar la visita fins a topar-nos amb les obres m\u00e9s conegudes, els retrats pop de personatges com Marilyn Monroe, Mick Jagguer, Mao Zedong o el mateix Warhol ens van deixar bocabadats. Aqu\u00ed les serigrafies estampades en quadres de gran mida i pintats amb colors vius i brillants, ens van crear un efecte embriagador. <\/span><\/p>\n<p class=\"p1\" style=\"text-align: justify;\"><span class=\"s1\">A l\u2019exposici\u00f3 tamb\u00e9 vam trobar instal\u00b7lacions, videoart o dissenys de portades de discs de vinil creades pel mateix Warhol. <strong>Tot un descobriment!<\/strong><\/span><\/p>\n","protected":false},"excerpt":{"rendered":"<p>4rt d&#8217;ESO visitem l&#8217;exposici\u00f3 &#8220;Andy Warhol. L\u2019art mec\u00e0nic&#8221; al CaixaF\u00f2rum<\/p>\n<p>\u00a0<br \/>\n<a href=\"http:\/\/agora.xtec.cat\/ieslaromanica\/wp-content\/uploads\/usu857\/2017\/02\/act93200260.jpg\"><\/a><br \/>\nEl 14 de desembre de 2017 l&#8217;alumnat de 4rt d&#8217;ESO de l\u2019optativa d&#8217;Educaci\u00f3 Visual i Pl\u00e0stica vam visitar l\u2019exposici\u00f3 &#8220;Andy Warhol. L\u2019art mec\u00e0nic&#8221; al CaixaForum. All\u00ed vam fer un recorregut per con\u00e8ixer l\u2019evoluci\u00f3 de la&hellip;  <a href=\"https:\/\/agora.xtec.cat\/ieslaromanica\/general\/sortida-amb-4rt-deso-a-lexposicio-andy-warhol\/\" title=\"Read Sortida amb 4rt d&#8217;ESO a l&#8217;exposici\u00f3 Andy Warhol\">Llegeix m\u00e9s\u00bb<\/a><\/p>\n","protected":false},"author":3,"featured_media":2436,"comment_status":"open","ping_status":"closed","sticky":false,"template":"","format":"standard","meta":{"_bbp_topic_count":0,"_bbp_reply_count":0,"_bbp_total_topic_count":0,"_bbp_total_reply_count":0,"_bbp_voice_count":0,"_bbp_anonymous_reply_count":0,"_bbp_topic_count_hidden":0,"_bbp_reply_count_hidden":0,"_bbp_forum_subforum_count":0,"footnotes":""},"categories":[3,7,1,29],"tags":[186,139,123],"class_list":["post-2441","post","type-post","status-publish","format-standard","has-post-thumbnail","hentry","category-eso","category-eso-4","category-general","category-portada","tag-andy-warhol","tag-caixaforum","tag-sortida"],"post_mailing_queue_ids":[],"_links":{"self":[{"href":"https:\/\/agora.xtec.cat\/ieslaromanica\/wp-json\/wp\/v2\/posts\/2441","targetHints":{"allow":["GET"]}}],"collection":[{"href":"https:\/\/agora.xtec.cat\/ieslaromanica\/wp-json\/wp\/v2\/posts"}],"about":[{"href":"https:\/\/agora.xtec.cat\/ieslaromanica\/wp-json\/wp\/v2\/types\/post"}],"author":[{"embeddable":true,"href":"https:\/\/agora.xtec.cat\/ieslaromanica\/wp-json\/wp\/v2\/users\/3"}],"replies":[{"embeddable":true,"href":"https:\/\/agora.xtec.cat\/ieslaromanica\/wp-json\/wp\/v2\/comments?post=2441"}],"version-history":[{"count":1,"href":"https:\/\/agora.xtec.cat\/ieslaromanica\/wp-json\/wp\/v2\/posts\/2441\/revisions"}],"predecessor-version":[{"id":2442,"href":"https:\/\/agora.xtec.cat\/ieslaromanica\/wp-json\/wp\/v2\/posts\/2441\/revisions\/2442"}],"wp:featuredmedia":[{"embeddable":true,"href":"https:\/\/agora.xtec.cat\/ieslaromanica\/wp-json\/wp\/v2\/media\/2436"}],"wp:attachment":[{"href":"https:\/\/agora.xtec.cat\/ieslaromanica\/wp-json\/wp\/v2\/media?parent=2441"}],"wp:term":[{"taxonomy":"category","embeddable":true,"href":"https:\/\/agora.xtec.cat\/ieslaromanica\/wp-json\/wp\/v2\/categories?post=2441"},{"taxonomy":"post_tag","embeddable":true,"href":"https:\/\/agora.xtec.cat\/ieslaromanica\/wp-json\/wp\/v2\/tags?post=2441"}],"curies":[{"name":"wp","href":"https:\/\/api.w.org\/{rel}","templated":true}]}}