{"id":24261,"date":"2024-05-30T14:11:39","date_gmt":"2024-05-30T12:11:39","guid":{"rendered":"https:\/\/agora.xtec.cat\/ieslaromanica\/?p=24261"},"modified":"2024-05-30T14:11:39","modified_gmt":"2024-05-30T12:11:39","slug":"informacio-1a-mostra-de-catifes-de-barbera-del-valles","status":"publish","type":"post","link":"https:\/\/agora.xtec.cat\/ieslaromanica\/general\/informacio-1a-mostra-de-catifes-de-barbera-del-valles\/","title":{"rendered":"[INFORMACI\u00d3] 1a Mostra de Catifes de Barber\u00e0 del Vall\u00e8s"},"content":{"rendered":"<p style=\"text-align: justify;\">Dem\u00e0 ser\u00e0 un dia d&#8217;aquells de fer hist\u00f2ria, de produir una m\u00e0gia \u00fanica i indescriptible, de crear imatges espectaculars que provoquin i dibuixin somriures a totes les persones assistents. Dem\u00e0, divendres 31 de maig, l&#8217;alumnat de 1r d&#8217;ESO participar\u00e0 en la\u00a0<strong>1a Mostra de Catifes de Barber\u00e0 del Vall\u00e8s<\/strong>, impulsada per l&#8217;Institut La Rom\u00e0nica i l&#8217;Associaci\u00f3 ARA I SEMPRE, a trav\u00e9s del projecte de &#8220;Cultura Popular a les Aules&#8221;.<\/p>\n<p style=\"text-align: justify;\">Us adjuntem el cartell de la jornada.<\/p>\n<p><strong>VISCA LA CULTURA POPULAR! ARA I SEMPRE!<\/strong><\/p>\n<p><a href=\"https:\/\/agora.xtec.cat\/ieslaromanica\/wp-content\/uploads\/usu857\/2024\/05\/1a-Mostra-de-Catifes-de-Barbera-del-Valles-scaled.jpg\"><img loading=\"lazy\" decoding=\"async\" class=\"alignnone size-large wp-image-24262\" src=\"https:\/\/agora.xtec.cat\/ieslaromanica\/wp-content\/uploads\/usu857\/2024\/05\/1a-Mostra-de-Catifes-de-Barbera-del-Valles-1024x683.jpg\" alt=\"\" width=\"1024\" height=\"683\" srcset=\"https:\/\/agora.xtec.cat\/ieslaromanica\/wp-content\/uploads\/usu857\/2024\/05\/1a-Mostra-de-Catifes-de-Barbera-del-Valles-1024x683.jpg 1024w, https:\/\/agora.xtec.cat\/ieslaromanica\/wp-content\/uploads\/usu857\/2024\/05\/1a-Mostra-de-Catifes-de-Barbera-del-Valles-300x200.jpg 300w, https:\/\/agora.xtec.cat\/ieslaromanica\/wp-content\/uploads\/usu857\/2024\/05\/1a-Mostra-de-Catifes-de-Barbera-del-Valles-768x512.jpg 768w, https:\/\/agora.xtec.cat\/ieslaromanica\/wp-content\/uploads\/usu857\/2024\/05\/1a-Mostra-de-Catifes-de-Barbera-del-Valles-1536x1024.jpg 1536w, https:\/\/agora.xtec.cat\/ieslaromanica\/wp-content\/uploads\/usu857\/2024\/05\/1a-Mostra-de-Catifes-de-Barbera-del-Valles-2048x1365.jpg 2048w\" sizes=\"auto, (max-width: 1024px) 100vw, 1024px\" \/><\/a><\/p>\n","protected":false},"excerpt":{"rendered":"<p>Dem\u00e0 ser\u00e0 un dia d&#8217;aquells de fer hist\u00f2ria, de produir una m\u00e0gia \u00fanica i indescriptible, de crear imatges espectaculars que provoquin i dibuixin somriures a totes les persones assistents. Dem\u00e0, divendres 31 de maig, l&#8217;alumnat de 1r d&#8217;ESO participar\u00e0 en la\u00a01a Mostra de Catifes de&hellip;  <a href=\"https:\/\/agora.xtec.cat\/ieslaromanica\/general\/informacio-1a-mostra-de-catifes-de-barbera-del-valles\/\" title=\"Read [INFORMACI\u00d3] 1a Mostra de Catifes de Barber\u00e0 del Vall\u00e8s\">Llegeix m\u00e9s\u00bb<\/a><\/p>\n","protected":false},"author":34,"featured_media":24262,"comment_status":"open","ping_status":"closed","sticky":false,"template":"","format":"standard","meta":{"_bbp_topic_count":0,"_bbp_reply_count":0,"_bbp_total_topic_count":0,"_bbp_total_reply_count":0,"_bbp_voice_count":0,"_bbp_anonymous_reply_count":0,"_bbp_topic_count_hidden":0,"_bbp_reply_count_hidden":0,"_bbp_forum_subforum_count":0,"footnotes":""},"categories":[1],"tags":[],"class_list":["post-24261","post","type-post","status-publish","format-standard","has-post-thumbnail","hentry","category-general"],"post_mailing_queue_ids":[],"_links":{"self":[{"href":"https:\/\/agora.xtec.cat\/ieslaromanica\/wp-json\/wp\/v2\/posts\/24261","targetHints":{"allow":["GET"]}}],"collection":[{"href":"https:\/\/agora.xtec.cat\/ieslaromanica\/wp-json\/wp\/v2\/posts"}],"about":[{"href":"https:\/\/agora.xtec.cat\/ieslaromanica\/wp-json\/wp\/v2\/types\/post"}],"author":[{"embeddable":true,"href":"https:\/\/agora.xtec.cat\/ieslaromanica\/wp-json\/wp\/v2\/users\/34"}],"replies":[{"embeddable":true,"href":"https:\/\/agora.xtec.cat\/ieslaromanica\/wp-json\/wp\/v2\/comments?post=24261"}],"version-history":[{"count":1,"href":"https:\/\/agora.xtec.cat\/ieslaromanica\/wp-json\/wp\/v2\/posts\/24261\/revisions"}],"predecessor-version":[{"id":24263,"href":"https:\/\/agora.xtec.cat\/ieslaromanica\/wp-json\/wp\/v2\/posts\/24261\/revisions\/24263"}],"wp:featuredmedia":[{"embeddable":true,"href":"https:\/\/agora.xtec.cat\/ieslaromanica\/wp-json\/wp\/v2\/media\/24262"}],"wp:attachment":[{"href":"https:\/\/agora.xtec.cat\/ieslaromanica\/wp-json\/wp\/v2\/media?parent=24261"}],"wp:term":[{"taxonomy":"category","embeddable":true,"href":"https:\/\/agora.xtec.cat\/ieslaromanica\/wp-json\/wp\/v2\/categories?post=24261"},{"taxonomy":"post_tag","embeddable":true,"href":"https:\/\/agora.xtec.cat\/ieslaromanica\/wp-json\/wp\/v2\/tags?post=24261"}],"curies":[{"name":"wp","href":"https:\/\/api.w.org\/{rel}","templated":true}]}}