{"id":24163,"date":"2024-04-26T12:13:39","date_gmt":"2024-04-26T10:13:39","guid":{"rendered":"https:\/\/agora.xtec.cat\/ieslaromanica\/?p=24163"},"modified":"2024-05-14T12:16:08","modified_gmt":"2024-05-14T10:16:08","slug":"sempre-eterna-sempre-romanica","status":"publish","type":"post","link":"https:\/\/agora.xtec.cat\/ieslaromanica\/general\/sempre-eterna-sempre-romanica\/","title":{"rendered":"Sempre eterna, sempre Rom\u00e0nica"},"content":{"rendered":"<p style=\"text-align: justify;\">Compartim amb vosaltres una petita poesia dedicada al nostre institut i tota la gent que hi formem part, escrita per l&#8217;\u00c0lex, un dels nostres docents. Esperem que us agradin aquestes paraules nascudes de l&#8217;estima per la Rom\u00e0nica.<\/p>\n<p dir=\"ltr\" style=\"text-align: center;\"><strong>Sempre eterna, sempre Rom\u00e0nica<\/strong><\/p>\n<p style=\"text-align: center;\">\n<p dir=\"ltr\" style=\"text-align: center;\">Amb la Carme al capdavant,<\/p>\n<p dir=\"ltr\" style=\"text-align: center;\">la N\u00faria i l\u2019Esther just darrere,<\/p>\n<p dir=\"ltr\" style=\"text-align: center;\">la Patri dates va agenciant<\/p>\n<p dir=\"ltr\" style=\"text-align: center;\">mentre el Lino c\u00e0lculs feia.<\/p>\n<p style=\"text-align: center;\">\n<p dir=\"ltr\" style=\"text-align: center;\">No gaire lluny del tim\u00f3<\/p>\n<p dir=\"ltr\" style=\"text-align: center;\">els coordinadors les taules tenen,<\/p>\n<p dir=\"ltr\" style=\"text-align: center;\">\u00a0Miriam, S\u00edlvies i Miquel,<\/p>\n<p dir=\"ltr\" style=\"text-align: center;\">de postres Eduard, Quim i Isabel.<\/p>\n<p style=\"text-align: center;\">\n<p dir=\"ltr\" style=\"text-align: center;\">Una mica m\u00e9s enll\u00e0<\/p>\n<p dir=\"ltr\" style=\"text-align: center;\">tenim les nostres companyes del PAS,<\/p>\n<p dir=\"ltr\" style=\"text-align: center;\">comen\u00e7ant per consergeria,<\/p>\n<p dir=\"ltr\" style=\"text-align: center;\">despr\u00e9s neteja i secretaria.<\/p>\n<p style=\"text-align: center;\">\n<p dir=\"ltr\" style=\"text-align: center;\">Avan\u00e7ant pel corredor principal,<\/p>\n<p dir=\"ltr\" style=\"text-align: center;\">la sala comuna del professorat,<\/p>\n<p dir=\"ltr\" style=\"text-align: center;\">on si no \u00e9s un dia normal<\/p>\n<p dir=\"ltr\" style=\"text-align: center;\">apareixen dol\u00e7os, fruita i no xampany.<\/p>\n<p style=\"text-align: center;\">\n<p dir=\"ltr\" style=\"text-align: center;\">Ja \u00e9s l\u2019hora dels experiments,<\/p>\n<p dir=\"ltr\" style=\"text-align: center;\">l\u2019Anna o la Vero t\u2019obren la porta.<\/p>\n<p dir=\"ltr\" style=\"text-align: center;\">\u00c0toms, energia, espai i temps,<\/p>\n<p dir=\"ltr\" style=\"text-align: center;\">qu\u00e8 \u00e9s c\u00e8l\u00b7lula i qu\u00e8 mat\u00e8ria morta?<\/p>\n<p style=\"text-align: center;\">\n<p dir=\"ltr\" style=\"text-align: center;\">A continuaci\u00f3 ve un bon batibull,<\/p>\n<p dir=\"ltr\" style=\"text-align: center;\">robots, gimn\u00e0s i una bella art,<\/p>\n<p dir=\"ltr\" style=\"text-align: center;\">i que tenen tots, doncs, en com\u00fa?<\/p>\n<p dir=\"ltr\" style=\"text-align: center;\">Bells somriures, l\u2019Ana o en Ricard.<\/p>\n<p style=\"text-align: center;\">\n<p dir=\"ltr\" style=\"text-align: center;\">Parlem de guia, suport i salvaci\u00f3,<\/p>\n<p dir=\"ltr\" style=\"text-align: center;\">ressorgeix Corpus de la tempestat.<\/p>\n<p dir=\"ltr\" style=\"text-align: center;\">Recordeu els PIs i les adaptacions?<\/p>\n<p dir=\"ltr\" style=\"text-align: center;\">Ja s\u2019haurien d\u2019haver entregat.<\/p>\n<p style=\"text-align: center;\">\n<p dir=\"ltr\" style=\"text-align: center;\">Aix\u00ed \u00e9s la vida, s\u00f3n cicles,<\/p>\n<p dir=\"ltr\" style=\"text-align: center;\">ja sou grans, tireu cap al laboratori.<\/p>\n<p dir=\"ltr\" style=\"text-align: center;\">Esperem no exploti res, Mercader!<\/p>\n<p dir=\"ltr\" style=\"text-align: center;\">Doncs si \u00e9s aix\u00ed, quin rebombori.<\/p>\n<p style=\"text-align: center;\">\n<p dir=\"ltr\" style=\"text-align: center;\">Pujant trobem el departament d\u2019angl\u00e8s,<\/p>\n<p dir=\"ltr\" style=\"text-align: center;\">la cap, denominada Esther, l\u2019opera,<\/p>\n<p dir=\"ltr\" style=\"text-align: center;\">si no s\u2019aprenen els\u00a0irregular verbs,<\/p>\n<p dir=\"ltr\" style=\"text-align: center;\">un bon\u00a0listening\u00a0els espera.<\/p>\n<p style=\"text-align: center;\">\n<p dir=\"ltr\" style=\"text-align: center;\">Si seguim per la cal\u00e7ada<\/p>\n<p dir=\"ltr\" style=\"text-align: center;\">apareix l\u2019arc de Santa Mart\u00ed.<\/p>\n<p dir=\"ltr\" style=\"text-align: center;\">Vigileu amb la vaca cega,<\/p>\n<p dir=\"ltr\" style=\"text-align: center;\">que \u00e9s llatina, i no una i grega!<\/p>\n<p style=\"text-align: center;\">\n<p dir=\"ltr\" style=\"text-align: center;\">Ara \u00e9s el torn de l\u2019\u00faltim idioma,<\/p>\n<p dir=\"ltr\" style=\"text-align: center;\">qu\u00e8 far\u00edem sense tu, Esther Perarnau?<\/p>\n<p dir=\"ltr\" style=\"text-align: center;\">Ni llegir ni escriure, cap coma!<\/p>\n<p dir=\"ltr\" style=\"text-align: center;\">\u00c9sser devorats per una allau.<\/p>\n<p style=\"text-align: center;\">\n<p dir=\"ltr\" style=\"text-align: center;\">Guerres, geografia i sociopol\u00edtica,<\/p>\n<p dir=\"ltr\" style=\"text-align: center;\">ves per on, el cau d\u2019un trobador!<\/p>\n<p dir=\"ltr\" style=\"text-align: center;\">Sons missives de magnitud jesu\u00edtica,<\/p>\n<p dir=\"ltr\" style=\"text-align: center;\">ni C\u00e8sar ni Mistral eix comodor.<\/p>\n<p style=\"text-align: center;\">\n<p dir=\"ltr\" style=\"text-align: center;\">L\u2019aroma de la creativitat i l\u2019art,<\/p>\n<p dir=\"ltr\" style=\"text-align: center;\">l\u2019aroma del dibuix i els pol\u00edgons,<\/p>\n<p dir=\"ltr\" style=\"text-align: center;\">si hi afegim la cultura popular<\/p>\n<p dir=\"ltr\" style=\"text-align: center;\">figures, l\u00e0mines i palillos!<\/p>\n<p style=\"text-align: center;\">\n<p dir=\"ltr\" style=\"text-align: center;\">Nombres i equacions sens parar,<\/p>\n<p dir=\"ltr\" style=\"text-align: center;\">ja venen, s\u00f3n les espies de veritat!<\/p>\n<p dir=\"ltr\" style=\"text-align: center;\">Si t\u2019oblides de les taules de multiplicar<\/p>\n<p dir=\"ltr\" style=\"text-align: center;\">la Cris t\u2019ajuda, per descomptat.<\/p>\n<p style=\"text-align: center;\">\n<p dir=\"ltr\" style=\"text-align: center;\">Vet aqu\u00ed un gos i vet aqu\u00ed un gat,<\/p>\n<p dir=\"ltr\" style=\"text-align: center;\">una diada d\u2019all\u00f2 m\u00e9s cl\u00e0ssica,<\/p>\n<p dir=\"ltr\" style=\"text-align: center;\">qui m\u2019hauria dit quan vaig entrar,<\/p>\n<p dir=\"ltr\" style=\"text-align: center;\">sempre eterna, sempre Rom\u00e0nica.<\/p>\n","protected":false},"excerpt":{"rendered":"<p>Compartim amb vosaltres una petita poesia dedicada al nostre institut i tota la gent que hi formem part, escrita per l&#8217;\u00c0lex, un dels nostres docents. Esperem que us agradin aquestes paraules nascudes de l&#8217;estima per la Rom\u00e0nica.<br \/>\nSempre eterna, sempre Rom\u00e0nica<\/p>\n<p>Amb la Carme al capdavant,<br \/>\nla N\u00faria&hellip;  <a href=\"https:\/\/agora.xtec.cat\/ieslaromanica\/general\/sempre-eterna-sempre-romanica\/\" title=\"Read Sempre eterna, sempre Rom\u00e0nica\">Llegeix m\u00e9s\u00bb<\/a><\/p>\n","protected":false},"author":34,"featured_media":0,"comment_status":"open","ping_status":"closed","sticky":false,"template":"","format":"standard","meta":{"_bbp_topic_count":0,"_bbp_reply_count":0,"_bbp_total_topic_count":0,"_bbp_total_reply_count":0,"_bbp_voice_count":0,"_bbp_anonymous_reply_count":0,"_bbp_topic_count_hidden":0,"_bbp_reply_count_hidden":0,"_bbp_forum_subforum_count":0,"footnotes":""},"categories":[1],"tags":[],"class_list":["post-24163","post","type-post","status-publish","format-standard","hentry","category-general"],"post_mailing_queue_ids":[],"_links":{"self":[{"href":"https:\/\/agora.xtec.cat\/ieslaromanica\/wp-json\/wp\/v2\/posts\/24163","targetHints":{"allow":["GET"]}}],"collection":[{"href":"https:\/\/agora.xtec.cat\/ieslaromanica\/wp-json\/wp\/v2\/posts"}],"about":[{"href":"https:\/\/agora.xtec.cat\/ieslaromanica\/wp-json\/wp\/v2\/types\/post"}],"author":[{"embeddable":true,"href":"https:\/\/agora.xtec.cat\/ieslaromanica\/wp-json\/wp\/v2\/users\/34"}],"replies":[{"embeddable":true,"href":"https:\/\/agora.xtec.cat\/ieslaromanica\/wp-json\/wp\/v2\/comments?post=24163"}],"version-history":[{"count":1,"href":"https:\/\/agora.xtec.cat\/ieslaromanica\/wp-json\/wp\/v2\/posts\/24163\/revisions"}],"predecessor-version":[{"id":24164,"href":"https:\/\/agora.xtec.cat\/ieslaromanica\/wp-json\/wp\/v2\/posts\/24163\/revisions\/24164"}],"wp:attachment":[{"href":"https:\/\/agora.xtec.cat\/ieslaromanica\/wp-json\/wp\/v2\/media?parent=24163"}],"wp:term":[{"taxonomy":"category","embeddable":true,"href":"https:\/\/agora.xtec.cat\/ieslaromanica\/wp-json\/wp\/v2\/categories?post=24163"},{"taxonomy":"post_tag","embeddable":true,"href":"https:\/\/agora.xtec.cat\/ieslaromanica\/wp-json\/wp\/v2\/tags?post=24163"}],"curies":[{"name":"wp","href":"https:\/\/api.w.org\/{rel}","templated":true}]}}