{"id":24117,"date":"2024-04-14T22:01:09","date_gmt":"2024-04-14T20:01:09","guid":{"rendered":"https:\/\/agora.xtec.cat\/ieslaromanica\/?p=24117"},"modified":"2024-04-18T10:03:00","modified_gmt":"2024-04-18T08:03:00","slug":"trobada-kins-cadet","status":"publish","type":"post","link":"https:\/\/agora.xtec.cat\/ieslaromanica\/general\/trobada-kins-cadet\/","title":{"rendered":"Trobada KINS &#8211; Cadet"},"content":{"rendered":"<p style=\"text-align: justify;\">Gran actuaci\u00f3 dels nostres equips cadets de 3r i 4t a la trobada d\u2019instituts de la zona per participar a la competici\u00f3 de korfbol que s\u2019ha disputat aquest passat divendres durant tot el mat\u00ed al PEM Guiera de Cerdanyola. Merit\u00f2ria posici\u00f3 arribant a les semifinals d\u2019un dels equips de 4t d\u2019ESO.<\/p>\n<p>\u00a0<a href=\"https:\/\/agora.xtec.cat\/ieslaromanica\/wp-content\/uploads\/usu857\/2024\/04\/image1-1.jpeg\"><img loading=\"lazy\" decoding=\"async\" class=\"size-large wp-image-24119 aligncenter\" src=\"https:\/\/agora.xtec.cat\/ieslaromanica\/wp-content\/uploads\/usu857\/2024\/04\/image1-1.jpeg\" alt=\"\" width=\"640\" height=\"480\" srcset=\"https:\/\/agora.xtec.cat\/ieslaromanica\/wp-content\/uploads\/usu857\/2024\/04\/image1-1.jpeg 640w, https:\/\/agora.xtec.cat\/ieslaromanica\/wp-content\/uploads\/usu857\/2024\/04\/image1-1-300x225.jpeg 300w, https:\/\/agora.xtec.cat\/ieslaromanica\/wp-content\/uploads\/usu857\/2024\/04\/image1-1-200x150.jpeg 200w\" sizes=\"auto, (max-width: 640px) 100vw, 640px\" \/><\/a><\/p>\n<p><a href=\"https:\/\/agora.xtec.cat\/ieslaromanica\/wp-content\/uploads\/usu857\/2024\/04\/image0-1.jpeg\"><img loading=\"lazy\" decoding=\"async\" class=\"size-full wp-image-24118 aligncenter\" src=\"https:\/\/agora.xtec.cat\/ieslaromanica\/wp-content\/uploads\/usu857\/2024\/04\/image0-1.jpeg\" alt=\"\" width=\"480\" height=\"640\" srcset=\"https:\/\/agora.xtec.cat\/ieslaromanica\/wp-content\/uploads\/usu857\/2024\/04\/image0-1.jpeg 480w, https:\/\/agora.xtec.cat\/ieslaromanica\/wp-content\/uploads\/usu857\/2024\/04\/image0-1-225x300.jpeg 225w\" sizes=\"auto, (max-width: 480px) 100vw, 480px\" \/><\/a><\/p>\n<p><a href=\"https:\/\/agora.xtec.cat\/ieslaromanica\/wp-content\/uploads\/usu857\/2024\/04\/image2.jpeg\"><img loading=\"lazy\" decoding=\"async\" class=\"size-large wp-image-24120 aligncenter\" src=\"https:\/\/agora.xtec.cat\/ieslaromanica\/wp-content\/uploads\/usu857\/2024\/04\/image2.jpeg\" alt=\"\" width=\"480\" height=\"640\" srcset=\"https:\/\/agora.xtec.cat\/ieslaromanica\/wp-content\/uploads\/usu857\/2024\/04\/image2.jpeg 480w, https:\/\/agora.xtec.cat\/ieslaromanica\/wp-content\/uploads\/usu857\/2024\/04\/image2-225x300.jpeg 225w\" sizes=\"auto, (max-width: 480px) 100vw, 480px\" \/><\/a><\/p>\n","protected":false},"excerpt":{"rendered":"<p>Gran actuaci\u00f3 dels nostres equips cadets de 3r i 4t a la trobada d\u2019instituts de la zona per participar a la competici\u00f3 de korfbol que s\u2019ha disputat aquest passat divendres durant tot el mat\u00ed al PEM Guiera de Cerdanyola. Merit\u00f2ria posici\u00f3 arribant a les semifinals&hellip;  <a href=\"https:\/\/agora.xtec.cat\/ieslaromanica\/general\/trobada-kins-cadet\/\" title=\"Read Trobada KINS &#8211; Cadet\">Llegeix m\u00e9s\u00bb<\/a><\/p>\n","protected":false},"author":34,"featured_media":24119,"comment_status":"open","ping_status":"closed","sticky":false,"template":"","format":"standard","meta":{"_bbp_topic_count":0,"_bbp_reply_count":0,"_bbp_total_topic_count":0,"_bbp_total_reply_count":0,"_bbp_voice_count":0,"_bbp_anonymous_reply_count":0,"_bbp_topic_count_hidden":0,"_bbp_reply_count_hidden":0,"_bbp_forum_subforum_count":0,"footnotes":""},"categories":[1],"tags":[],"class_list":["post-24117","post","type-post","status-publish","format-standard","has-post-thumbnail","hentry","category-general"],"post_mailing_queue_ids":[],"_links":{"self":[{"href":"https:\/\/agora.xtec.cat\/ieslaromanica\/wp-json\/wp\/v2\/posts\/24117","targetHints":{"allow":["GET"]}}],"collection":[{"href":"https:\/\/agora.xtec.cat\/ieslaromanica\/wp-json\/wp\/v2\/posts"}],"about":[{"href":"https:\/\/agora.xtec.cat\/ieslaromanica\/wp-json\/wp\/v2\/types\/post"}],"author":[{"embeddable":true,"href":"https:\/\/agora.xtec.cat\/ieslaromanica\/wp-json\/wp\/v2\/users\/34"}],"replies":[{"embeddable":true,"href":"https:\/\/agora.xtec.cat\/ieslaromanica\/wp-json\/wp\/v2\/comments?post=24117"}],"version-history":[{"count":1,"href":"https:\/\/agora.xtec.cat\/ieslaromanica\/wp-json\/wp\/v2\/posts\/24117\/revisions"}],"predecessor-version":[{"id":24121,"href":"https:\/\/agora.xtec.cat\/ieslaromanica\/wp-json\/wp\/v2\/posts\/24117\/revisions\/24121"}],"wp:featuredmedia":[{"embeddable":true,"href":"https:\/\/agora.xtec.cat\/ieslaromanica\/wp-json\/wp\/v2\/media\/24119"}],"wp:attachment":[{"href":"https:\/\/agora.xtec.cat\/ieslaromanica\/wp-json\/wp\/v2\/media?parent=24117"}],"wp:term":[{"taxonomy":"category","embeddable":true,"href":"https:\/\/agora.xtec.cat\/ieslaromanica\/wp-json\/wp\/v2\/categories?post=24117"},{"taxonomy":"post_tag","embeddable":true,"href":"https:\/\/agora.xtec.cat\/ieslaromanica\/wp-json\/wp\/v2\/tags?post=24117"}],"curies":[{"name":"wp","href":"https:\/\/api.w.org\/{rel}","templated":true}]}}