{"id":24047,"date":"2024-04-05T15:30:01","date_gmt":"2024-04-05T13:30:01","guid":{"rendered":"https:\/\/agora.xtec.cat\/ieslaromanica\/?p=24047"},"modified":"2024-04-05T15:30:01","modified_gmt":"2024-04-05T13:30:01","slug":"ens-reunim-amb-lajuntament-de-ripollet","status":"publish","type":"post","link":"https:\/\/agora.xtec.cat\/ieslaromanica\/general\/ens-reunim-amb-lajuntament-de-ripollet\/","title":{"rendered":"Ens reunim amb l&#8217;Ajuntament de Ripollet!"},"content":{"rendered":"<p style=\"text-align: justify;\">Avui, una delegaci\u00f3 de l&#8217;Ajuntament de Ripollet, encap\u00e7alada per Roger Bay\u00f3, 3r Tinent d&#8217;Alcaldia i regidor de les \u00e0rees de Cultura, Patrimoni i Pol\u00edtica Ling\u00fc\u00edstica. Amb ell, han vingut 4 professionals del consistori, encarregades de la part t\u00e8cnica de Cultura i Educaci\u00f3: Elena Vilalta, cap de departament de cultura, patrimoni i pol\u00edtica ling\u00fc\u00edstica, Sandra Dom\u00e8nech, t\u00e8cnica de cultura, patrimoni i cultura ling\u00fc\u00edstica, Sara Sirera, t\u00e8cnica de cultura, patrimoni i pol\u00edtica ling\u00fc\u00edstica, i Anna Asensio, t\u00e8cnica d&#8217;educaci\u00f3. La delegaci\u00f3 s&#8217;ha reunit amb l&#8217;Adri\u00e0 Ortiz Mera, com a responsable del projecte de Cultura Popular a les aules, de l&#8217;Institut La Rom\u00e0nica, i un dels representants de l&#8217;Associaci\u00f3 ARA I SEMPRE. Una reuni\u00f3 que ha comen\u00e7at a l&#8217;exterior, amb una hora del pati com les de cada setmana en qu\u00e8 la cultura popular t\u00e9 el seu espai i on s&#8217;ha aprofitat per mostrar, de primera m\u00e0, qu\u00e8 implica i qu\u00e8 suposa implementar la cultura popular dins del m\u00f3n educatiu. Una jornada ben profitosa i que esperem que sigui l&#8217;inici de col\u00b7laboracions futures entre el m\u00f3n educatiu i m\u00f3n cultural, aix\u00ed com entre Barber\u00e0 del Vall\u00e8s i Ripollet, com a poblacions ve\u00efnes.<\/p>\n<p style=\"text-align: justify;\">De nou, donar les gr\u00e0cies al conjunt de persones que s&#8217;hi suma a la defensa del potencial de la cultura popular com a eina educativa i transformadora de la societat.<\/p>\n<p style=\"text-align: justify;\"><strong>VISCA LA CULTURA POPULAR! ARA I SEMPRE!<\/strong><\/p>\n\r\n\t<div class=\"slideshow_container slideshow_container_style-light\" style=\"height: 300px; \" data-slideshow-id=\"24048\" data-style-name=\"style-light\" data-style-version=\"2.3.1\" >\r\n\r\n\t\t\t\t\t<div class=\"slideshow_loading_icon\"><\/div>\r\n\t\t\r\n\t\t<div class=\"slideshow_content\" style=\"display: none;\">\r\n\r\n\t\t\t<div class=\"slideshow_view\">\r\n\t\t\t\t<div class=\"slideshow_slide slideshow_slide_image\">\r\n\t\t\t\t\t\t\t\t\t\t\t<img src=\"https:\/\/agora.xtec.cat\/ieslaromanica\/wp-content\/uploads\/usu857\/2024\/04\/IMG_7892-1-scaled.jpg\" alt=\"IMG_7892 (1)\" width=\"1920\" height=\"2560\" \/>\r\n\t\t\t\t\t\t\t\t\t\t<div class=\"slideshow_description_box slideshow_transparent\">\r\n\t\t\t\t\t\t<div class=\"slideshow_title\">IMG_7892 (1)<\/div>\t\t\t\t\t\t\t\t\t\t\t<\/div>\r\n\t\t\t\t<\/div>\r\n\r\n\t\t\t\t\t\t<div style=\"clear: both;\"><\/div><\/div><div class=\"slideshow_view\">\r\n\t\t\t\t<div class=\"slideshow_slide slideshow_slide_image\">\r\n\t\t\t\t\t\t\t\t\t\t\t<img src=\"https:\/\/agora.xtec.cat\/ieslaromanica\/wp-content\/uploads\/usu857\/2024\/04\/IMG_7874-1-scaled.jpg\" alt=\"IMG_7874 (1)\" width=\"1920\" height=\"2560\" \/>\r\n\t\t\t\t\t\t\t\t\t\t<div class=\"slideshow_description_box slideshow_transparent\">\r\n\t\t\t\t\t\t<div class=\"slideshow_title\">IMG_7874 (1)<\/div>\t\t\t\t\t\t\t\t\t\t\t<\/div>\r\n\t\t\t\t<\/div>\r\n\r\n\t\t\t\t\t\t<div style=\"clear: both;\"><\/div><\/div><div class=\"slideshow_view\">\r\n\t\t\t\t<div class=\"slideshow_slide slideshow_slide_image\">\r\n\t\t\t\t\t\t\t\t\t\t\t<img src=\"https:\/\/agora.xtec.cat\/ieslaromanica\/wp-content\/uploads\/usu857\/2024\/04\/IMG_7931-1-scaled.jpg\" alt=\"IMG_7931 (1)\" width=\"2560\" height=\"1920\" \/>\r\n\t\t\t\t\t\t\t\t\t\t<div class=\"slideshow_description_box slideshow_transparent\">\r\n\t\t\t\t\t\t<div class=\"slideshow_title\">IMG_7931 (1)<\/div>\t\t\t\t\t\t\t\t\t\t\t<\/div>\r\n\t\t\t\t<\/div>\r\n\r\n\t\t\t\t\t\t<div style=\"clear: both;\"><\/div><\/div><div class=\"slideshow_view\">\r\n\t\t\t\t<div class=\"slideshow_slide slideshow_slide_image\">\r\n\t\t\t\t\t\t\t\t\t\t\t<img src=\"https:\/\/agora.xtec.cat\/ieslaromanica\/wp-content\/uploads\/usu857\/2024\/04\/IMG_7881-1-scaled.jpg\" alt=\"IMG_7881 (1)\" width=\"1920\" height=\"2560\" \/>\r\n\t\t\t\t\t\t\t\t\t\t<div class=\"slideshow_description_box slideshow_transparent\">\r\n\t\t\t\t\t\t<div class=\"slideshow_title\">IMG_7881 (1)<\/div>\t\t\t\t\t\t\t\t\t\t\t<\/div>\r\n\t\t\t\t<\/div>\r\n\r\n\t\t\t\t\t\t<div style=\"clear: both;\"><\/div><\/div>\r\n\t\t<\/div>\r\n\r\n\t\t<div class=\"slideshow_controlPanel slideshow_transparent\" style=\"display: none;\"><ul><li class=\"slideshow_togglePlay\" data-play-text=\"Visualitza\" data-pause-text=\"Pausa\"><\/li><\/ul><\/div>\r\n\r\n\t\t<div class=\"slideshow_button slideshow_previous slideshow_transparent\" role=\"button\" data-previous-text=\"Anterior\" style=\"display: none;\"><\/div>\r\n\t\t<div class=\"slideshow_button slideshow_next slideshow_transparent\" role=\"button\" data-next-text=\"Seg\u00fcent\" style=\"display: none;\"><\/div>\r\n\r\n\t\t<div class=\"slideshow_pagination\" style=\"display: none;\" data-go-to-text=\"V\u00e9s a la diapositiva\"><div class=\"slideshow_pagination_center\"><\/div><\/div>\r\n\r\n\t\t<!-- WordPress Slideshow Version 2.3.1 -->\r\n\r\n\t\t\t<\/div>\r\n\r\n\n","protected":false},"excerpt":{"rendered":"<p>Avui, una delegaci\u00f3 de l&#8217;Ajuntament de Ripollet, encap\u00e7alada per Roger Bay\u00f3, 3r Tinent d&#8217;Alcaldia i regidor de les \u00e0rees de Cultura, Patrimoni i Pol\u00edtica Ling\u00fc\u00edstica. Amb ell, han vingut 4 professionals del consistori, encarregades de la part t\u00e8cnica de Cultura i Educaci\u00f3: Elena Vilalta, cap&hellip;  <a href=\"https:\/\/agora.xtec.cat\/ieslaromanica\/general\/ens-reunim-amb-lajuntament-de-ripollet\/\" title=\"Read Ens reunim amb l&#8217;Ajuntament de Ripollet!\">Llegeix m\u00e9s\u00bb<\/a><\/p>\n","protected":false},"author":34,"featured_media":0,"comment_status":"open","ping_status":"closed","sticky":false,"template":"","format":"standard","meta":{"_bbp_topic_count":0,"_bbp_reply_count":0,"_bbp_total_topic_count":0,"_bbp_total_reply_count":0,"_bbp_voice_count":0,"_bbp_anonymous_reply_count":0,"_bbp_topic_count_hidden":0,"_bbp_reply_count_hidden":0,"_bbp_forum_subforum_count":0,"footnotes":""},"categories":[1],"tags":[],"class_list":["post-24047","post","type-post","status-publish","format-standard","hentry","category-general"],"post_mailing_queue_ids":[],"_links":{"self":[{"href":"https:\/\/agora.xtec.cat\/ieslaromanica\/wp-json\/wp\/v2\/posts\/24047","targetHints":{"allow":["GET"]}}],"collection":[{"href":"https:\/\/agora.xtec.cat\/ieslaromanica\/wp-json\/wp\/v2\/posts"}],"about":[{"href":"https:\/\/agora.xtec.cat\/ieslaromanica\/wp-json\/wp\/v2\/types\/post"}],"author":[{"embeddable":true,"href":"https:\/\/agora.xtec.cat\/ieslaromanica\/wp-json\/wp\/v2\/users\/34"}],"replies":[{"embeddable":true,"href":"https:\/\/agora.xtec.cat\/ieslaromanica\/wp-json\/wp\/v2\/comments?post=24047"}],"version-history":[{"count":2,"href":"https:\/\/agora.xtec.cat\/ieslaromanica\/wp-json\/wp\/v2\/posts\/24047\/revisions"}],"predecessor-version":[{"id":24054,"href":"https:\/\/agora.xtec.cat\/ieslaromanica\/wp-json\/wp\/v2\/posts\/24047\/revisions\/24054"}],"wp:attachment":[{"href":"https:\/\/agora.xtec.cat\/ieslaromanica\/wp-json\/wp\/v2\/media?parent=24047"}],"wp:term":[{"taxonomy":"category","embeddable":true,"href":"https:\/\/agora.xtec.cat\/ieslaromanica\/wp-json\/wp\/v2\/categories?post=24047"},{"taxonomy":"post_tag","embeddable":true,"href":"https:\/\/agora.xtec.cat\/ieslaromanica\/wp-json\/wp\/v2\/tags?post=24047"}],"curies":[{"name":"wp","href":"https:\/\/api.w.org\/{rel}","templated":true}]}}