{"id":24038,"date":"2024-03-22T12:41:32","date_gmt":"2024-03-22T11:41:32","guid":{"rendered":"https:\/\/agora.xtec.cat\/ieslaromanica\/?p=24038"},"modified":"2024-03-22T12:41:32","modified_gmt":"2024-03-22T11:41:32","slug":"xerrada-de-linstitut-badia-del-valles","status":"publish","type":"post","link":"https:\/\/agora.xtec.cat\/ieslaromanica\/general\/xerrada-de-linstitut-badia-del-valles\/","title":{"rendered":"Xerrada de l&#8217;Institut Badia del Vall\u00e8s!"},"content":{"rendered":"<p style=\"text-align: justify;\">El passat dimarts 19 de mar\u00e7, el professorat de l&#8217;Institut Badia del Vall\u00e8s va venir al nostre centre a fer una xerrada la qual tenia com a objectiu oferir informaci\u00f3 al nostre alumnat de 4t d&#8217;ESO, sobre les fam\u00edlies professionals (FP) i els PFI que es poden estudiar al seu centre. A la xerrada van intervenir responsables de cadascuna de les quatre fam\u00edlies que tenen, del PFI i tamb\u00e9 dues estudiants que estudien a l&#8217;Institut Badia, de les quals una fou alumna nostra en l&#8217;etapa d&#8217;ESO.<\/p>\n<p><a href=\"https:\/\/agora.xtec.cat\/ieslaromanica\/wp-content\/uploads\/usu857\/2024\/03\/IMG-20240322-WA0006.jpg\"><img loading=\"lazy\" decoding=\"async\" class=\"alignnone size-large wp-image-24039\" src=\"https:\/\/agora.xtec.cat\/ieslaromanica\/wp-content\/uploads\/usu857\/2024\/03\/IMG-20240322-WA0006-1024x462.jpg\" alt=\"\" width=\"1024\" height=\"462\" srcset=\"https:\/\/agora.xtec.cat\/ieslaromanica\/wp-content\/uploads\/usu857\/2024\/03\/IMG-20240322-WA0006-1024x462.jpg 1024w, https:\/\/agora.xtec.cat\/ieslaromanica\/wp-content\/uploads\/usu857\/2024\/03\/IMG-20240322-WA0006-300x135.jpg 300w, https:\/\/agora.xtec.cat\/ieslaromanica\/wp-content\/uploads\/usu857\/2024\/03\/IMG-20240322-WA0006-768x346.jpg 768w, https:\/\/agora.xtec.cat\/ieslaromanica\/wp-content\/uploads\/usu857\/2024\/03\/IMG-20240322-WA0006-1536x693.jpg 1536w, https:\/\/agora.xtec.cat\/ieslaromanica\/wp-content\/uploads\/usu857\/2024\/03\/IMG-20240322-WA0006.jpg 2040w\" sizes=\"auto, (max-width: 1024px) 100vw, 1024px\" \/><\/a><\/p>\n","protected":false},"excerpt":{"rendered":"<p>El passat dimarts 19 de mar\u00e7, el professorat de l&#8217;Institut Badia del Vall\u00e8s va venir al nostre centre a fer una xerrada la qual tenia com a objectiu oferir informaci\u00f3 al nostre alumnat de 4t d&#8217;ESO, sobre les fam\u00edlies professionals (FP) i els PFI que&hellip;  <a href=\"https:\/\/agora.xtec.cat\/ieslaromanica\/general\/xerrada-de-linstitut-badia-del-valles\/\" title=\"Read Xerrada de l&#8217;Institut Badia del Vall\u00e8s!\">Llegeix m\u00e9s\u00bb<\/a><\/p>\n","protected":false},"author":34,"featured_media":24039,"comment_status":"open","ping_status":"closed","sticky":false,"template":"","format":"standard","meta":{"_bbp_topic_count":0,"_bbp_reply_count":0,"_bbp_total_topic_count":0,"_bbp_total_reply_count":0,"_bbp_voice_count":0,"_bbp_anonymous_reply_count":0,"_bbp_topic_count_hidden":0,"_bbp_reply_count_hidden":0,"_bbp_forum_subforum_count":0,"footnotes":""},"categories":[1],"tags":[],"class_list":["post-24038","post","type-post","status-publish","format-standard","has-post-thumbnail","hentry","category-general"],"post_mailing_queue_ids":[],"_links":{"self":[{"href":"https:\/\/agora.xtec.cat\/ieslaromanica\/wp-json\/wp\/v2\/posts\/24038","targetHints":{"allow":["GET"]}}],"collection":[{"href":"https:\/\/agora.xtec.cat\/ieslaromanica\/wp-json\/wp\/v2\/posts"}],"about":[{"href":"https:\/\/agora.xtec.cat\/ieslaromanica\/wp-json\/wp\/v2\/types\/post"}],"author":[{"embeddable":true,"href":"https:\/\/agora.xtec.cat\/ieslaromanica\/wp-json\/wp\/v2\/users\/34"}],"replies":[{"embeddable":true,"href":"https:\/\/agora.xtec.cat\/ieslaromanica\/wp-json\/wp\/v2\/comments?post=24038"}],"version-history":[{"count":1,"href":"https:\/\/agora.xtec.cat\/ieslaromanica\/wp-json\/wp\/v2\/posts\/24038\/revisions"}],"predecessor-version":[{"id":24040,"href":"https:\/\/agora.xtec.cat\/ieslaromanica\/wp-json\/wp\/v2\/posts\/24038\/revisions\/24040"}],"wp:featuredmedia":[{"embeddable":true,"href":"https:\/\/agora.xtec.cat\/ieslaromanica\/wp-json\/wp\/v2\/media\/24039"}],"wp:attachment":[{"href":"https:\/\/agora.xtec.cat\/ieslaromanica\/wp-json\/wp\/v2\/media?parent=24038"}],"wp:term":[{"taxonomy":"category","embeddable":true,"href":"https:\/\/agora.xtec.cat\/ieslaromanica\/wp-json\/wp\/v2\/categories?post=24038"},{"taxonomy":"post_tag","embeddable":true,"href":"https:\/\/agora.xtec.cat\/ieslaromanica\/wp-json\/wp\/v2\/tags?post=24038"}],"curies":[{"name":"wp","href":"https:\/\/api.w.org\/{rel}","templated":true}]}}