{"id":23964,"date":"2024-03-08T10:41:10","date_gmt":"2024-03-08T09:41:10","guid":{"rendered":"https:\/\/agora.xtec.cat\/ieslaromanica\/?p=23964"},"modified":"2024-03-08T10:41:10","modified_gmt":"2024-03-08T09:41:10","slug":"juntes-trepitgem-mes-fort-8m-2024","status":"publish","type":"post","link":"https:\/\/agora.xtec.cat\/ieslaromanica\/general\/juntes-trepitgem-mes-fort-8m-2024\/","title":{"rendered":"Juntes trepitgem m\u00e9s fort \u2013 8M 2024"},"content":{"rendered":"<p style=\"text-align: justify;\">Les catifes s\u00f3n veritables obres d&#8217;art ef\u00edmeres que tenen una llarga tradici\u00f3 en diverses cultures i contextos. A Catalunya, encara que sovint estan associades amb la festa de Corpus Christi, la seva pr\u00e0ctica s&#8217;est\u00e9n m\u00e9s enll\u00e0 d&#8217;aquesta celebraci\u00f3 espec\u00edfica.<\/p>\n<p style=\"text-align: justify;\">La seva elaboraci\u00f3 implica l&#8217;\u00fas de materials naturals com p\u00e8tals de flors, flors senceres, herbes i altres elements vegetals. Tanmateix, en els darrers anys s&#8217;ha vist una experimentaci\u00f3 creixent amb altres materials, com ara llavors, serradura o fins i tot marro de caf\u00e8, que amplien les possibilitats creatives de les catifes i poden reflectir la innovaci\u00f3 i la modernitzaci\u00f3 d&#8217;aquesta pr\u00e0ctica art\u00edstica.<\/p>\n<p style=\"text-align: justify;\">Les catifes poden representar una \u00e0mplia gamma de motius i temes. En aquesta ocasi\u00f3, ARA I SEMPRE, a trav\u00e9s de la Colla Bastonera Les Romanes, amb la comunitat educativa de l&#8217;Institut La Rom\u00e0nica, de Barber\u00e0 del Vall\u00e8s, han treballat plegades per visibilitzar el 8M a trav\u00e9s del m\u00f3n de la cultura popular. Des de la preparaci\u00f3 dels materials a la confecci\u00f3 de la catifa, amb la posterior tradicional desfeta de la catifa, fet pel qual tamb\u00e9 es confecciona, ja que com hem explicat \u00e9s art ef\u00edmer, reivindiquem el lema d&#8217;enguany: <strong>JUNTES TREPITGEM M\u00c9S FORT<\/strong>. I \u00e9s que precisament fem nostra aquesta defensa.<strong> Avui, 8 de mar\u00e7 de 2024, i tots i cadascun dels dies de l&#8217;any, la cultura popular, aix\u00ed com el futur del planeta, ser\u00e0 feminista o no ser\u00e0.<\/strong><\/p>\n<p><strong>JUNTES TREPITGEM M\u00c9S FORT! ARA I SEMPRE!<\/strong><\/p>\n<p><iframe loading=\"lazy\" title=\"Juntes trepitgem m\u00e9s fort - 8M 2024\" width=\"500\" height=\"281\" src=\"https:\/\/www.youtube.com\/embed\/lxFEpyi1FEw?feature=oembed\" frameborder=\"0\" allow=\"accelerometer; autoplay; clipboard-write; encrypted-media; gyroscope; picture-in-picture; web-share\" referrerpolicy=\"strict-origin-when-cross-origin\" allowfullscreen><\/iframe><\/p>\n<p>&#8212;-<\/p>\n<p>Lloc de gravaci\u00f3: Institut P\u00fablic La Rom\u00e0nica, de Barber\u00e0 del Vall\u00e8s<br \/>\nDia de gravaci\u00f3: 28 de febrer i 2 de mar\u00e7 de 2024<br \/>\nParticipaci\u00f3: Comunitat educativa de l&#8217;Institut La Rom\u00e0nica, Colla Bastonera Les Romanes i Associaci\u00f3 ARA I SEMPRE<br \/>\nEdici\u00f3 del v\u00eddeo: Nadine Cardero Rodr\u00edguez i Erik Andreu Garrido L\u00f3pez<br \/>\nM\u00fasica: Mariona Escoda &#8211; Et deixo la m\u00e0<\/p>\n","protected":false},"excerpt":{"rendered":"<p>Les catifes s\u00f3n veritables obres d&#8217;art ef\u00edmeres que tenen una llarga tradici\u00f3 en diverses cultures i contextos. A Catalunya, encara que sovint estan associades amb la festa de Corpus Christi, la seva pr\u00e0ctica s&#8217;est\u00e9n m\u00e9s enll\u00e0 d&#8217;aquesta celebraci\u00f3 espec\u00edfica.<br \/>\nLa seva elaboraci\u00f3 implica l&#8217;\u00fas de materials&hellip;  <a href=\"https:\/\/agora.xtec.cat\/ieslaromanica\/general\/juntes-trepitgem-mes-fort-8m-2024\/\" title=\"Read Juntes trepitgem m\u00e9s fort \u2013 8M 2024\">Llegeix m\u00e9s\u00bb<\/a><\/p>\n","protected":false},"author":34,"featured_media":23965,"comment_status":"open","ping_status":"closed","sticky":false,"template":"","format":"standard","meta":{"_bbp_topic_count":0,"_bbp_reply_count":0,"_bbp_total_topic_count":0,"_bbp_total_reply_count":0,"_bbp_voice_count":0,"_bbp_anonymous_reply_count":0,"_bbp_topic_count_hidden":0,"_bbp_reply_count_hidden":0,"_bbp_forum_subforum_count":0,"footnotes":""},"categories":[1],"tags":[],"class_list":["post-23964","post","type-post","status-publish","format-standard","has-post-thumbnail","hentry","category-general"],"post_mailing_queue_ids":[],"_links":{"self":[{"href":"https:\/\/agora.xtec.cat\/ieslaromanica\/wp-json\/wp\/v2\/posts\/23964","targetHints":{"allow":["GET"]}}],"collection":[{"href":"https:\/\/agora.xtec.cat\/ieslaromanica\/wp-json\/wp\/v2\/posts"}],"about":[{"href":"https:\/\/agora.xtec.cat\/ieslaromanica\/wp-json\/wp\/v2\/types\/post"}],"author":[{"embeddable":true,"href":"https:\/\/agora.xtec.cat\/ieslaromanica\/wp-json\/wp\/v2\/users\/34"}],"replies":[{"embeddable":true,"href":"https:\/\/agora.xtec.cat\/ieslaromanica\/wp-json\/wp\/v2\/comments?post=23964"}],"version-history":[{"count":1,"href":"https:\/\/agora.xtec.cat\/ieslaromanica\/wp-json\/wp\/v2\/posts\/23964\/revisions"}],"predecessor-version":[{"id":23966,"href":"https:\/\/agora.xtec.cat\/ieslaromanica\/wp-json\/wp\/v2\/posts\/23964\/revisions\/23966"}],"wp:featuredmedia":[{"embeddable":true,"href":"https:\/\/agora.xtec.cat\/ieslaromanica\/wp-json\/wp\/v2\/media\/23965"}],"wp:attachment":[{"href":"https:\/\/agora.xtec.cat\/ieslaromanica\/wp-json\/wp\/v2\/media?parent=23964"}],"wp:term":[{"taxonomy":"category","embeddable":true,"href":"https:\/\/agora.xtec.cat\/ieslaromanica\/wp-json\/wp\/v2\/categories?post=23964"},{"taxonomy":"post_tag","embeddable":true,"href":"https:\/\/agora.xtec.cat\/ieslaromanica\/wp-json\/wp\/v2\/tags?post=23964"}],"curies":[{"name":"wp","href":"https:\/\/api.w.org\/{rel}","templated":true}]}}