{"id":23904,"date":"2024-02-22T14:50:35","date_gmt":"2024-02-22T13:50:35","guid":{"rendered":"https:\/\/agora.xtec.cat\/ieslaromanica\/?p=23904"},"modified":"2024-02-22T14:50:35","modified_gmt":"2024-02-22T13:50:35","slug":"iii-campanya-de-donacio-de-sang-a-la-romanica","status":"publish","type":"post","link":"https:\/\/agora.xtec.cat\/ieslaromanica\/general\/iii-campanya-de-donacio-de-sang-a-la-romanica\/","title":{"rendered":"III Campanya de Donaci\u00f3 de Sang a La Rom\u00e0nica!"},"content":{"rendered":"<p style=\"text-align: justify;\">Els dies <strong>14 i 15 de mar\u00e7 tindr\u00e0 lloc la III Campanya de Donaci\u00f3 de Sang<\/strong> en la qual participa el nostre institut. Un any m\u00e9s gr\u00e0cies al Banc de Sang i Teixits (BST) de Catalunya, aix\u00ed com al nostre alumnat de 3r d&#8217;ESO faran possible aquesta acci\u00f3 solid\u00e0ria i a la qual us convidem a totes\/tots a participar-hi.<\/p>\n<p style=\"text-align: justify;\">Si teniu ve\u00efns i ve\u00efnes, amistats, familiars, companyes i companys de feina, etc. que vulguin fer aquest gest altruista de donar sang, no deixeu de compartir-los el nostre cartell aix\u00ed com l&#8217;enlla\u00e7 que aqu\u00ed us adjuntem per a demanar dia i hora.<\/p>\n<p style=\"text-align: justify;\">Gr\u00e0cies a tothom per fer-ho possible. Fem gran la campanya. Comptem amb tu!<\/p>\n<ul>\n<li>Enlla\u00e7 per apuntar-se el dijous 14 de mar\u00e7 (horari de 16 a 20 h): <a href=\"https:\/\/donarsang.gencat.cat\/es\/quiero-donar\/cita\/recogida\/poblacion\/\/11474\/barbera-del-valles\/14-03-2024\/\">https:\/\/donarsang.gencat.cat\/es\/quiero-donar\/cita\/recogida\/poblacion\/\/11474\/barbera-del-valles\/14-03-2024\/<\/a><\/li>\n<li>Enlla\u00e7 per apuntar-se el divendres 15 de mar\u00e7 (horari de 10 a 13 h i de 16 a 20 h): <a href=\"https:\/\/donarsang.gencat.cat\/es\/quiero-donar\/cita\/recogida\/poblacion\/\/11474\/barbera-del-valles\/15-03-2024\/\">https:\/\/donarsang.gencat.cat\/es\/quiero-donar\/cita\/recogida\/poblacion\/\/11474\/barbera-del-valles\/15-03-2024\/<\/a><\/li>\n<\/ul>\n<p><a href=\"https:\/\/agora.xtec.cat\/ieslaromanica\/wp-content\/uploads\/usu857\/2024\/02\/Cartell-difusio-campanya-donacio-sang-v2_page-0001.jpg\"><img loading=\"lazy\" decoding=\"async\" class=\"size-large wp-image-23905 aligncenter\" src=\"https:\/\/agora.xtec.cat\/ieslaromanica\/wp-content\/uploads\/usu857\/2024\/02\/Cartell-difusio-campanya-donacio-sang-v2_page-0001-724x1024.jpg\" alt=\"\" width=\"724\" height=\"1024\" srcset=\"https:\/\/agora.xtec.cat\/ieslaromanica\/wp-content\/uploads\/usu857\/2024\/02\/Cartell-difusio-campanya-donacio-sang-v2_page-0001-724x1024.jpg 724w, https:\/\/agora.xtec.cat\/ieslaromanica\/wp-content\/uploads\/usu857\/2024\/02\/Cartell-difusio-campanya-donacio-sang-v2_page-0001-212x300.jpg 212w, https:\/\/agora.xtec.cat\/ieslaromanica\/wp-content\/uploads\/usu857\/2024\/02\/Cartell-difusio-campanya-donacio-sang-v2_page-0001-768x1087.jpg 768w, https:\/\/agora.xtec.cat\/ieslaromanica\/wp-content\/uploads\/usu857\/2024\/02\/Cartell-difusio-campanya-donacio-sang-v2_page-0001-1085x1536.jpg 1085w, https:\/\/agora.xtec.cat\/ieslaromanica\/wp-content\/uploads\/usu857\/2024\/02\/Cartell-difusio-campanya-donacio-sang-v2_page-0001.jpg 1240w\" sizes=\"auto, (max-width: 724px) 100vw, 724px\" \/><\/a><\/p>\n","protected":false},"excerpt":{"rendered":"<p>Els dies 14 i 15 de mar\u00e7 tindr\u00e0 lloc la III Campanya de Donaci\u00f3 de Sang en la qual participa el nostre institut. Un any m\u00e9s gr\u00e0cies al Banc de Sang i Teixits (BST) de Catalunya, aix\u00ed com al nostre alumnat de 3r d&#8217;ESO faran&hellip;  <a href=\"https:\/\/agora.xtec.cat\/ieslaromanica\/general\/iii-campanya-de-donacio-de-sang-a-la-romanica\/\" title=\"Read III Campanya de Donaci\u00f3 de Sang a La Rom\u00e0nica!\">Llegeix m\u00e9s\u00bb<\/a><\/p>\n","protected":false},"author":34,"featured_media":23905,"comment_status":"open","ping_status":"closed","sticky":false,"template":"","format":"standard","meta":{"_bbp_topic_count":0,"_bbp_reply_count":0,"_bbp_total_topic_count":0,"_bbp_total_reply_count":0,"_bbp_voice_count":0,"_bbp_anonymous_reply_count":0,"_bbp_topic_count_hidden":0,"_bbp_reply_count_hidden":0,"_bbp_forum_subforum_count":0,"footnotes":""},"categories":[1],"tags":[],"class_list":["post-23904","post","type-post","status-publish","format-standard","has-post-thumbnail","hentry","category-general"],"post_mailing_queue_ids":[],"_links":{"self":[{"href":"https:\/\/agora.xtec.cat\/ieslaromanica\/wp-json\/wp\/v2\/posts\/23904","targetHints":{"allow":["GET"]}}],"collection":[{"href":"https:\/\/agora.xtec.cat\/ieslaromanica\/wp-json\/wp\/v2\/posts"}],"about":[{"href":"https:\/\/agora.xtec.cat\/ieslaromanica\/wp-json\/wp\/v2\/types\/post"}],"author":[{"embeddable":true,"href":"https:\/\/agora.xtec.cat\/ieslaromanica\/wp-json\/wp\/v2\/users\/34"}],"replies":[{"embeddable":true,"href":"https:\/\/agora.xtec.cat\/ieslaromanica\/wp-json\/wp\/v2\/comments?post=23904"}],"version-history":[{"count":1,"href":"https:\/\/agora.xtec.cat\/ieslaromanica\/wp-json\/wp\/v2\/posts\/23904\/revisions"}],"predecessor-version":[{"id":23906,"href":"https:\/\/agora.xtec.cat\/ieslaromanica\/wp-json\/wp\/v2\/posts\/23904\/revisions\/23906"}],"wp:featuredmedia":[{"embeddable":true,"href":"https:\/\/agora.xtec.cat\/ieslaromanica\/wp-json\/wp\/v2\/media\/23905"}],"wp:attachment":[{"href":"https:\/\/agora.xtec.cat\/ieslaromanica\/wp-json\/wp\/v2\/media?parent=23904"}],"wp:term":[{"taxonomy":"category","embeddable":true,"href":"https:\/\/agora.xtec.cat\/ieslaromanica\/wp-json\/wp\/v2\/categories?post=23904"},{"taxonomy":"post_tag","embeddable":true,"href":"https:\/\/agora.xtec.cat\/ieslaromanica\/wp-json\/wp\/v2\/tags?post=23904"}],"curies":[{"name":"wp","href":"https:\/\/api.w.org\/{rel}","templated":true}]}}