{"id":23859,"date":"2024-02-17T18:57:47","date_gmt":"2024-02-17T17:57:47","guid":{"rendered":"https:\/\/agora.xtec.cat\/ieslaromanica\/?p=23859"},"modified":"2024-02-17T19:00:34","modified_gmt":"2024-02-17T18:00:34","slug":"poliedres-arquimedians-estrellats","status":"publish","type":"post","link":"https:\/\/agora.xtec.cat\/ieslaromanica\/general\/poliedres-arquimedians-estrellats\/","title":{"rendered":"Poliedres Arquimedians estrellats"},"content":{"rendered":"<p><span style=\"font-family: arial;\" data-keep-original-tag=\"false\" data-original-attrs=\"{&quot;style&quot;:&quot;&quot;}\">Des del departament de Visual i Pl\u00e0stica s&#8217;ha estat preparant material did\u00e0ctic per utilitzar amb els alumnes de 4t d&#8217;ESO a la mat\u00e8ria de projectes: <em>Gaudir les formes<\/em>, ja que l&#8217;arquitecte Antoni Gaud\u00ed va estar estudiant els s\u00f2lids plat\u00f2nics i les seves manipulacions i truncaments vinculats als poliedres arquimedians. Podem observar els resultats de la seva recerca, per exemple, en les creus i pinacles de les torres de la Sagrada Fam\u00edlia.\u00a0<\/span><\/p>\n<p><span style=\"font-family: arial;\" data-keep-original-tag=\"false\" data-original-attrs=\"{&quot;style&quot;:&quot;&quot;}\">El seu estudi tamb\u00e9 t\u00e9 cabuda en el temari de dibuix t\u00e8cnic de Batxillerat.\u00a0<\/span><\/p>\n<p><span style=\"font-family: arial;\" data-keep-original-tag=\"false\" data-original-attrs=\"{&quot;style&quot;:&quot;&quot;}\">El material corresponent als s\u00f2lids Arquimedians s&#8217;ha creat amb cartolina mitjan\u00e7ant desenvolupaments, en cavi pels poliedres Arquimedians estrellats s&#8217;han utilitzat varetes de cart\u00f3. Amb aquests \u00faltims hem muntat una exposici\u00f3 a la planta baixa de l&#8217;Institut. Desitgem que us agradi i podeu gaudir de la bellesa que representen!<\/span><\/p>\n<table style=\"border-collapse: collapse; width: 69.5796%; height: 71px;\">\n<tbody>\n<tr>\n<td style=\"width: 70.0318%;\"><a href=\"https:\/\/agora.xtec.cat\/ieslaromanica\/wp-content\/uploads\/usu857\/2024\/02\/A-todos1-2mg-scaled.jpg\"><img loading=\"lazy\" decoding=\"async\" class=\"alignleft size-large wp-image-23861\" src=\"https:\/\/agora.xtec.cat\/ieslaromanica\/wp-content\/uploads\/usu857\/2024\/02\/A-todos1-2mg-1024x364.jpg\" alt=\"\" width=\"1024\" height=\"364\" srcset=\"https:\/\/agora.xtec.cat\/ieslaromanica\/wp-content\/uploads\/usu857\/2024\/02\/A-todos1-2mg-1024x364.jpg 1024w, https:\/\/agora.xtec.cat\/ieslaromanica\/wp-content\/uploads\/usu857\/2024\/02\/A-todos1-2mg-300x107.jpg 300w, https:\/\/agora.xtec.cat\/ieslaromanica\/wp-content\/uploads\/usu857\/2024\/02\/A-todos1-2mg-768x273.jpg 768w, https:\/\/agora.xtec.cat\/ieslaromanica\/wp-content\/uploads\/usu857\/2024\/02\/A-todos1-2mg-1536x546.jpg 1536w, https:\/\/agora.xtec.cat\/ieslaromanica\/wp-content\/uploads\/usu857\/2024\/02\/A-todos1-2mg-2048x728.jpg 2048w\" sizes=\"auto, (max-width: 1024px) 100vw, 1024px\" \/><\/a><\/td>\n<td style=\"width: 29.9682%;\">Poliedres Arquimedians<\/td>\n<\/tr>\n<tr>\n<td style=\"width: 70.0318%;\"><a href=\"https:\/\/agora.xtec.cat\/ieslaromanica\/wp-content\/uploads\/usu857\/2024\/02\/PG-Arquimedians-estrellats-TOTS-2mg.jpg\"><img loading=\"lazy\" decoding=\"async\" class=\"alignleft size-large wp-image-23863\" src=\"https:\/\/agora.xtec.cat\/ieslaromanica\/wp-content\/uploads\/usu857\/2024\/02\/PG-Arquimedians-estrellats-TOTS-2mg-1024x450.jpg\" alt=\"\" width=\"1024\" height=\"450\" srcset=\"https:\/\/agora.xtec.cat\/ieslaromanica\/wp-content\/uploads\/usu857\/2024\/02\/PG-Arquimedians-estrellats-TOTS-2mg-1024x450.jpg 1024w, https:\/\/agora.xtec.cat\/ieslaromanica\/wp-content\/uploads\/usu857\/2024\/02\/PG-Arquimedians-estrellats-TOTS-2mg-300x132.jpg 300w, https:\/\/agora.xtec.cat\/ieslaromanica\/wp-content\/uploads\/usu857\/2024\/02\/PG-Arquimedians-estrellats-TOTS-2mg-768x338.jpg 768w, https:\/\/agora.xtec.cat\/ieslaromanica\/wp-content\/uploads\/usu857\/2024\/02\/PG-Arquimedians-estrellats-TOTS-2mg-1536x676.jpg 1536w, https:\/\/agora.xtec.cat\/ieslaromanica\/wp-content\/uploads\/usu857\/2024\/02\/PG-Arquimedians-estrellats-TOTS-2mg-2048x901.jpg 2048w\" sizes=\"auto, (max-width: 1024px) 100vw, 1024px\" \/><\/a><\/td>\n<td style=\"width: 29.9682%;\">Poliedres Arquimedians estrellats<\/td>\n<\/tr>\n<tr>\n<td style=\"width: 70.0318%;\"><a href=\"https:\/\/agora.xtec.cat\/ieslaromanica\/wp-content\/uploads\/usu857\/2024\/02\/Expo-Arquimeddians-estrellats-ok-2mg.jpg\"><img loading=\"lazy\" decoding=\"async\" class=\"alignleft size-large wp-image-23862\" src=\"https:\/\/agora.xtec.cat\/ieslaromanica\/wp-content\/uploads\/usu857\/2024\/02\/Expo-Arquimeddians-estrellats-ok-2mg-1024x711.jpg\" alt=\"\" width=\"1024\" height=\"711\" srcset=\"https:\/\/agora.xtec.cat\/ieslaromanica\/wp-content\/uploads\/usu857\/2024\/02\/Expo-Arquimeddians-estrellats-ok-2mg-1024x711.jpg 1024w, https:\/\/agora.xtec.cat\/ieslaromanica\/wp-content\/uploads\/usu857\/2024\/02\/Expo-Arquimeddians-estrellats-ok-2mg-300x208.jpg 300w, https:\/\/agora.xtec.cat\/ieslaromanica\/wp-content\/uploads\/usu857\/2024\/02\/Expo-Arquimeddians-estrellats-ok-2mg-768x533.jpg 768w, https:\/\/agora.xtec.cat\/ieslaromanica\/wp-content\/uploads\/usu857\/2024\/02\/Expo-Arquimeddians-estrellats-ok-2mg-1536x1067.jpg 1536w, https:\/\/agora.xtec.cat\/ieslaromanica\/wp-content\/uploads\/usu857\/2024\/02\/Expo-Arquimeddians-estrellats-ok-2mg.jpg 1600w\" sizes=\"auto, (max-width: 1024px) 100vw, 1024px\" \/><\/a><\/td>\n<td style=\"width: 29.9682%;\">Exposici\u00f3 a l&#8217;Institut<\/td>\n<\/tr>\n<\/tbody>\n<\/table>\n","protected":false},"excerpt":{"rendered":"<p>Des del departament de Visual i Pl\u00e0stica s&#8217;ha estat preparant material did\u00e0ctic per utilitzar amb els alumnes de 4t d&#8217;ESO a la mat\u00e8ria de projectes: Gaudir les formes, ja que l&#8217;arquitecte Antoni Gaud\u00ed va estar estudiant els s\u00f2lids plat\u00f2nics i les seves manipulacions i truncaments&hellip;  <a href=\"https:\/\/agora.xtec.cat\/ieslaromanica\/general\/poliedres-arquimedians-estrellats\/\" title=\"Read Poliedres Arquimedians estrellats\">Llegeix m\u00e9s\u00bb<\/a><\/p>\n","protected":false},"author":6,"featured_media":23864,"comment_status":"open","ping_status":"closed","sticky":false,"template":"","format":"standard","meta":{"_bbp_topic_count":0,"_bbp_reply_count":0,"_bbp_total_topic_count":0,"_bbp_total_reply_count":0,"_bbp_voice_count":0,"_bbp_anonymous_reply_count":0,"_bbp_topic_count_hidden":0,"_bbp_reply_count_hidden":0,"_bbp_forum_subforum_count":0,"footnotes":""},"categories":[7,1],"tags":[320,300,252,319],"class_list":["post-23859","post","type-post","status-publish","format-standard","has-post-thumbnail","hentry","category-eso-4","category-general","tag-ambit-artistic","tag-departament-de-visual-i-plastica","tag-exposicions","tag-projecte-gaudir-les-formes"],"post_mailing_queue_ids":[],"_links":{"self":[{"href":"https:\/\/agora.xtec.cat\/ieslaromanica\/wp-json\/wp\/v2\/posts\/23859","targetHints":{"allow":["GET"]}}],"collection":[{"href":"https:\/\/agora.xtec.cat\/ieslaromanica\/wp-json\/wp\/v2\/posts"}],"about":[{"href":"https:\/\/agora.xtec.cat\/ieslaromanica\/wp-json\/wp\/v2\/types\/post"}],"author":[{"embeddable":true,"href":"https:\/\/agora.xtec.cat\/ieslaromanica\/wp-json\/wp\/v2\/users\/6"}],"replies":[{"embeddable":true,"href":"https:\/\/agora.xtec.cat\/ieslaromanica\/wp-json\/wp\/v2\/comments?post=23859"}],"version-history":[{"count":4,"href":"https:\/\/agora.xtec.cat\/ieslaromanica\/wp-json\/wp\/v2\/posts\/23859\/revisions"}],"predecessor-version":[{"id":23867,"href":"https:\/\/agora.xtec.cat\/ieslaromanica\/wp-json\/wp\/v2\/posts\/23859\/revisions\/23867"}],"wp:featuredmedia":[{"embeddable":true,"href":"https:\/\/agora.xtec.cat\/ieslaromanica\/wp-json\/wp\/v2\/media\/23864"}],"wp:attachment":[{"href":"https:\/\/agora.xtec.cat\/ieslaromanica\/wp-json\/wp\/v2\/media?parent=23859"}],"wp:term":[{"taxonomy":"category","embeddable":true,"href":"https:\/\/agora.xtec.cat\/ieslaromanica\/wp-json\/wp\/v2\/categories?post=23859"},{"taxonomy":"post_tag","embeddable":true,"href":"https:\/\/agora.xtec.cat\/ieslaromanica\/wp-json\/wp\/v2\/tags?post=23859"}],"curies":[{"name":"wp","href":"https:\/\/api.w.org\/{rel}","templated":true}]}}