{"id":23855,"date":"2024-02-17T17:09:12","date_gmt":"2024-02-17T16:09:12","guid":{"rendered":"https:\/\/agora.xtec.cat\/ieslaromanica\/?p=23855"},"modified":"2024-02-17T17:38:21","modified_gmt":"2024-02-17T16:38:21","slug":"catenaries-i-escultures-reglades","status":"publish","type":"post","link":"https:\/\/agora.xtec.cat\/ieslaromanica\/general\/catenaries-i-escultures-reglades\/","title":{"rendered":"Caten\u00e0ries i escultures reglades"},"content":{"rendered":"<p><span style=\"font-family: arial;\" data-keep-original-tag=\"false\" data-original-attrs=\"{&quot;style&quot;:&quot;&quot;}\">Una de les grans aportacions de l&#8217;arquitecte Antoni Gaud\u00ed va ser l&#8217;estudi de caten\u00e0ries i funiculars aix\u00ed com el de les superf\u00edcies reglades que el van ajudar a construir les estructures i els espais d&#8217;obres com les golfes de la Casa Batll\u00f3, la Cripta G\u00fcell i la Sagrada Fam\u00edlia.<\/span><\/p>\n<p><span style=\"font-family: arial;\" data-keep-original-tag=\"false\" data-original-attrs=\"{&quot;style&quot;:&quot;&quot;}\">Seguint el mateix m\u00e8tode de treball d&#8217;en Gaud\u00ed, mitjan\u00e7ant maquetes i escultures, els alumnes de 4t d&#8217;ESO de la mat\u00e8ria de projectes de Visual i Pl\u00e0stica han estat investigant i experimentant amb les caten\u00e0ries i les formes derivades de les superf\u00edcies reglades com els conoides, paraboloides i hiperboloides creant finalment unes obres personals i de gran impacte visual.<\/span><\/p>\n<p><span style=\"font-family: arial;\" data-keep-original-tag=\"false\" data-original-attrs=\"{&quot;style&quot;:&quot;&quot;}\">Algunes d&#8217;elles s&#8217;han exposat a la planta baixa del centre.<\/span><\/p>\n<table style=\"border-collapse: collapse; width: 71.0177%; height: 112px;\">\n<tbody>\n<tr>\n<td style=\"width: 73.9361%;\"><a href=\"https:\/\/agora.xtec.cat\/ieslaromanica\/wp-content\/uploads\/usu857\/2024\/02\/Muntatge-catenaries-2mg.jpg\"><img loading=\"lazy\" decoding=\"async\" class=\"alignleft size-large wp-image-23851\" src=\"https:\/\/agora.xtec.cat\/ieslaromanica\/wp-content\/uploads\/usu857\/2024\/02\/Muntatge-catenaries-2mg-804x1024.jpg\" alt=\"\" width=\"804\" height=\"1024\" srcset=\"https:\/\/agora.xtec.cat\/ieslaromanica\/wp-content\/uploads\/usu857\/2024\/02\/Muntatge-catenaries-2mg-804x1024.jpg 804w, https:\/\/agora.xtec.cat\/ieslaromanica\/wp-content\/uploads\/usu857\/2024\/02\/Muntatge-catenaries-2mg-236x300.jpg 236w, https:\/\/agora.xtec.cat\/ieslaromanica\/wp-content\/uploads\/usu857\/2024\/02\/Muntatge-catenaries-2mg-768x978.jpg 768w, https:\/\/agora.xtec.cat\/ieslaromanica\/wp-content\/uploads\/usu857\/2024\/02\/Muntatge-catenaries-2mg-1206x1536.jpg 1206w, https:\/\/agora.xtec.cat\/ieslaromanica\/wp-content\/uploads\/usu857\/2024\/02\/Muntatge-catenaries-2mg.jpg 1417w\" sizes=\"auto, (max-width: 804px) 100vw, 804px\" \/><\/a><\/td>\n<td style=\"width: 26.0639%;\">Alumnes treballant amb caten\u00e0ries<\/td>\n<\/tr>\n<tr>\n<td style=\"width: 73.9361%;\"><a href=\"https:\/\/agora.xtec.cat\/ieslaromanica\/wp-content\/uploads\/usu857\/2024\/02\/muntatge-blau-2mg.jpg\"><img loading=\"lazy\" decoding=\"async\" class=\"alignleft size-large wp-image-23850\" src=\"https:\/\/agora.xtec.cat\/ieslaromanica\/wp-content\/uploads\/usu857\/2024\/02\/muntatge-blau-2mg-1024x437.jpg\" alt=\"\" width=\"1024\" height=\"437\" srcset=\"https:\/\/agora.xtec.cat\/ieslaromanica\/wp-content\/uploads\/usu857\/2024\/02\/muntatge-blau-2mg-1024x437.jpg 1024w, https:\/\/agora.xtec.cat\/ieslaromanica\/wp-content\/uploads\/usu857\/2024\/02\/muntatge-blau-2mg-300x128.jpg 300w, https:\/\/agora.xtec.cat\/ieslaromanica\/wp-content\/uploads\/usu857\/2024\/02\/muntatge-blau-2mg-768x328.jpg 768w, https:\/\/agora.xtec.cat\/ieslaromanica\/wp-content\/uploads\/usu857\/2024\/02\/muntatge-blau-2mg-1536x656.jpg 1536w, https:\/\/agora.xtec.cat\/ieslaromanica\/wp-content\/uploads\/usu857\/2024\/02\/muntatge-blau-2mg-2048x875.jpg 2048w\" sizes=\"auto, (max-width: 1024px) 100vw, 1024px\" \/><\/a><\/td>\n<td style=\"width: 26.0639%;\">Escultura reglada<\/td>\n<\/tr>\n<tr>\n<td style=\"width: 73.9361%;\"><a href=\"https:\/\/agora.xtec.cat\/ieslaromanica\/wp-content\/uploads\/usu857\/2024\/02\/muntatge-rosa-2mg.jpg\"><img loading=\"lazy\" decoding=\"async\" class=\"alignleft size-large wp-image-23853\" src=\"https:\/\/agora.xtec.cat\/ieslaromanica\/wp-content\/uploads\/usu857\/2024\/02\/muntatge-rosa-2mg-1024x437.jpg\" alt=\"\" width=\"1024\" height=\"437\" srcset=\"https:\/\/agora.xtec.cat\/ieslaromanica\/wp-content\/uploads\/usu857\/2024\/02\/muntatge-rosa-2mg-1024x437.jpg 1024w, https:\/\/agora.xtec.cat\/ieslaromanica\/wp-content\/uploads\/usu857\/2024\/02\/muntatge-rosa-2mg-300x128.jpg 300w, https:\/\/agora.xtec.cat\/ieslaromanica\/wp-content\/uploads\/usu857\/2024\/02\/muntatge-rosa-2mg-768x328.jpg 768w, https:\/\/agora.xtec.cat\/ieslaromanica\/wp-content\/uploads\/usu857\/2024\/02\/muntatge-rosa-2mg-1536x656.jpg 1536w, https:\/\/agora.xtec.cat\/ieslaromanica\/wp-content\/uploads\/usu857\/2024\/02\/muntatge-rosa-2mg-2048x875.jpg 2048w\" sizes=\"auto, (max-width: 1024px) 100vw, 1024px\" \/><\/a><\/td>\n<td style=\"width: 26.0639%;\">Escultura reglada amb paraboloides<\/td>\n<\/tr>\n<tr>\n<td style=\"width: 73.9361%;\"><a href=\"https:\/\/agora.xtec.cat\/ieslaromanica\/wp-content\/uploads\/usu857\/2024\/02\/Muntatge-expo-2mg.jpg\"><img loading=\"lazy\" decoding=\"async\" class=\"alignleft size-large wp-image-23852\" src=\"https:\/\/agora.xtec.cat\/ieslaromanica\/wp-content\/uploads\/usu857\/2024\/02\/Muntatge-expo-2mg-1024x545.jpg\" alt=\"\" width=\"1024\" height=\"545\" srcset=\"https:\/\/agora.xtec.cat\/ieslaromanica\/wp-content\/uploads\/usu857\/2024\/02\/Muntatge-expo-2mg-1024x545.jpg 1024w, https:\/\/agora.xtec.cat\/ieslaromanica\/wp-content\/uploads\/usu857\/2024\/02\/Muntatge-expo-2mg-300x160.jpg 300w, https:\/\/agora.xtec.cat\/ieslaromanica\/wp-content\/uploads\/usu857\/2024\/02\/Muntatge-expo-2mg-768x409.jpg 768w, https:\/\/agora.xtec.cat\/ieslaromanica\/wp-content\/uploads\/usu857\/2024\/02\/Muntatge-expo-2mg-1536x817.jpg 1536w, https:\/\/agora.xtec.cat\/ieslaromanica\/wp-content\/uploads\/usu857\/2024\/02\/Muntatge-expo-2mg.jpg 2047w\" sizes=\"auto, (max-width: 1024px) 100vw, 1024px\" \/><\/a><\/td>\n<td style=\"width: 26.0639%;\">Muntatge i exposici\u00f3<\/td>\n<\/tr>\n<\/tbody>\n<\/table>\n","protected":false},"excerpt":{"rendered":"<p>Una de les grans aportacions de l&#8217;arquitecte Antoni Gaud\u00ed va ser l&#8217;estudi de caten\u00e0ries i funiculars aix\u00ed com el de les superf\u00edcies reglades que el van ajudar a construir les estructures i els espais d&#8217;obres com les golfes de la Casa Batll\u00f3, la Cripta G\u00fcell&hellip;  <a href=\"https:\/\/agora.xtec.cat\/ieslaromanica\/general\/catenaries-i-escultures-reglades\/\" title=\"Read Caten\u00e0ries i escultures reglades\">Llegeix m\u00e9s\u00bb<\/a><\/p>\n","protected":false},"author":6,"featured_media":23858,"comment_status":"open","ping_status":"closed","sticky":false,"template":"","format":"standard","meta":{"_bbp_topic_count":0,"_bbp_reply_count":0,"_bbp_total_topic_count":0,"_bbp_total_reply_count":0,"_bbp_voice_count":0,"_bbp_anonymous_reply_count":0,"_bbp_topic_count_hidden":0,"_bbp_reply_count_hidden":0,"_bbp_forum_subforum_count":0,"footnotes":""},"categories":[7,1],"tags":[320,300,252,319],"class_list":["post-23855","post","type-post","status-publish","format-standard","has-post-thumbnail","hentry","category-eso-4","category-general","tag-ambit-artistic","tag-departament-de-visual-i-plastica","tag-exposicions","tag-projecte-gaudir-les-formes"],"post_mailing_queue_ids":[],"_links":{"self":[{"href":"https:\/\/agora.xtec.cat\/ieslaromanica\/wp-json\/wp\/v2\/posts\/23855","targetHints":{"allow":["GET"]}}],"collection":[{"href":"https:\/\/agora.xtec.cat\/ieslaromanica\/wp-json\/wp\/v2\/posts"}],"about":[{"href":"https:\/\/agora.xtec.cat\/ieslaromanica\/wp-json\/wp\/v2\/types\/post"}],"author":[{"embeddable":true,"href":"https:\/\/agora.xtec.cat\/ieslaromanica\/wp-json\/wp\/v2\/users\/6"}],"replies":[{"embeddable":true,"href":"https:\/\/agora.xtec.cat\/ieslaromanica\/wp-json\/wp\/v2\/comments?post=23855"}],"version-history":[{"count":1,"href":"https:\/\/agora.xtec.cat\/ieslaromanica\/wp-json\/wp\/v2\/posts\/23855\/revisions"}],"predecessor-version":[{"id":23856,"href":"https:\/\/agora.xtec.cat\/ieslaromanica\/wp-json\/wp\/v2\/posts\/23855\/revisions\/23856"}],"wp:featuredmedia":[{"embeddable":true,"href":"https:\/\/agora.xtec.cat\/ieslaromanica\/wp-json\/wp\/v2\/media\/23858"}],"wp:attachment":[{"href":"https:\/\/agora.xtec.cat\/ieslaromanica\/wp-json\/wp\/v2\/media?parent=23855"}],"wp:term":[{"taxonomy":"category","embeddable":true,"href":"https:\/\/agora.xtec.cat\/ieslaromanica\/wp-json\/wp\/v2\/categories?post=23855"},{"taxonomy":"post_tag","embeddable":true,"href":"https:\/\/agora.xtec.cat\/ieslaromanica\/wp-json\/wp\/v2\/tags?post=23855"}],"curies":[{"name":"wp","href":"https:\/\/api.w.org\/{rel}","templated":true}]}}