{"id":23805,"date":"2024-01-31T11:20:38","date_gmt":"2024-01-31T10:20:38","guid":{"rendered":"https:\/\/agora.xtec.cat\/ieslaromanica\/?p=23805"},"modified":"2024-01-31T11:34:21","modified_gmt":"2024-01-31T10:34:21","slug":"coneixem-el-projecte-a-porta","status":"publish","type":"post","link":"https:\/\/agora.xtec.cat\/ieslaromanica\/general\/coneixem-el-projecte-a-porta\/","title":{"rendered":"Coneixem el projecte A-porta!"},"content":{"rendered":"<p style=\"text-align: justify;\">Avui ens hem reunit amb la <strong><a href=\"https:\/\/confavc.cat\/\">Confederaci\u00f3 d&#8217;Associacions Ve\u00efnals de Catalunya<\/a><\/strong> (<span class=\"hiddenSpellError\">CONFAVC<\/span>), qui ens ha presentat <strong>el projecte A-porta<\/strong>, a trav\u00e9s de l&#8217;Esther, com a coordinadora d&#8217;aquest. Es tracta d&#8217;un projecte que t\u00e9 per objectiu abordar la solitud no volguda de les persones, en especial de la gent gran, del barri de la Rom\u00e0nica i del Barri Antic de Barber\u00e0 del Vall\u00e8s.<\/p>\n<p>M\u00e9s enll\u00e0 de parlar-ne sobre diferents iniciatives impulsades des de la\u00a0<span class=\"hiddenSpellError\">CONFAVC<\/span>\u00a0i el nostre centre, aix\u00ed com possibles col\u00b7laboracions futures, hem acordat fer difusi\u00f3 del projecte, aix\u00ed com de l&#8217;oferta laboral associada. Es busquen persones diverses, majors d&#8217;edat, especialment que siguin ve\u00efnes i ve\u00efns del barri de la Rom\u00e0nica i del barri Antic. Us adjuntem l&#8217;oferta perqu\u00e8 pugueu fer-ne difusi\u00f3 a les persones que considereu que podrien estar interessades a participar en aquesta iniciativa.<\/p>\n<p style=\"text-align: center;\"><strong><a href=\"https:\/\/agora.xtec.cat\/ieslaromanica\/wp-content\/uploads\/usu857\/2024\/01\/Oferta-Laboral-BdV-1.pdf\">FES CLIC AQU\u00cd PER DESCARREGAR L&#8217;ARXIU D&#8217;OFERTA LABORAL DEL PROJECTE A-PORTA<\/a><\/strong><\/p>\n<p style=\"text-align: justify;\">Aprofitem per donar les gr\u00e0cies a la Confederaci\u00f3 d&#8217;Associacions Ve\u00efnals de Catalunya per la seva tasca, aix\u00ed com a l&#8217;Esther, com a responsable del projecte A-porta, per la tasca que fan. No defalliu.<\/p>\n<p>Gr\u00e0cies per la vostra atenci\u00f3.<\/p>\n<p><a href=\"https:\/\/agora.xtec.cat\/ieslaromanica\/wp-content\/uploads\/usu857\/2024\/01\/IMG_3585-1-scaled-e1706696330597.jpg\"><img loading=\"lazy\" decoding=\"async\" class=\"size-large wp-image-23806 aligncenter\" src=\"https:\/\/agora.xtec.cat\/ieslaromanica\/wp-content\/uploads\/usu857\/2024\/01\/IMG_3585-1-scaled-e1706696330597-768x1024.jpg\" alt=\"\" width=\"768\" height=\"1024\" srcset=\"https:\/\/agora.xtec.cat\/ieslaromanica\/wp-content\/uploads\/usu857\/2024\/01\/IMG_3585-1-scaled-e1706696330597-768x1024.jpg 768w, https:\/\/agora.xtec.cat\/ieslaromanica\/wp-content\/uploads\/usu857\/2024\/01\/IMG_3585-1-scaled-e1706696330597-225x300.jpg 225w, https:\/\/agora.xtec.cat\/ieslaromanica\/wp-content\/uploads\/usu857\/2024\/01\/IMG_3585-1-scaled-e1706696330597-1152x1536.jpg 1152w, https:\/\/agora.xtec.cat\/ieslaromanica\/wp-content\/uploads\/usu857\/2024\/01\/IMG_3585-1-scaled-e1706696330597-1536x2048.jpg 1536w, https:\/\/agora.xtec.cat\/ieslaromanica\/wp-content\/uploads\/usu857\/2024\/01\/IMG_3585-1-scaled-e1706696330597.jpg 1920w\" sizes=\"auto, (max-width: 768px) 100vw, 768px\" \/><\/a><\/p>\n","protected":false},"excerpt":{"rendered":"<p>Avui ens hem reunit amb la <a href=\"https:\/\/confavc.cat\/\">Confederaci\u00f3 d&#8217;Associacions Ve\u00efnals de Catalunya<\/a> (CONFAVC), qui ens ha presentat el projecte A-porta, a trav\u00e9s de l&#8217;Esther, com a coordinadora d&#8217;aquest. Es tracta d&#8217;un projecte que t\u00e9 per objectiu abordar la solitud no volguda de les persones, en&hellip;  <a href=\"https:\/\/agora.xtec.cat\/ieslaromanica\/general\/coneixem-el-projecte-a-porta\/\" title=\"Read Coneixem el projecte A-porta!\">Llegeix m\u00e9s\u00bb<\/a><\/p>\n","protected":false},"author":34,"featured_media":23806,"comment_status":"open","ping_status":"closed","sticky":false,"template":"","format":"standard","meta":{"_bbp_topic_count":0,"_bbp_reply_count":0,"_bbp_total_topic_count":0,"_bbp_total_reply_count":0,"_bbp_voice_count":0,"_bbp_anonymous_reply_count":0,"_bbp_topic_count_hidden":0,"_bbp_reply_count_hidden":0,"_bbp_forum_subforum_count":0,"footnotes":""},"categories":[1],"tags":[],"class_list":["post-23805","post","type-post","status-publish","format-standard","has-post-thumbnail","hentry","category-general"],"post_mailing_queue_ids":[],"_links":{"self":[{"href":"https:\/\/agora.xtec.cat\/ieslaromanica\/wp-json\/wp\/v2\/posts\/23805","targetHints":{"allow":["GET"]}}],"collection":[{"href":"https:\/\/agora.xtec.cat\/ieslaromanica\/wp-json\/wp\/v2\/posts"}],"about":[{"href":"https:\/\/agora.xtec.cat\/ieslaromanica\/wp-json\/wp\/v2\/types\/post"}],"author":[{"embeddable":true,"href":"https:\/\/agora.xtec.cat\/ieslaromanica\/wp-json\/wp\/v2\/users\/34"}],"replies":[{"embeddable":true,"href":"https:\/\/agora.xtec.cat\/ieslaromanica\/wp-json\/wp\/v2\/comments?post=23805"}],"version-history":[{"count":2,"href":"https:\/\/agora.xtec.cat\/ieslaromanica\/wp-json\/wp\/v2\/posts\/23805\/revisions"}],"predecessor-version":[{"id":23812,"href":"https:\/\/agora.xtec.cat\/ieslaromanica\/wp-json\/wp\/v2\/posts\/23805\/revisions\/23812"}],"wp:featuredmedia":[{"embeddable":true,"href":"https:\/\/agora.xtec.cat\/ieslaromanica\/wp-json\/wp\/v2\/media\/23806"}],"wp:attachment":[{"href":"https:\/\/agora.xtec.cat\/ieslaromanica\/wp-json\/wp\/v2\/media?parent=23805"}],"wp:term":[{"taxonomy":"category","embeddable":true,"href":"https:\/\/agora.xtec.cat\/ieslaromanica\/wp-json\/wp\/v2\/categories?post=23805"},{"taxonomy":"post_tag","embeddable":true,"href":"https:\/\/agora.xtec.cat\/ieslaromanica\/wp-json\/wp\/v2\/tags?post=23805"}],"curies":[{"name":"wp","href":"https:\/\/api.w.org\/{rel}","templated":true}]}}