{"id":23764,"date":"2024-01-11T08:42:57","date_gmt":"2024-01-11T07:42:57","guid":{"rendered":"https:\/\/agora.xtec.cat\/ieslaromanica\/?p=23764"},"modified":"2024-02-07T12:39:28","modified_gmt":"2024-02-07T11:39:28","slug":"exposicions-1r-trimestre-23-24","status":"publish","type":"post","link":"https:\/\/agora.xtec.cat\/ieslaromanica\/general\/exposicions-1r-trimestre-23-24\/","title":{"rendered":"Exposicions 1r Trimestre 23-24"},"content":{"rendered":"<p>A continuaci\u00f3 trobareu un <b>llistat de les\u00a0exposicions<\/b>\u00a0ja finalitzades aquest 1r trimestre (2023-2024) i d\u2019aquelles que, o b\u00e9 ja s&#8217;estan muntant o est\u00e0 previst realitzar ben aviat:<\/p>\n<p><b>Castanyada i Nadal:<\/b><\/p>\n<p>&#8211;\u00a0<i>Decoraci\u00f3 castanyada<\/i>. AFA, alumnes diversificaci\u00f3. Conserges i secret\u00e0ries. PB.<\/p>\n<p><b>&#8211;\u00a0<\/b><i>Decoraci\u00f3 de Nadal i arbre de Nadal.\u00a0<\/i>Alumnes diversificaci\u00f3. Conserges i secret\u00e0ries. PB<\/p>\n<p><i>&#8211; Paneres de la\u00a0Marat\u00f3 de TV3<\/i>&#8211; PB.<\/p>\n<p><b>\u00c0mbit art\u00edstic, VIP:<\/b><\/p>\n<p>&#8211;\u00a0<i>Retrat d\u2019observaci\u00f3.<\/i>\u00a0Departament de Visual i Pl\u00e0stica. Alumnes de 1r i 3r d&#8217;ESO. P2.<\/p>\n<p>&#8211;\u00a0<i>Figura\/fons amb sabates i figures impossibles.<\/i>\u00a0Departament de Visual i Pl\u00e0stica. Alumnes de 1r d&#8217;ESO. P2.<\/p>\n<p>&#8211;\u00a0<i>Insectes.<\/i>\u00a0Departament de Visual i Pl\u00e0stica. Alumnes de 1r d&#8217;ESO. P2.<\/p>\n<p>&#8211;\u00a0<i>Interpretaci\u00f3 de Heith Haring<\/i>. VIP. Alumnes de 1r d&#8217;ESO. P2.<\/p>\n<p><span style=\"text-decoration: underline;\">En preparaci\u00f3<\/span>:<\/p>\n<p>&#8211;\u00a0<i>Collage identitats.<\/i> 4t d\u2019ESO. Cultura i valors.<\/p>\n<p>&#8211;\u00a0<i>Estructures de poliedres arquimedians estrellats<\/i>. Departament VIP.<\/p>\n<p>&#8211;\u00a0<i>Estructures reglades en 2D<\/i>. VIP, 4t ESO.<\/p>\n<p><b>\u00c0mbit ling\u00fc\u00edstic<\/b>:<\/p>\n<p>&#8211;\u00a0<i>El ni\u00f1o que viv\u00eda en las estrellas<\/i>. Drets humans. Departament de Castell\u00e0. P1<\/p>\n<p>&nbsp;<\/p>\n<p>Us adjuntem algunes imatges de les exposicions esmentades.<\/p>\n<p>&nbsp;<\/p>\n\r\n\t<div class=\"slideshow_container slideshow_container_style-light\" style=\"height: 800px; \" data-slideshow-id=\"23765\" data-style-name=\"style-light\" data-style-version=\"2.3.1\" >\r\n\r\n\t\t\t\t\t<div class=\"slideshow_loading_icon\"><\/div>\r\n\t\t\r\n\t\t<div class=\"slideshow_content\" style=\"display: none;\">\r\n\r\n\t\t\t<div class=\"slideshow_view\">\r\n\t\t\t\t<div class=\"slideshow_slide slideshow_slide_image\">\r\n\t\t\t\t\t\t\t\t\t\t\t<img src=\"https:\/\/agora.xtec.cat\/ieslaromanica\/wp-content\/uploads\/usu857\/2024\/01\/IMG_1887.jpg\" alt=\"IMG_1887\" width=\"1093\" height=\"1110\" \/>\r\n\t\t\t\t\t\t\t\t\t\t<div class=\"slideshow_description_box slideshow_transparent\">\r\n\t\t\t\t\t\t<div class=\"slideshow_title\">IMG_1887<\/div>\t\t\t\t\t\t\t\t\t\t\t<\/div>\r\n\t\t\t\t<\/div>\r\n\r\n\t\t\t\t\t\t<div style=\"clear: both;\"><\/div><\/div><div class=\"slideshow_view\">\r\n\t\t\t\t<div class=\"slideshow_slide slideshow_slide_image\">\r\n\t\t\t\t\t\t\t\t\t\t\t<img src=\"https:\/\/agora.xtec.cat\/ieslaromanica\/wp-content\/uploads\/usu857\/2024\/01\/IMG_1658bis-scaled.jpg\" alt=\"IMG_1658bis\" width=\"2560\" height=\"891\" \/>\r\n\t\t\t\t\t\t\t\t\t\t<div class=\"slideshow_description_box slideshow_transparent\">\r\n\t\t\t\t\t\t<div class=\"slideshow_title\">IMG_1658bis<\/div>\t\t\t\t\t\t\t\t\t\t\t<\/div>\r\n\t\t\t\t<\/div>\r\n\r\n\t\t\t\t\t\t<div style=\"clear: both;\"><\/div><\/div><div class=\"slideshow_view\">\r\n\t\t\t\t<div class=\"slideshow_slide slideshow_slide_image\">\r\n\t\t\t\t\t\t\t\t\t\t\t<img src=\"https:\/\/agora.xtec.cat\/ieslaromanica\/wp-content\/uploads\/usu857\/2024\/01\/IMG_1876bis-scaled.jpg\" alt=\"IMG_1876bis\" width=\"2560\" height=\"1749\" \/>\r\n\t\t\t\t\t\t\t\t\t\t<div class=\"slideshow_description_box slideshow_transparent\">\r\n\t\t\t\t\t\t<div class=\"slideshow_title\">IMG_1876bis<\/div>\t\t\t\t\t\t\t\t\t\t\t<\/div>\r\n\t\t\t\t<\/div>\r\n\r\n\t\t\t\t\t\t<div style=\"clear: both;\"><\/div><\/div><div class=\"slideshow_view\">\r\n\t\t\t\t<div class=\"slideshow_slide slideshow_slide_image\">\r\n\t\t\t\t\t\t\t\t\t\t\t<img src=\"https:\/\/agora.xtec.cat\/ieslaromanica\/wp-content\/uploads\/usu857\/2024\/01\/IMG_1656bis-scaled.jpg\" alt=\"IMG_1656bis\" width=\"2560\" height=\"1295\" \/>\r\n\t\t\t\t\t\t\t\t\t\t<div class=\"slideshow_description_box slideshow_transparent\">\r\n\t\t\t\t\t\t<div class=\"slideshow_title\">IMG_1656bis<\/div>\t\t\t\t\t\t\t\t\t\t\t<\/div>\r\n\t\t\t\t<\/div>\r\n\r\n\t\t\t\t\t\t<div style=\"clear: both;\"><\/div><\/div><div class=\"slideshow_view\">\r\n\t\t\t\t<div class=\"slideshow_slide slideshow_slide_image\">\r\n\t\t\t\t\t\t\t\t\t\t\t<img src=\"https:\/\/agora.xtec.cat\/ieslaromanica\/wp-content\/uploads\/usu857\/2024\/01\/IMG_1659bis-scaled.jpg\" alt=\"IMG_1659bis\" width=\"2560\" height=\"1310\" \/>\r\n\t\t\t\t\t\t\t\t\t\t<div class=\"slideshow_description_box slideshow_transparent\">\r\n\t\t\t\t\t\t<div class=\"slideshow_title\">IMG_1659bis<\/div>\t\t\t\t\t\t\t\t\t\t\t<\/div>\r\n\t\t\t\t<\/div>\r\n\r\n\t\t\t\t\t\t<div style=\"clear: both;\"><\/div><\/div><div class=\"slideshow_view\">\r\n\t\t\t\t<div class=\"slideshow_slide slideshow_slide_image\">\r\n\t\t\t\t\t\t\t\t\t\t\t<img src=\"https:\/\/agora.xtec.cat\/ieslaromanica\/wp-content\/uploads\/usu857\/2024\/01\/IMG_1662bis-scaled.jpg\" alt=\"IMG_1662bis\" width=\"2560\" height=\"1150\" \/>\r\n\t\t\t\t\t\t\t\t\t\t<div class=\"slideshow_description_box slideshow_transparent\">\r\n\t\t\t\t\t\t<div class=\"slideshow_title\">IMG_1662bis<\/div>\t\t\t\t\t\t\t\t\t\t\t<\/div>\r\n\t\t\t\t<\/div>\r\n\r\n\t\t\t\t\t\t<div style=\"clear: both;\"><\/div><\/div><div class=\"slideshow_view\">\r\n\t\t\t\t<div class=\"slideshow_slide slideshow_slide_image\">\r\n\t\t\t\t\t\t\t\t\t\t\t<img src=\"https:\/\/agora.xtec.cat\/ieslaromanica\/wp-content\/uploads\/usu857\/2024\/01\/IMG_1660bis-scaled.jpg\" alt=\"IMG_1660bis\" width=\"2560\" height=\"918\" \/>\r\n\t\t\t\t\t\t\t\t\t\t<div class=\"slideshow_description_box slideshow_transparent\">\r\n\t\t\t\t\t\t<div class=\"slideshow_title\">IMG_1660bis<\/div>\t\t\t\t\t\t\t\t\t\t\t<\/div>\r\n\t\t\t\t<\/div>\r\n\r\n\t\t\t\t\t\t<div style=\"clear: both;\"><\/div><\/div>\r\n\t\t<\/div>\r\n\r\n\t\t<div class=\"slideshow_controlPanel slideshow_transparent\" style=\"display: none;\"><ul><li class=\"slideshow_togglePlay\" data-play-text=\"Visualitza\" data-pause-text=\"Pausa\"><\/li><\/ul><\/div>\r\n\r\n\t\t<div class=\"slideshow_button slideshow_previous slideshow_transparent\" role=\"button\" data-previous-text=\"Anterior\" style=\"display: none;\"><\/div>\r\n\t\t<div class=\"slideshow_button slideshow_next slideshow_transparent\" role=\"button\" data-next-text=\"Seg\u00fcent\" style=\"display: none;\"><\/div>\r\n\r\n\t\t<div class=\"slideshow_pagination\" style=\"display: none;\" data-go-to-text=\"V\u00e9s a la diapositiva\"><div class=\"slideshow_pagination_center\"><\/div><\/div>\r\n\r\n\t\t<!-- WordPress Slideshow Version 2.3.1 -->\r\n\r\n\t\t\t<\/div>\r\n\r\n\n","protected":false},"excerpt":{"rendered":"<p>A continuaci\u00f3 trobareu un llistat de les\u00a0exposicions\u00a0ja finalitzades aquest 1r trimestre (2023-2024) i d\u2019aquelles que, o b\u00e9 ja s&#8217;estan muntant o est\u00e0 previst realitzar ben aviat:<br \/>\nCastanyada i Nadal:<br \/>\n&#8211;\u00a0Decoraci\u00f3 castanyada. AFA, alumnes diversificaci\u00f3. Conserges i secret\u00e0ries. PB.<br \/>\n&#8211;\u00a0Decoraci\u00f3 de Nadal i arbre de Nadal.\u00a0Alumnes diversificaci\u00f3. Conserges i&hellip;  <a href=\"https:\/\/agora.xtec.cat\/ieslaromanica\/general\/exposicions-1r-trimestre-23-24\/\" title=\"Read Exposicions 1r Trimestre 23-24\">Llegeix m\u00e9s\u00bb<\/a><\/p>\n","protected":false},"author":34,"featured_media":23772,"comment_status":"open","ping_status":"closed","sticky":false,"template":"","format":"standard","meta":{"_bbp_topic_count":0,"_bbp_reply_count":0,"_bbp_total_topic_count":0,"_bbp_total_reply_count":0,"_bbp_voice_count":0,"_bbp_anonymous_reply_count":0,"_bbp_topic_count_hidden":0,"_bbp_reply_count_hidden":0,"_bbp_forum_subforum_count":0,"footnotes":""},"categories":[1],"tags":[252],"class_list":["post-23764","post","type-post","status-publish","format-standard","has-post-thumbnail","hentry","category-general","tag-exposicions"],"post_mailing_queue_ids":[],"_links":{"self":[{"href":"https:\/\/agora.xtec.cat\/ieslaromanica\/wp-json\/wp\/v2\/posts\/23764","targetHints":{"allow":["GET"]}}],"collection":[{"href":"https:\/\/agora.xtec.cat\/ieslaromanica\/wp-json\/wp\/v2\/posts"}],"about":[{"href":"https:\/\/agora.xtec.cat\/ieslaromanica\/wp-json\/wp\/v2\/types\/post"}],"author":[{"embeddable":true,"href":"https:\/\/agora.xtec.cat\/ieslaromanica\/wp-json\/wp\/v2\/users\/34"}],"replies":[{"embeddable":true,"href":"https:\/\/agora.xtec.cat\/ieslaromanica\/wp-json\/wp\/v2\/comments?post=23764"}],"version-history":[{"count":2,"href":"https:\/\/agora.xtec.cat\/ieslaromanica\/wp-json\/wp\/v2\/posts\/23764\/revisions"}],"predecessor-version":[{"id":23774,"href":"https:\/\/agora.xtec.cat\/ieslaromanica\/wp-json\/wp\/v2\/posts\/23764\/revisions\/23774"}],"wp:featuredmedia":[{"embeddable":true,"href":"https:\/\/agora.xtec.cat\/ieslaromanica\/wp-json\/wp\/v2\/media\/23772"}],"wp:attachment":[{"href":"https:\/\/agora.xtec.cat\/ieslaromanica\/wp-json\/wp\/v2\/media?parent=23764"}],"wp:term":[{"taxonomy":"category","embeddable":true,"href":"https:\/\/agora.xtec.cat\/ieslaromanica\/wp-json\/wp\/v2\/categories?post=23764"},{"taxonomy":"post_tag","embeddable":true,"href":"https:\/\/agora.xtec.cat\/ieslaromanica\/wp-json\/wp\/v2\/tags?post=23764"}],"curies":[{"name":"wp","href":"https:\/\/api.w.org\/{rel}","templated":true}]}}