{"id":23714,"date":"2023-12-12T22:39:41","date_gmt":"2023-12-12T21:39:41","guid":{"rendered":"https:\/\/agora.xtec.cat\/ieslaromanica\/?p=23714"},"modified":"2023-12-20T00:43:37","modified_gmt":"2023-12-19T23:43:37","slug":"xerrada-de-lempresa-farmak-a-antics-alumnes-de-fp","status":"publish","type":"post","link":"https:\/\/agora.xtec.cat\/ieslaromanica\/general\/xerrada-de-lempresa-farmak-a-antics-alumnes-de-fp\/","title":{"rendered":"Xerrada de l&#8217;empresa Farmak a antics alumnes de FP"},"content":{"rendered":"<p style=\"text-align: justify;\">El dilluns 4 de desembre van venir representants de l&#8217;empresa Farmak a fer una xerrada a antigues i antics alumnes que ja han acabat els estudis de FP a La Rom\u00e0nica, la majoria d&#8217;ells i elles professionals dels sectors de Laboratori i de Fabricaci\u00f3 de productes farmac\u00e8utics i afins. La presentaci\u00f3 per part de l&#8217;empresa va estar enfocada a captar talent amb experi\u00e8ncia per a la nova planta que l&#8217;empresa Farmak est\u00e0 construint a Barber\u00e0 del Vall\u00e8s. Al final de la sessi\u00f3, els van poder fer preguntes als ponents de l&#8217;empresa i entregar el CV.<\/p>\n<p style=\"text-align: justify;\">La xerrada va comptar amb una notable assist\u00e8ncia d&#8217;antics i antigues alumnes, alguns de promocions de fa m\u00e9s de 10 anys, i que mitjan\u00e7ant el servei de borsa de treball que ofereix l&#8217;institut, reben la notificaci\u00f3 de les ofertes laborals i mantenen el vincle amb La Rom\u00e0nica.<\/p>\n<p><a href=\"https:\/\/agora.xtec.cat\/ieslaromanica\/wp-content\/uploads\/usu857\/2023\/12\/Imatge-4.jpg\"><img loading=\"lazy\" decoding=\"async\" class=\"size-large wp-image-23715 aligncenter\" src=\"https:\/\/agora.xtec.cat\/ieslaromanica\/wp-content\/uploads\/usu857\/2023\/12\/Imatge-4-1024x461.jpg\" alt=\"\" width=\"1024\" height=\"461\" srcset=\"https:\/\/agora.xtec.cat\/ieslaromanica\/wp-content\/uploads\/usu857\/2023\/12\/Imatge-4-1024x461.jpg 1024w, https:\/\/agora.xtec.cat\/ieslaromanica\/wp-content\/uploads\/usu857\/2023\/12\/Imatge-4-300x135.jpg 300w, https:\/\/agora.xtec.cat\/ieslaromanica\/wp-content\/uploads\/usu857\/2023\/12\/Imatge-4-768x346.jpg 768w, https:\/\/agora.xtec.cat\/ieslaromanica\/wp-content\/uploads\/usu857\/2023\/12\/Imatge-4-1536x691.jpg 1536w, https:\/\/agora.xtec.cat\/ieslaromanica\/wp-content\/uploads\/usu857\/2023\/12\/Imatge-4.jpg 1600w\" sizes=\"auto, (max-width: 1024px) 100vw, 1024px\" \/><\/a> <a href=\"https:\/\/agora.xtec.cat\/ieslaromanica\/wp-content\/uploads\/usu857\/2023\/12\/Imatge-6.jpg\"><img loading=\"lazy\" decoding=\"async\" class=\"size-large wp-image-23716 aligncenter\" src=\"https:\/\/agora.xtec.cat\/ieslaromanica\/wp-content\/uploads\/usu857\/2023\/12\/Imatge-6-1024x461.jpg\" alt=\"\" width=\"1024\" height=\"461\" srcset=\"https:\/\/agora.xtec.cat\/ieslaromanica\/wp-content\/uploads\/usu857\/2023\/12\/Imatge-6-1024x461.jpg 1024w, https:\/\/agora.xtec.cat\/ieslaromanica\/wp-content\/uploads\/usu857\/2023\/12\/Imatge-6-300x135.jpg 300w, https:\/\/agora.xtec.cat\/ieslaromanica\/wp-content\/uploads\/usu857\/2023\/12\/Imatge-6-768x346.jpg 768w, https:\/\/agora.xtec.cat\/ieslaromanica\/wp-content\/uploads\/usu857\/2023\/12\/Imatge-6-1536x691.jpg 1536w, https:\/\/agora.xtec.cat\/ieslaromanica\/wp-content\/uploads\/usu857\/2023\/12\/Imatge-6.jpg 1600w\" sizes=\"auto, (max-width: 1024px) 100vw, 1024px\" \/><\/a> <a href=\"https:\/\/agora.xtec.cat\/ieslaromanica\/wp-content\/uploads\/usu857\/2023\/12\/Imatge-3.jpg\"><img loading=\"lazy\" decoding=\"async\" class=\"size-large wp-image-23717 aligncenter\" src=\"https:\/\/agora.xtec.cat\/ieslaromanica\/wp-content\/uploads\/usu857\/2023\/12\/Imatge-3-1024x461.jpg\" alt=\"\" width=\"1024\" height=\"461\" srcset=\"https:\/\/agora.xtec.cat\/ieslaromanica\/wp-content\/uploads\/usu857\/2023\/12\/Imatge-3-1024x461.jpg 1024w, https:\/\/agora.xtec.cat\/ieslaromanica\/wp-content\/uploads\/usu857\/2023\/12\/Imatge-3-300x135.jpg 300w, https:\/\/agora.xtec.cat\/ieslaromanica\/wp-content\/uploads\/usu857\/2023\/12\/Imatge-3-768x346.jpg 768w, https:\/\/agora.xtec.cat\/ieslaromanica\/wp-content\/uploads\/usu857\/2023\/12\/Imatge-3-1536x691.jpg 1536w, https:\/\/agora.xtec.cat\/ieslaromanica\/wp-content\/uploads\/usu857\/2023\/12\/Imatge-3.jpg 1600w\" sizes=\"auto, (max-width: 1024px) 100vw, 1024px\" \/><\/a><\/p>\n","protected":false},"excerpt":{"rendered":"<p>El dilluns 4 de desembre van venir representants de l&#8217;empresa Farmak a fer una xerrada a antigues i antics alumnes que ja han acabat els estudis de FP a La Rom\u00e0nica, la majoria d&#8217;ells i elles professionals dels sectors de Laboratori i de Fabricaci\u00f3 de&hellip;  <a href=\"https:\/\/agora.xtec.cat\/ieslaromanica\/general\/xerrada-de-lempresa-farmak-a-antics-alumnes-de-fp\/\" title=\"Read Xerrada de l&#8217;empresa Farmak a antics alumnes de FP\">Llegeix m\u00e9s\u00bb<\/a><\/p>\n","protected":false},"author":34,"featured_media":23716,"comment_status":"open","ping_status":"closed","sticky":false,"template":"","format":"standard","meta":{"_bbp_topic_count":0,"_bbp_reply_count":0,"_bbp_total_topic_count":0,"_bbp_total_reply_count":0,"_bbp_voice_count":0,"_bbp_anonymous_reply_count":0,"_bbp_topic_count_hidden":0,"_bbp_reply_count_hidden":0,"_bbp_forum_subforum_count":0,"footnotes":""},"categories":[1],"tags":[],"class_list":["post-23714","post","type-post","status-publish","format-standard","has-post-thumbnail","hentry","category-general"],"post_mailing_queue_ids":[],"_links":{"self":[{"href":"https:\/\/agora.xtec.cat\/ieslaromanica\/wp-json\/wp\/v2\/posts\/23714","targetHints":{"allow":["GET"]}}],"collection":[{"href":"https:\/\/agora.xtec.cat\/ieslaromanica\/wp-json\/wp\/v2\/posts"}],"about":[{"href":"https:\/\/agora.xtec.cat\/ieslaromanica\/wp-json\/wp\/v2\/types\/post"}],"author":[{"embeddable":true,"href":"https:\/\/agora.xtec.cat\/ieslaromanica\/wp-json\/wp\/v2\/users\/34"}],"replies":[{"embeddable":true,"href":"https:\/\/agora.xtec.cat\/ieslaromanica\/wp-json\/wp\/v2\/comments?post=23714"}],"version-history":[{"count":1,"href":"https:\/\/agora.xtec.cat\/ieslaromanica\/wp-json\/wp\/v2\/posts\/23714\/revisions"}],"predecessor-version":[{"id":23718,"href":"https:\/\/agora.xtec.cat\/ieslaromanica\/wp-json\/wp\/v2\/posts\/23714\/revisions\/23718"}],"wp:featuredmedia":[{"embeddable":true,"href":"https:\/\/agora.xtec.cat\/ieslaromanica\/wp-json\/wp\/v2\/media\/23716"}],"wp:attachment":[{"href":"https:\/\/agora.xtec.cat\/ieslaromanica\/wp-json\/wp\/v2\/media?parent=23714"}],"wp:term":[{"taxonomy":"category","embeddable":true,"href":"https:\/\/agora.xtec.cat\/ieslaromanica\/wp-json\/wp\/v2\/categories?post=23714"},{"taxonomy":"post_tag","embeddable":true,"href":"https:\/\/agora.xtec.cat\/ieslaromanica\/wp-json\/wp\/v2\/tags?post=23714"}],"curies":[{"name":"wp","href":"https:\/\/api.w.org\/{rel}","templated":true}]}}