{"id":23622,"date":"2023-11-25T12:29:14","date_gmt":"2023-11-25T11:29:14","guid":{"rendered":"https:\/\/agora.xtec.cat\/ieslaromanica\/?p=23622"},"modified":"2023-11-25T12:31:48","modified_gmt":"2023-11-25T11:31:48","slug":"compromis-25n","status":"publish","type":"post","link":"https:\/\/agora.xtec.cat\/ieslaromanica\/general\/compromis-25n\/","title":{"rendered":"Comprom\u00eds 25N"},"content":{"rendered":"<p style=\"text-align: justify;\">Avui, 25 de novembre, Dia internacional per a l\u2019eliminaci\u00f3 de la viol\u00e8ncia vers les dones, afirmem ben alt i clar que la lluita contra les viol\u00e8ncies masclistes \u00e9s una lluita col\u00b7lectiva que necessita de tota la societat. Perqu\u00e8 les viol\u00e8ncies masclistes no s\u00f3n un fet a\u00efllat ni privat. Perqu\u00e8 les viol\u00e8ncies masclistes s\u00f3n el principal problema de seguretat p\u00fablica que t\u00e9 el pa\u00eds. Perqu\u00e8 no s\u00f3n un problema de les dones. S\u00f3n un problema de tota la societat.<\/p>\n<p style=\"text-align: justify;\">Per erradicar les viol\u00e8ncies masclistes, \u00e9s imprescindible la implicaci\u00f3 de tothom. Cadasc\u00fa i cadascuna de nosaltres podem ser agents de canvi. Aixequem totes les catifes, trenquem tots els silencis i tinguem totes les alertes activades per prevenir, detectar i reparar les viol\u00e8ncies contra les dones. Prenguem partit per aturar d\u2019una vegada per totes la principal vulneraci\u00f3 dels drets humans de les dones i per acabar amb el seu \u00faltim responsable: el patriarcat i la ideologia masclista que el sustenta.<\/p>\n<p style=\"text-align: justify;\">Aquest ha estat un fragment de la Declaraci\u00f3 institucional amb motiu del 25 de novembre de 2023 Dia Internacional per a l\u2019Eliminaci\u00f3 de la Viol\u00e8ncia vers les Dones, impulsat i subscrit, entre altres, per l&#8217;Ajuntament de Barber\u00e0 del Vall\u00e8s. L&#8217;Institut La Rom\u00e0nica pren partit i \u00e9s i ser\u00e0 sempre un centre que lluitar\u00e0 per acabar amb la viol\u00e8ncia masclista.<\/p>\n<p style=\"text-align: justify;\">Podeu llegir la totalitat de la declaraci\u00f3 al seg\u00fcent enlla\u00e7: <a href=\"https:\/\/www.bdv.cat\/sites\/default\/files\/common\/manifest_2023_definitiu_amb_logo_ajuntament.pdf\">DECLARACI\u00d3<\/a>.<\/p>\n<p style=\"text-align: justify;\"><strong>PROU VIOL\u00c8NCIES MASCLISTES, S\u2019HA ACABAT! ENS VOLEM JUNTES, DIVERSES, VIVES I REBELS!<\/strong><\/p>\n<p><a href=\"https:\/\/agora.xtec.cat\/ieslaromanica\/wp-content\/uploads\/usu857\/2023\/11\/Institut-La-Romanica-2-1-scaled.jpg\"><img loading=\"lazy\" decoding=\"async\" class=\"size-large wp-image-23623 aligncenter\" src=\"https:\/\/agora.xtec.cat\/ieslaromanica\/wp-content\/uploads\/usu857\/2023\/11\/Institut-La-Romanica-2-1-1024x683.jpg\" alt=\"\" width=\"1024\" height=\"683\" srcset=\"https:\/\/agora.xtec.cat\/ieslaromanica\/wp-content\/uploads\/usu857\/2023\/11\/Institut-La-Romanica-2-1-1024x683.jpg 1024w, https:\/\/agora.xtec.cat\/ieslaromanica\/wp-content\/uploads\/usu857\/2023\/11\/Institut-La-Romanica-2-1-300x200.jpg 300w, https:\/\/agora.xtec.cat\/ieslaromanica\/wp-content\/uploads\/usu857\/2023\/11\/Institut-La-Romanica-2-1-768x512.jpg 768w, https:\/\/agora.xtec.cat\/ieslaromanica\/wp-content\/uploads\/usu857\/2023\/11\/Institut-La-Romanica-2-1-1536x1024.jpg 1536w, https:\/\/agora.xtec.cat\/ieslaromanica\/wp-content\/uploads\/usu857\/2023\/11\/Institut-La-Romanica-2-1-2048x1365.jpg 2048w\" sizes=\"auto, (max-width: 1024px) 100vw, 1024px\" \/><\/a><\/p>\n<p><a href=\"https:\/\/agora.xtec.cat\/ieslaromanica\/wp-content\/uploads\/usu857\/2023\/11\/Institut-La-Romanica-1-1-scaled.jpg\"><img loading=\"lazy\" decoding=\"async\" class=\"size-large wp-image-23624 aligncenter\" src=\"https:\/\/agora.xtec.cat\/ieslaromanica\/wp-content\/uploads\/usu857\/2023\/11\/Institut-La-Romanica-1-1-1024x683.jpg\" alt=\"\" width=\"1024\" height=\"683\" srcset=\"https:\/\/agora.xtec.cat\/ieslaromanica\/wp-content\/uploads\/usu857\/2023\/11\/Institut-La-Romanica-1-1-1024x683.jpg 1024w, https:\/\/agora.xtec.cat\/ieslaromanica\/wp-content\/uploads\/usu857\/2023\/11\/Institut-La-Romanica-1-1-300x200.jpg 300w, https:\/\/agora.xtec.cat\/ieslaromanica\/wp-content\/uploads\/usu857\/2023\/11\/Institut-La-Romanica-1-1-768x512.jpg 768w, https:\/\/agora.xtec.cat\/ieslaromanica\/wp-content\/uploads\/usu857\/2023\/11\/Institut-La-Romanica-1-1-1536x1024.jpg 1536w, https:\/\/agora.xtec.cat\/ieslaromanica\/wp-content\/uploads\/usu857\/2023\/11\/Institut-La-Romanica-1-1-2048x1365.jpg 2048w\" sizes=\"auto, (max-width: 1024px) 100vw, 1024px\" \/><\/a><\/p>\n<p><a href=\"https:\/\/agora.xtec.cat\/ieslaromanica\/wp-content\/uploads\/usu857\/2023\/11\/Institut-La-Romanica-3-scaled.jpg\"><img loading=\"lazy\" decoding=\"async\" class=\"size-large wp-image-23627 aligncenter\" src=\"https:\/\/agora.xtec.cat\/ieslaromanica\/wp-content\/uploads\/usu857\/2023\/11\/Institut-La-Romanica-3-1024x683.jpg\" alt=\"\" width=\"1024\" height=\"683\" srcset=\"https:\/\/agora.xtec.cat\/ieslaromanica\/wp-content\/uploads\/usu857\/2023\/11\/Institut-La-Romanica-3-1024x683.jpg 1024w, https:\/\/agora.xtec.cat\/ieslaromanica\/wp-content\/uploads\/usu857\/2023\/11\/Institut-La-Romanica-3-300x200.jpg 300w, https:\/\/agora.xtec.cat\/ieslaromanica\/wp-content\/uploads\/usu857\/2023\/11\/Institut-La-Romanica-3-768x512.jpg 768w, https:\/\/agora.xtec.cat\/ieslaromanica\/wp-content\/uploads\/usu857\/2023\/11\/Institut-La-Romanica-3-1536x1024.jpg 1536w, https:\/\/agora.xtec.cat\/ieslaromanica\/wp-content\/uploads\/usu857\/2023\/11\/Institut-La-Romanica-3-2048x1365.jpg 2048w\" sizes=\"auto, (max-width: 1024px) 100vw, 1024px\" \/><\/a><\/p>\n","protected":false},"excerpt":{"rendered":"<p>Avui, 25 de novembre, Dia internacional per a l\u2019eliminaci\u00f3 de la viol\u00e8ncia vers les dones, afirmem ben alt i clar que la lluita contra les viol\u00e8ncies masclistes \u00e9s una lluita col\u00b7lectiva que necessita de tota la societat. Perqu\u00e8 les viol\u00e8ncies masclistes no s\u00f3n un fet&hellip;  <a href=\"https:\/\/agora.xtec.cat\/ieslaromanica\/general\/compromis-25n\/\" title=\"Read Comprom\u00eds 25N\">Llegeix m\u00e9s\u00bb<\/a><\/p>\n","protected":false},"author":34,"featured_media":23623,"comment_status":"open","ping_status":"closed","sticky":false,"template":"","format":"standard","meta":{"_bbp_topic_count":0,"_bbp_reply_count":0,"_bbp_total_topic_count":0,"_bbp_total_reply_count":0,"_bbp_voice_count":0,"_bbp_anonymous_reply_count":0,"_bbp_topic_count_hidden":0,"_bbp_reply_count_hidden":0,"_bbp_forum_subforum_count":0,"footnotes":""},"categories":[1],"tags":[],"class_list":["post-23622","post","type-post","status-publish","format-standard","has-post-thumbnail","hentry","category-general"],"post_mailing_queue_ids":[],"_links":{"self":[{"href":"https:\/\/agora.xtec.cat\/ieslaromanica\/wp-json\/wp\/v2\/posts\/23622","targetHints":{"allow":["GET"]}}],"collection":[{"href":"https:\/\/agora.xtec.cat\/ieslaromanica\/wp-json\/wp\/v2\/posts"}],"about":[{"href":"https:\/\/agora.xtec.cat\/ieslaromanica\/wp-json\/wp\/v2\/types\/post"}],"author":[{"embeddable":true,"href":"https:\/\/agora.xtec.cat\/ieslaromanica\/wp-json\/wp\/v2\/users\/34"}],"replies":[{"embeddable":true,"href":"https:\/\/agora.xtec.cat\/ieslaromanica\/wp-json\/wp\/v2\/comments?post=23622"}],"version-history":[{"count":4,"href":"https:\/\/agora.xtec.cat\/ieslaromanica\/wp-json\/wp\/v2\/posts\/23622\/revisions"}],"predecessor-version":[{"id":23629,"href":"https:\/\/agora.xtec.cat\/ieslaromanica\/wp-json\/wp\/v2\/posts\/23622\/revisions\/23629"}],"wp:featuredmedia":[{"embeddable":true,"href":"https:\/\/agora.xtec.cat\/ieslaromanica\/wp-json\/wp\/v2\/media\/23623"}],"wp:attachment":[{"href":"https:\/\/agora.xtec.cat\/ieslaromanica\/wp-json\/wp\/v2\/media?parent=23622"}],"wp:term":[{"taxonomy":"category","embeddable":true,"href":"https:\/\/agora.xtec.cat\/ieslaromanica\/wp-json\/wp\/v2\/categories?post=23622"},{"taxonomy":"post_tag","embeddable":true,"href":"https:\/\/agora.xtec.cat\/ieslaromanica\/wp-json\/wp\/v2\/tags?post=23622"}],"curies":[{"name":"wp","href":"https:\/\/api.w.org\/{rel}","templated":true}]}}