{"id":23566,"date":"2023-11-16T08:45:40","date_gmt":"2023-11-16T07:45:40","guid":{"rendered":"https:\/\/agora.xtec.cat\/ieslaromanica\/?p=23566"},"modified":"2023-11-16T08:45:40","modified_gmt":"2023-11-16T07:45:40","slug":"xerrada-de-lempresa-grifols-a-lalumnat-dfp","status":"publish","type":"post","link":"https:\/\/agora.xtec.cat\/ieslaromanica\/general\/xerrada-de-lempresa-grifols-a-lalumnat-dfp\/","title":{"rendered":"XERRADA DE L&#8217;EMPRESA GR\u00cdFOLS A L&#8217;ALUMNAT D&#8217;FP"},"content":{"rendered":"<p style=\"text-align: justify;\">Aquest dimarts 14\/11 tot l&#8217;alumnat d&#8217;FP va participar en una xerrada de Gr\u00edfols, una de les empreses de fundaci\u00f3 catalana actualment m\u00e9s importants i l\u00edder mundial en la producci\u00f3 d&#8217;hemoderivats. Per part de l&#8217;empresa va assistir representaci\u00f3 de RRHH i de dos antics alumnes de La Rom\u00e0nica, actualment treballadors en actiu a Gr\u00edfols, que van explicar l&#8217;activitat que realitzen, aix\u00ed com les oportunitats laborals o de pr\u00e0ctiques dual que ofereix l&#8217;empresa. La xerrada va ser molt engrescadora per a l&#8217;alumnat, que va poder fer preguntes directament als ponents i con\u00e8ixer de primera m\u00e0 quins s\u00f3n els requisits i actituds que demana l&#8217;empresa als seus treballadors i treballadores. Des de l&#8217;empresa, a m\u00e9s, es va obsequiar l&#8217;alumnat present amb una bossa, llibreta i bol\u00edgraf.<\/p>\n<p style=\"text-align: justify;\">Continuem treballant per apropar el nostre alumnat d&#8217;FP al m\u00f3n laboral i professional, facilitant la seva inserci\u00f3 un cop acabat els seus estudis al centre.<\/p>\n<p><a href=\"https:\/\/agora.xtec.cat\/ieslaromanica\/wp-content\/uploads\/usu857\/2023\/11\/Foto-xerrada-Gri\u0301fols-1-scaled.jpg\"><img loading=\"lazy\" decoding=\"async\" class=\"size-large wp-image-23568 aligncenter\" src=\"https:\/\/agora.xtec.cat\/ieslaromanica\/wp-content\/uploads\/usu857\/2023\/11\/Foto-xerrada-Gri\u0301fols-1-1024x768.jpg\" alt=\"\" width=\"1024\" height=\"768\" srcset=\"https:\/\/agora.xtec.cat\/ieslaromanica\/wp-content\/uploads\/usu857\/2023\/11\/Foto-xerrada-Gri\u0301fols-1-1024x768.jpg 1024w, https:\/\/agora.xtec.cat\/ieslaromanica\/wp-content\/uploads\/usu857\/2023\/11\/Foto-xerrada-Gri\u0301fols-1-300x225.jpg 300w, https:\/\/agora.xtec.cat\/ieslaromanica\/wp-content\/uploads\/usu857\/2023\/11\/Foto-xerrada-Gri\u0301fols-1-768x576.jpg 768w, https:\/\/agora.xtec.cat\/ieslaromanica\/wp-content\/uploads\/usu857\/2023\/11\/Foto-xerrada-Gri\u0301fols-1-1536x1152.jpg 1536w, https:\/\/agora.xtec.cat\/ieslaromanica\/wp-content\/uploads\/usu857\/2023\/11\/Foto-xerrada-Gri\u0301fols-1-2048x1536.jpg 2048w, https:\/\/agora.xtec.cat\/ieslaromanica\/wp-content\/uploads\/usu857\/2023\/11\/Foto-xerrada-Gri\u0301fols-1-200x150.jpg 200w\" sizes=\"auto, (max-width: 1024px) 100vw, 1024px\" \/><\/a><\/p>\n<p><a href=\"https:\/\/agora.xtec.cat\/ieslaromanica\/wp-content\/uploads\/usu857\/2023\/11\/Foto-xerrada-Gri\u0301fols-2-scaled.jpg\"><img loading=\"lazy\" decoding=\"async\" class=\"size-large wp-image-23567 aligncenter\" src=\"https:\/\/agora.xtec.cat\/ieslaromanica\/wp-content\/uploads\/usu857\/2023\/11\/Foto-xerrada-Gri\u0301fols-2-1024x768.jpg\" alt=\"\" width=\"1024\" height=\"768\" srcset=\"https:\/\/agora.xtec.cat\/ieslaromanica\/wp-content\/uploads\/usu857\/2023\/11\/Foto-xerrada-Gri\u0301fols-2-1024x768.jpg 1024w, https:\/\/agora.xtec.cat\/ieslaromanica\/wp-content\/uploads\/usu857\/2023\/11\/Foto-xerrada-Gri\u0301fols-2-300x225.jpg 300w, https:\/\/agora.xtec.cat\/ieslaromanica\/wp-content\/uploads\/usu857\/2023\/11\/Foto-xerrada-Gri\u0301fols-2-768x576.jpg 768w, https:\/\/agora.xtec.cat\/ieslaromanica\/wp-content\/uploads\/usu857\/2023\/11\/Foto-xerrada-Gri\u0301fols-2-1536x1152.jpg 1536w, https:\/\/agora.xtec.cat\/ieslaromanica\/wp-content\/uploads\/usu857\/2023\/11\/Foto-xerrada-Gri\u0301fols-2-2048x1536.jpg 2048w, https:\/\/agora.xtec.cat\/ieslaromanica\/wp-content\/uploads\/usu857\/2023\/11\/Foto-xerrada-Gri\u0301fols-2-200x150.jpg 200w\" sizes=\"auto, (max-width: 1024px) 100vw, 1024px\" \/><\/a><\/p>\n","protected":false},"excerpt":{"rendered":"<p>Aquest dimarts 14\/11 tot l&#8217;alumnat d&#8217;FP va participar en una xerrada de Gr\u00edfols, una de les empreses de fundaci\u00f3 catalana actualment m\u00e9s importants i l\u00edder mundial en la producci\u00f3 d&#8217;hemoderivats. Per part de l&#8217;empresa va assistir representaci\u00f3 de RRHH i de dos antics alumnes de&hellip;  <a href=\"https:\/\/agora.xtec.cat\/ieslaromanica\/general\/xerrada-de-lempresa-grifols-a-lalumnat-dfp\/\" title=\"Read XERRADA DE L&#8217;EMPRESA GR\u00cdFOLS A L&#8217;ALUMNAT D&#8217;FP\">Llegeix m\u00e9s\u00bb<\/a><\/p>\n","protected":false},"author":34,"featured_media":23568,"comment_status":"open","ping_status":"closed","sticky":false,"template":"","format":"standard","meta":{"_bbp_topic_count":0,"_bbp_reply_count":0,"_bbp_total_topic_count":0,"_bbp_total_reply_count":0,"_bbp_voice_count":0,"_bbp_anonymous_reply_count":0,"_bbp_topic_count_hidden":0,"_bbp_reply_count_hidden":0,"_bbp_forum_subforum_count":0,"footnotes":""},"categories":[1],"tags":[],"class_list":["post-23566","post","type-post","status-publish","format-standard","has-post-thumbnail","hentry","category-general"],"post_mailing_queue_ids":[],"_links":{"self":[{"href":"https:\/\/agora.xtec.cat\/ieslaromanica\/wp-json\/wp\/v2\/posts\/23566","targetHints":{"allow":["GET"]}}],"collection":[{"href":"https:\/\/agora.xtec.cat\/ieslaromanica\/wp-json\/wp\/v2\/posts"}],"about":[{"href":"https:\/\/agora.xtec.cat\/ieslaromanica\/wp-json\/wp\/v2\/types\/post"}],"author":[{"embeddable":true,"href":"https:\/\/agora.xtec.cat\/ieslaromanica\/wp-json\/wp\/v2\/users\/34"}],"replies":[{"embeddable":true,"href":"https:\/\/agora.xtec.cat\/ieslaromanica\/wp-json\/wp\/v2\/comments?post=23566"}],"version-history":[{"count":1,"href":"https:\/\/agora.xtec.cat\/ieslaromanica\/wp-json\/wp\/v2\/posts\/23566\/revisions"}],"predecessor-version":[{"id":23569,"href":"https:\/\/agora.xtec.cat\/ieslaromanica\/wp-json\/wp\/v2\/posts\/23566\/revisions\/23569"}],"wp:featuredmedia":[{"embeddable":true,"href":"https:\/\/agora.xtec.cat\/ieslaromanica\/wp-json\/wp\/v2\/media\/23568"}],"wp:attachment":[{"href":"https:\/\/agora.xtec.cat\/ieslaromanica\/wp-json\/wp\/v2\/media?parent=23566"}],"wp:term":[{"taxonomy":"category","embeddable":true,"href":"https:\/\/agora.xtec.cat\/ieslaromanica\/wp-json\/wp\/v2\/categories?post=23566"},{"taxonomy":"post_tag","embeddable":true,"href":"https:\/\/agora.xtec.cat\/ieslaromanica\/wp-json\/wp\/v2\/tags?post=23566"}],"curies":[{"name":"wp","href":"https:\/\/api.w.org\/{rel}","templated":true}]}}