{"id":23476,"date":"2023-10-31T14:02:18","date_gmt":"2023-10-31T13:02:18","guid":{"rendered":"https:\/\/agora.xtec.cat\/ieslaromanica\/?p=23476"},"modified":"2023-10-31T14:02:18","modified_gmt":"2023-10-31T13:02:18","slug":"tenim-un-entorn-unic","status":"publish","type":"post","link":"https:\/\/agora.xtec.cat\/ieslaromanica\/general\/tenim-un-entorn-unic\/","title":{"rendered":"Tenim un entorn \u00fanic!"},"content":{"rendered":"<p style=\"text-align: justify;\">Tenim un entorn \u00fanic i m\u00e0gic. Aqu\u00ed tenim a l&#8217;alumnat de 1r d&#8217;ESO fent\u00a0<span class=\"hiddenSpellError\">Korfball<\/span>, a Educaci\u00f3 F\u00edsica, aquest mat\u00ed. Ben acompanyades i acompanyats per aquesta esgl\u00e9sia La Rom\u00e0nica, del segle XI, que d\u00f3na nom al centre i al barri!<\/p>\n<p><a href=\"https:\/\/agora.xtec.cat\/ieslaromanica\/wp-content\/uploads\/usu857\/2023\/10\/IMG-20231031-WA0008.jpg\"><img loading=\"lazy\" decoding=\"async\" class=\"size-large wp-image-23477 aligncenter\" src=\"https:\/\/agora.xtec.cat\/ieslaromanica\/wp-content\/uploads\/usu857\/2023\/10\/IMG-20231031-WA0008-549x1024.jpg\" alt=\"\" width=\"549\" height=\"1024\" srcset=\"https:\/\/agora.xtec.cat\/ieslaromanica\/wp-content\/uploads\/usu857\/2023\/10\/IMG-20231031-WA0008-549x1024.jpg 549w, https:\/\/agora.xtec.cat\/ieslaromanica\/wp-content\/uploads\/usu857\/2023\/10\/IMG-20231031-WA0008-161x300.jpg 161w, https:\/\/agora.xtec.cat\/ieslaromanica\/wp-content\/uploads\/usu857\/2023\/10\/IMG-20231031-WA0008-768x1434.jpg 768w, https:\/\/agora.xtec.cat\/ieslaromanica\/wp-content\/uploads\/usu857\/2023\/10\/IMG-20231031-WA0008-823x1536.jpg 823w, https:\/\/agora.xtec.cat\/ieslaromanica\/wp-content\/uploads\/usu857\/2023\/10\/IMG-20231031-WA0008.jpg 1097w\" sizes=\"auto, (max-width: 549px) 100vw, 549px\" \/><\/a><\/p>\n","protected":false},"excerpt":{"rendered":"<p>Tenim un entorn \u00fanic i m\u00e0gic. Aqu\u00ed tenim a l&#8217;alumnat de 1r d&#8217;ESO fent\u00a0Korfball, a Educaci\u00f3 F\u00edsica, aquest mat\u00ed. Ben acompanyades i acompanyats per aquesta esgl\u00e9sia La Rom\u00e0nica, del segle XI, que d\u00f3na nom al centre i al barri!<br \/>\n<a href=\"https:\/\/agora.xtec.cat\/ieslaromanica\/wp-content\/uploads\/usu857\/2023\/10\/IMG-20231031-WA0008.jpg\"><\/a><\/p>\n","protected":false},"author":34,"featured_media":23477,"comment_status":"open","ping_status":"closed","sticky":false,"template":"","format":"standard","meta":{"_bbp_topic_count":0,"_bbp_reply_count":0,"_bbp_total_topic_count":0,"_bbp_total_reply_count":0,"_bbp_voice_count":0,"_bbp_anonymous_reply_count":0,"_bbp_topic_count_hidden":0,"_bbp_reply_count_hidden":0,"_bbp_forum_subforum_count":0,"footnotes":""},"categories":[1],"tags":[],"class_list":["post-23476","post","type-post","status-publish","format-standard","has-post-thumbnail","hentry","category-general"],"post_mailing_queue_ids":[],"_links":{"self":[{"href":"https:\/\/agora.xtec.cat\/ieslaromanica\/wp-json\/wp\/v2\/posts\/23476","targetHints":{"allow":["GET"]}}],"collection":[{"href":"https:\/\/agora.xtec.cat\/ieslaromanica\/wp-json\/wp\/v2\/posts"}],"about":[{"href":"https:\/\/agora.xtec.cat\/ieslaromanica\/wp-json\/wp\/v2\/types\/post"}],"author":[{"embeddable":true,"href":"https:\/\/agora.xtec.cat\/ieslaromanica\/wp-json\/wp\/v2\/users\/34"}],"replies":[{"embeddable":true,"href":"https:\/\/agora.xtec.cat\/ieslaromanica\/wp-json\/wp\/v2\/comments?post=23476"}],"version-history":[{"count":2,"href":"https:\/\/agora.xtec.cat\/ieslaromanica\/wp-json\/wp\/v2\/posts\/23476\/revisions"}],"predecessor-version":[{"id":23479,"href":"https:\/\/agora.xtec.cat\/ieslaromanica\/wp-json\/wp\/v2\/posts\/23476\/revisions\/23479"}],"wp:featuredmedia":[{"embeddable":true,"href":"https:\/\/agora.xtec.cat\/ieslaromanica\/wp-json\/wp\/v2\/media\/23477"}],"wp:attachment":[{"href":"https:\/\/agora.xtec.cat\/ieslaromanica\/wp-json\/wp\/v2\/media?parent=23476"}],"wp:term":[{"taxonomy":"category","embeddable":true,"href":"https:\/\/agora.xtec.cat\/ieslaromanica\/wp-json\/wp\/v2\/categories?post=23476"},{"taxonomy":"post_tag","embeddable":true,"href":"https:\/\/agora.xtec.cat\/ieslaromanica\/wp-json\/wp\/v2\/tags?post=23476"}],"curies":[{"name":"wp","href":"https:\/\/api.w.org\/{rel}","templated":true}]}}