{"id":2346,"date":"2017-12-11T10:02:30","date_gmt":"2017-12-11T09:02:30","guid":{"rendered":"http:\/\/agora.xtec.cat\/ieslaromanica\/?p=2346"},"modified":"2017-12-11T10:46:01","modified_gmt":"2017-12-11T09:46:01","slug":"fp-dual-us-desitja-bones-festes","status":"publish","type":"post","link":"https:\/\/agora.xtec.cat\/ieslaromanica\/cicles-formatius\/fp-dual-us-desitja-bones-festes\/","title":{"rendered":"FP Dual us desitja BONES FESTES"},"content":{"rendered":"<p>V\u00eddeo d&#8217;FP Dual desitjant-vos BONES FESTES!<\/p>\n<div style=\"width: 720px;\" class=\"wp-video\"><!--[if lt IE 9]><script>document.createElement('video');<\/script><![endif]-->\n<video class=\"wp-video-shortcode\" id=\"video-2346-1\" width=\"720\" height=\"576\" preload=\"metadata\" controls=\"controls\"><source type=\"video\/mp4\" src=\"http:\/\/agora.xtec.cat\/ieslaromanica\/wp-content\/uploads\/usu857\/2017\/12\/romanica_nadal_web.mp4?_=1\" \/><a href=\"http:\/\/agora.xtec.cat\/ieslaromanica\/wp-content\/uploads\/usu857\/2017\/12\/romanica_nadal_web.mp4\">http:\/\/agora.xtec.cat\/ieslaromanica\/wp-content\/uploads\/usu857\/2017\/12\/romanica_nadal_web.mp4<\/a><\/video><\/div>\n<p style=\"text-align: justify;\">\n<p style=\"text-align: justify;\">Com ja sabeu, des de fa temps, treballem junts per intentar aconseguir fer realitat una Formaci\u00f3 per al Treball de Qualitat a l&#8217;Institut La Rom\u00e0nica. Aquesta formaci\u00f3 no seria possible sense la vostra col\u00b7laboraci\u00f3. Des del 2014 impartim al nostre centre l&#8217;FP Dual, model de Formaci\u00f3 que permet:<\/p>\n<ul style=\"list-style-type: disc;\">\n<li style=\"text-align: justify;\">A les empreses, millorar els processos de detecci\u00f3 de talents, aix\u00ed com incrementar la competitivitat de l&#8217;empresa<\/li>\n<li style=\"text-align: justify;\">A l&#8217;alumnat, aconseguir una qualificaci\u00f3 professional que els permeti millorar els seus CV&#8217;s<\/li>\n<\/ul>\n<p>Volem aprofitar aquestes dates per desitjar-vos:<\/p>\n<p style=\"text-align: center;\"><strong><em>BONES FESTES I\u00a0 FELI\u00c7 2018<\/em><\/strong><\/p>\n<p>&nbsp;<\/p>\n<p>&nbsp;<\/p>\n","protected":false},"excerpt":{"rendered":"<p>V\u00eddeo d&#8217;FP Dual desitjant-vos BONES FESTES!<br \/>\n<a href=\"http:\/\/agora.xtec.cat\/ieslaromanica\/wp-content\/uploads\/usu857\/2017\/12\/romanica_nadal_web.mp4\">http:\/\/agora.xtec.cat\/ieslaromanica\/wp-content\/uploads\/usu857\/2017\/12\/romanica_nadal_web.mp4<\/a><\/p>\n<p>Com ja sabeu, des de fa temps, treballem junts per intentar aconseguir fer realitat una Formaci\u00f3 per al Treball de Qualitat a l&#8217;Institut La Rom\u00e0nica. Aquesta formaci\u00f3 no seria possible sense la vostra col\u00b7laboraci\u00f3. Des del 2014 impartim al&hellip;  <a href=\"https:\/\/agora.xtec.cat\/ieslaromanica\/cicles-formatius\/fp-dual-us-desitja-bones-festes\/\" title=\"Read FP Dual us desitja BONES FESTES\">Llegeix m\u00e9s\u00bb<\/a><\/p>\n","protected":false},"author":3,"featured_media":2353,"comment_status":"open","ping_status":"closed","sticky":false,"template":"","format":"standard","meta":{"_bbp_topic_count":0,"_bbp_reply_count":0,"_bbp_total_topic_count":0,"_bbp_total_reply_count":0,"_bbp_voice_count":0,"_bbp_anonymous_reply_count":0,"_bbp_topic_count_hidden":0,"_bbp_reply_count_hidden":0,"_bbp_forum_subforum_count":0,"footnotes":""},"categories":[30],"tags":[],"class_list":["post-2346","post","type-post","status-publish","format-standard","has-post-thumbnail","hentry","category-cicles-formatius"],"post_mailing_queue_ids":[],"_links":{"self":[{"href":"https:\/\/agora.xtec.cat\/ieslaromanica\/wp-json\/wp\/v2\/posts\/2346","targetHints":{"allow":["GET"]}}],"collection":[{"href":"https:\/\/agora.xtec.cat\/ieslaromanica\/wp-json\/wp\/v2\/posts"}],"about":[{"href":"https:\/\/agora.xtec.cat\/ieslaromanica\/wp-json\/wp\/v2\/types\/post"}],"author":[{"embeddable":true,"href":"https:\/\/agora.xtec.cat\/ieslaromanica\/wp-json\/wp\/v2\/users\/3"}],"replies":[{"embeddable":true,"href":"https:\/\/agora.xtec.cat\/ieslaromanica\/wp-json\/wp\/v2\/comments?post=2346"}],"version-history":[{"count":4,"href":"https:\/\/agora.xtec.cat\/ieslaromanica\/wp-json\/wp\/v2\/posts\/2346\/revisions"}],"predecessor-version":[{"id":2360,"href":"https:\/\/agora.xtec.cat\/ieslaromanica\/wp-json\/wp\/v2\/posts\/2346\/revisions\/2360"}],"wp:featuredmedia":[{"embeddable":true,"href":"https:\/\/agora.xtec.cat\/ieslaromanica\/wp-json\/wp\/v2\/media\/2353"}],"wp:attachment":[{"href":"https:\/\/agora.xtec.cat\/ieslaromanica\/wp-json\/wp\/v2\/media?parent=2346"}],"wp:term":[{"taxonomy":"category","embeddable":true,"href":"https:\/\/agora.xtec.cat\/ieslaromanica\/wp-json\/wp\/v2\/categories?post=2346"},{"taxonomy":"post_tag","embeddable":true,"href":"https:\/\/agora.xtec.cat\/ieslaromanica\/wp-json\/wp\/v2\/tags?post=2346"}],"curies":[{"name":"wp","href":"https:\/\/api.w.org\/{rel}","templated":true}]}}