{"id":23428,"date":"2023-10-13T12:01:55","date_gmt":"2023-10-13T10:01:55","guid":{"rendered":"https:\/\/agora.xtec.cat\/ieslaromanica\/?p=23428"},"modified":"2023-10-13T12:01:55","modified_gmt":"2023-10-13T10:01:55","slug":"concursos-castanyada-2023","status":"publish","type":"post","link":"https:\/\/agora.xtec.cat\/ieslaromanica\/general\/concursos-castanyada-2023\/","title":{"rendered":"CONCURSOS CASTANYADA 2023"},"content":{"rendered":"<p style=\"text-align: justify;\"><strong>De nou, des de l&#8217;AFA de l&#8217;Institut La Rom\u00e0nica ens proposen dos concursos per aquesta\u00a0Castanyada!<\/strong>\u00a0Un concurs de curtmetratges de por per a la festivitat de Halloween, presentat com\u00a0CRIT EN PANTALLA, i un concurs de la\u00a0FOTOGRAFIA M\u00c9S TERROR\u00cdFICA. En el primer cas, obert a alumnes s\u00f2cies i socis de l&#8217;AFA, el premi \u00e9s anar a Water World. En el segon, obert a tota persona de la comunitat educativa del centre, el premi s\u00f3n targetes regal d&#8217;Abacus!<\/p>\n<p style=\"text-align: center;\"><a href=\"https:\/\/agora.xtec.cat\/ieslaromanica\/wp-content\/uploads\/usu857\/2023\/10\/Concurs-CRIT-EN-PANTALLA-2023.pdf\">BASES CRIT EN PANTALLA<\/a><\/p>\n<p style=\"text-align: center;\"><a href=\"https:\/\/agora.xtec.cat\/ieslaromanica\/wp-content\/uploads\/usu857\/2023\/10\/Concurs-La-Fotografia-mes-terrorifica.pdf\">BASES FOTOGRAFIA M\u00c9S TERROR\u00cdFICA<\/a><\/p>\n<p style=\"text-align: justify;\"><strong>Us animem a participar<\/strong>\u00a0i, aix\u00ed, ajudar a convertir en un \u00e8xit aquestes iniciatives!\u00a0<strong>Us adjuntem\u00a0els cartells dels concursos i les bases<\/strong>\u00a0corresponents perqu\u00e8 pugueu fer-ne difusi\u00f3 a tothom!\u00a0Teniu temps fins\u00a0al 31 d&#8217;octubre i l&#8217;1 de novembre, respectivament, per enviar les vostres propostes!<\/p>\n<p>Recordeu que estem a la vostra disposici\u00f3 per qualsevol proposta o suggeriment que tingueu!<\/p>\n<p>Per a\u00a0<strong>qualsevol consulta<\/strong>\u00a0sobre els concursos contacteu directament amb l&#8217;AFA, a trav\u00e9s de l&#8217;adre\u00e7a electr\u00f2nica\u00a0<strong><a href=\"mailto:ampalaromanica@gmail.com\" target=\"_blank\" rel=\"noopener noreferrer\">ampalaromanica@<wbr \/>gmail.com<\/a><\/strong><\/p>\n<p>Moltes gr\u00e0cies per la vostra col\u00b7laboraci\u00f3 i\u00a0<strong>VISCA L&#8217;INSTITUT LA ROM\u00c0NICA! ARA I SEMPRE!<\/strong><\/p>\n<p><a href=\"https:\/\/agora.xtec.cat\/ieslaromanica\/wp-content\/uploads\/usu857\/2023\/10\/Cartell-Crit-en-pantalla-Comprimit-scaled.jpg\"><img loading=\"lazy\" decoding=\"async\" class=\"alignnone size-large wp-image-23430 aligncenter\" src=\"https:\/\/agora.xtec.cat\/ieslaromanica\/wp-content\/uploads\/usu857\/2023\/10\/Cartell-Crit-en-pantalla-Comprimit-1024x683.jpg\" alt=\"\" width=\"1024\" height=\"683\" srcset=\"https:\/\/agora.xtec.cat\/ieslaromanica\/wp-content\/uploads\/usu857\/2023\/10\/Cartell-Crit-en-pantalla-Comprimit-1024x683.jpg 1024w, https:\/\/agora.xtec.cat\/ieslaromanica\/wp-content\/uploads\/usu857\/2023\/10\/Cartell-Crit-en-pantalla-Comprimit-300x200.jpg 300w, https:\/\/agora.xtec.cat\/ieslaromanica\/wp-content\/uploads\/usu857\/2023\/10\/Cartell-Crit-en-pantalla-Comprimit-768x512.jpg 768w, https:\/\/agora.xtec.cat\/ieslaromanica\/wp-content\/uploads\/usu857\/2023\/10\/Cartell-Crit-en-pantalla-Comprimit-1536x1024.jpg 1536w, https:\/\/agora.xtec.cat\/ieslaromanica\/wp-content\/uploads\/usu857\/2023\/10\/Cartell-Crit-en-pantalla-Comprimit-2048x1365.jpg 2048w\" sizes=\"auto, (max-width: 1024px) 100vw, 1024px\" \/><\/a><\/p>\n<p><a href=\"https:\/\/agora.xtec.cat\/ieslaromanica\/wp-content\/uploads\/usu857\/2023\/10\/Cartell-Fotografia-mes-terrorifica-Comprimit-scaled.jpg\"><img loading=\"lazy\" decoding=\"async\" class=\"alignnone size-large wp-image-23429 aligncenter\" src=\"https:\/\/agora.xtec.cat\/ieslaromanica\/wp-content\/uploads\/usu857\/2023\/10\/Cartell-Fotografia-mes-terrorifica-Comprimit-1024x683.jpg\" alt=\"\" width=\"1024\" height=\"683\" srcset=\"https:\/\/agora.xtec.cat\/ieslaromanica\/wp-content\/uploads\/usu857\/2023\/10\/Cartell-Fotografia-mes-terrorifica-Comprimit-1024x683.jpg 1024w, https:\/\/agora.xtec.cat\/ieslaromanica\/wp-content\/uploads\/usu857\/2023\/10\/Cartell-Fotografia-mes-terrorifica-Comprimit-300x200.jpg 300w, https:\/\/agora.xtec.cat\/ieslaromanica\/wp-content\/uploads\/usu857\/2023\/10\/Cartell-Fotografia-mes-terrorifica-Comprimit-768x512.jpg 768w, https:\/\/agora.xtec.cat\/ieslaromanica\/wp-content\/uploads\/usu857\/2023\/10\/Cartell-Fotografia-mes-terrorifica-Comprimit-1536x1024.jpg 1536w, https:\/\/agora.xtec.cat\/ieslaromanica\/wp-content\/uploads\/usu857\/2023\/10\/Cartell-Fotografia-mes-terrorifica-Comprimit-2048x1365.jpg 2048w\" sizes=\"auto, (max-width: 1024px) 100vw, 1024px\" \/><\/a><\/p>\n","protected":false},"excerpt":{"rendered":"<p>De nou, des de l&#8217;AFA de l&#8217;Institut La Rom\u00e0nica ens proposen dos concursos per aquesta\u00a0Castanyada!\u00a0Un concurs de curtmetratges de por per a la festivitat de Halloween, presentat com\u00a0CRIT EN PANTALLA, i un concurs de la\u00a0FOTOGRAFIA M\u00c9S TERROR\u00cdFICA. En el primer cas, obert a alumnes s\u00f2cies&hellip;  <a href=\"https:\/\/agora.xtec.cat\/ieslaromanica\/general\/concursos-castanyada-2023\/\" title=\"Read CONCURSOS CASTANYADA 2023\">Llegeix m\u00e9s\u00bb<\/a><\/p>\n","protected":false},"author":34,"featured_media":23430,"comment_status":"open","ping_status":"closed","sticky":false,"template":"","format":"standard","meta":{"_bbp_topic_count":0,"_bbp_reply_count":0,"_bbp_total_topic_count":0,"_bbp_total_reply_count":0,"_bbp_voice_count":0,"_bbp_anonymous_reply_count":0,"_bbp_topic_count_hidden":0,"_bbp_reply_count_hidden":0,"_bbp_forum_subforum_count":0,"footnotes":""},"categories":[1],"tags":[],"class_list":["post-23428","post","type-post","status-publish","format-standard","has-post-thumbnail","hentry","category-general"],"post_mailing_queue_ids":[],"_links":{"self":[{"href":"https:\/\/agora.xtec.cat\/ieslaromanica\/wp-json\/wp\/v2\/posts\/23428","targetHints":{"allow":["GET"]}}],"collection":[{"href":"https:\/\/agora.xtec.cat\/ieslaromanica\/wp-json\/wp\/v2\/posts"}],"about":[{"href":"https:\/\/agora.xtec.cat\/ieslaromanica\/wp-json\/wp\/v2\/types\/post"}],"author":[{"embeddable":true,"href":"https:\/\/agora.xtec.cat\/ieslaromanica\/wp-json\/wp\/v2\/users\/34"}],"replies":[{"embeddable":true,"href":"https:\/\/agora.xtec.cat\/ieslaromanica\/wp-json\/wp\/v2\/comments?post=23428"}],"version-history":[{"count":1,"href":"https:\/\/agora.xtec.cat\/ieslaromanica\/wp-json\/wp\/v2\/posts\/23428\/revisions"}],"predecessor-version":[{"id":23433,"href":"https:\/\/agora.xtec.cat\/ieslaromanica\/wp-json\/wp\/v2\/posts\/23428\/revisions\/23433"}],"wp:featuredmedia":[{"embeddable":true,"href":"https:\/\/agora.xtec.cat\/ieslaromanica\/wp-json\/wp\/v2\/media\/23430"}],"wp:attachment":[{"href":"https:\/\/agora.xtec.cat\/ieslaromanica\/wp-json\/wp\/v2\/media?parent=23428"}],"wp:term":[{"taxonomy":"category","embeddable":true,"href":"https:\/\/agora.xtec.cat\/ieslaromanica\/wp-json\/wp\/v2\/categories?post=23428"},{"taxonomy":"post_tag","embeddable":true,"href":"https:\/\/agora.xtec.cat\/ieslaromanica\/wp-json\/wp\/v2\/tags?post=23428"}],"curies":[{"name":"wp","href":"https:\/\/api.w.org\/{rel}","templated":true}]}}