{"id":2313,"date":"2017-11-12T20:52:20","date_gmt":"2017-11-12T19:52:20","guid":{"rendered":"http:\/\/agora.xtec.cat\/ieslaromanica\/?p=2313"},"modified":"2017-11-12T20:52:20","modified_gmt":"2017-11-12T19:52:20","slug":"xv-jornada-de-qualitat-a-lensenyament","status":"publish","type":"post","link":"https:\/\/agora.xtec.cat\/ieslaromanica\/general\/xv-jornada-de-qualitat-a-lensenyament\/","title":{"rendered":"XV Jornada de Qualitat a l&#8217;Ensenyament"},"content":{"rendered":"<p style=\"text-align: justify;\">Com va sent costum des de fa ja uns anys professors del departament de Cicles Formatius de l&#8217;INS La Rom\u00e0nica\u00a0han participat a la Jornada de Qualitat a l&#8217;Ensenyament.<\/p>\n<p style=\"text-align: justify;\">El programa d\u2019aquesta XV Jornada de Qualitat a l\u2019Ensenyament\u00a0ha pret\u00e8s posar el focus en la\u00a0import\u00e0ncia que l\u2019organitzaci\u00f3 i la gesti\u00f3 dels centres educatius t\u00e9 per tal que el conjunt de\u00a0persones,\u00a0pol\u00edtiques,\u00a0estrat\u00e8gies\u00a0i\u00a0recursos\u00a0estiguin alineats en assolir resultats excel\u00b7lents\u00a0que\u00a0siguin\u00a0sostenibles\u00a0al llarg del temps.<\/p>\n<p><a href=\"http:\/\/agora.xtec.cat\/ieslaromanica\/wp-content\/uploads\/usu857\/2017\/11\/jornada-qualitat.jpg\"><img loading=\"lazy\" decoding=\"async\" class=\"wp-image-2314 aligncenter\" src=\"http:\/\/agora.xtec.cat\/ieslaromanica\/wp-content\/uploads\/usu857\/2017\/11\/jornada-qualitat-1024x768.jpg\" alt=\"\" width=\"600\" height=\"450\" srcset=\"https:\/\/agora.xtec.cat\/ieslaromanica\/wp-content\/uploads\/usu857\/2017\/11\/jornada-qualitat-1024x768.jpg 1024w, https:\/\/agora.xtec.cat\/ieslaromanica\/wp-content\/uploads\/usu857\/2017\/11\/jornada-qualitat-300x225.jpg 300w, https:\/\/agora.xtec.cat\/ieslaromanica\/wp-content\/uploads\/usu857\/2017\/11\/jornada-qualitat-768x576.jpg 768w, https:\/\/agora.xtec.cat\/ieslaromanica\/wp-content\/uploads\/usu857\/2017\/11\/jornada-qualitat-200x150.jpg 200w, https:\/\/agora.xtec.cat\/ieslaromanica\/wp-content\/uploads\/usu857\/2017\/11\/jornada-qualitat.jpg 1600w\" sizes=\"auto, (max-width: 600px) 100vw, 600px\" \/><\/a><\/p>\n<p>Aqu\u00ed els nostres companys del departament de Cicles Formatius amb una p\u00e8l-roja que es van trobar per all\u00e0.<\/p>\n","protected":false},"excerpt":{"rendered":"<p>Com va sent costum des de fa ja uns anys professors del departament de Cicles Formatius de l&#8217;INS La Rom\u00e0nica\u00a0han participat a la Jornada de Qualitat a l&#8217;Ensenyament.<br \/>\nEl programa d\u2019aquesta XV Jornada de Qualitat a l\u2019Ensenyament\u00a0ha pret\u00e8s posar el focus en la\u00a0import\u00e0ncia que l\u2019organitzaci\u00f3 i&hellip;  <a href=\"https:\/\/agora.xtec.cat\/ieslaromanica\/general\/xv-jornada-de-qualitat-a-lensenyament\/\" title=\"Read XV Jornada de Qualitat a l&#8217;Ensenyament\">Llegeix m\u00e9s\u00bb<\/a><\/p>\n","protected":false},"author":35,"featured_media":2314,"comment_status":"open","ping_status":"closed","sticky":false,"template":"","format":"standard","meta":{"_bbp_topic_count":0,"_bbp_reply_count":0,"_bbp_total_topic_count":0,"_bbp_total_reply_count":0,"_bbp_voice_count":0,"_bbp_anonymous_reply_count":0,"_bbp_topic_count_hidden":0,"_bbp_reply_count_hidden":0,"_bbp_forum_subforum_count":0,"footnotes":""},"categories":[30,1,29],"tags":[],"class_list":["post-2313","post","type-post","status-publish","format-standard","has-post-thumbnail","hentry","category-cicles-formatius","category-general","category-portada"],"post_mailing_queue_ids":[],"_links":{"self":[{"href":"https:\/\/agora.xtec.cat\/ieslaromanica\/wp-json\/wp\/v2\/posts\/2313","targetHints":{"allow":["GET"]}}],"collection":[{"href":"https:\/\/agora.xtec.cat\/ieslaromanica\/wp-json\/wp\/v2\/posts"}],"about":[{"href":"https:\/\/agora.xtec.cat\/ieslaromanica\/wp-json\/wp\/v2\/types\/post"}],"author":[{"embeddable":true,"href":"https:\/\/agora.xtec.cat\/ieslaromanica\/wp-json\/wp\/v2\/users\/35"}],"replies":[{"embeddable":true,"href":"https:\/\/agora.xtec.cat\/ieslaromanica\/wp-json\/wp\/v2\/comments?post=2313"}],"version-history":[{"count":3,"href":"https:\/\/agora.xtec.cat\/ieslaromanica\/wp-json\/wp\/v2\/posts\/2313\/revisions"}],"predecessor-version":[{"id":2317,"href":"https:\/\/agora.xtec.cat\/ieslaromanica\/wp-json\/wp\/v2\/posts\/2313\/revisions\/2317"}],"wp:featuredmedia":[{"embeddable":true,"href":"https:\/\/agora.xtec.cat\/ieslaromanica\/wp-json\/wp\/v2\/media\/2314"}],"wp:attachment":[{"href":"https:\/\/agora.xtec.cat\/ieslaromanica\/wp-json\/wp\/v2\/media?parent=2313"}],"wp:term":[{"taxonomy":"category","embeddable":true,"href":"https:\/\/agora.xtec.cat\/ieslaromanica\/wp-json\/wp\/v2\/categories?post=2313"},{"taxonomy":"post_tag","embeddable":true,"href":"https:\/\/agora.xtec.cat\/ieslaromanica\/wp-json\/wp\/v2\/tags?post=2313"}],"curies":[{"name":"wp","href":"https:\/\/api.w.org\/{rel}","templated":true}]}}