{"id":23033,"date":"2023-06-05T10:26:16","date_gmt":"2023-06-05T08:26:16","guid":{"rendered":"https:\/\/agora.xtec.cat\/ieslaromanica\/?p=23033"},"modified":"2023-06-06T10:50:55","modified_gmt":"2023-06-06T08:50:55","slug":"servei-comunitari-sortida-a-la-protectora-municipal-de-barbera","status":"publish","type":"post","link":"https:\/\/agora.xtec.cat\/ieslaromanica\/general\/servei-comunitari-sortida-a-la-protectora-municipal-de-barbera\/","title":{"rendered":"SERVEI COMUNITARI: SORTIDA A LA PROTECTORA MUNICIPAL DE BARBER\u00c0\u00a0"},"content":{"rendered":"<p style=\"text-align: justify;\"><span style=\"font-weight: 400;\">La setmana del 22 de maig l\u2019alumnat de tercer d\u2019ESO va visitar la protectora municipal de Barber\u00e0. Les t\u00e8cniques de salut p\u00fablica i benestar animal , Laia i Mireia, ens van fer una visita guiada a la gatera , ens van explicar el seu funcionament i com es coordinen amb BARBECATS per tal de protegir i controlar la fauna felina.\u00a0<\/span><\/p>\n<p style=\"text-align: justify;\"><span style=\"font-weight: 400;\">Per altra banda des de <a href=\"https:\/\/www.arcaprotectora.com\/ca\/\"><strong>l\u2019associaci\u00f3 ARCA<\/strong><\/a> ens van explicar com es poden protegir als gossos que pateixen maltractament i quines accions com a ciutadans podem prendre si observem algun tipus de maltracte al nostre entorn.\u00a0<\/span><\/p>\n<p style=\"text-align: justify;\"><span style=\"font-weight: 400;\">Durant la visita l\u2019alumnat va tenir contacte amb les diferents mascotes i van poder con\u00e8ixer la situaci\u00f3 que han patit de primera m\u00e0.<\/span><\/p>\n\n\t\t<style type=\"text\/css\">\n\t\t\t#gallery-1 {\n\t\t\t\tmargin: auto;\n\t\t\t}\n\t\t\t#gallery-1 .gallery-item {\n\t\t\t\tfloat: left;\n\t\t\t\tmargin-top: 10px;\n\t\t\t\ttext-align: center;\n\t\t\t\twidth: 33%;\n\t\t\t}\n\t\t\t#gallery-1 img {\n\t\t\t\tborder: 2px solid #cfcfcf;\n\t\t\t}\n\t\t\t#gallery-1 .gallery-caption {\n\t\t\t\tmargin-left: 0;\n\t\t\t}\n\t\t\t\/* see gallery_shortcode() in wp-includes\/media.php *\/\n\t\t<\/style>\n\t\t<div id='gallery-1' class='gallery galleryid-23033 gallery-columns-3 gallery-size-full'><dl class='gallery-item'>\n\t\t\t<dt class='gallery-icon landscape'>\n\t\t\t\t<a href='https:\/\/agora.xtec.cat\/ieslaromanica\/wp-content\/uploads\/usu857\/2023\/06\/3.png'><img loading=\"lazy\" decoding=\"async\" width=\"250\" height=\"158\" src=\"https:\/\/agora.xtec.cat\/ieslaromanica\/wp-content\/uploads\/usu857\/2023\/06\/3.png\" class=\"attachment-full size-full\" alt=\"\" \/><\/a>\n\t\t\t<\/dt><\/dl><dl class='gallery-item'>\n\t\t\t<dt class='gallery-icon landscape'>\n\t\t\t\t<a href='https:\/\/agora.xtec.cat\/ieslaromanica\/wp-content\/uploads\/usu857\/2023\/06\/captura-web.png'><img loading=\"lazy\" decoding=\"async\" width=\"237\" height=\"206\" src=\"https:\/\/agora.xtec.cat\/ieslaromanica\/wp-content\/uploads\/usu857\/2023\/06\/captura-web.png\" class=\"attachment-full size-full\" alt=\"\" \/><\/a>\n\t\t\t<\/dt><\/dl><dl class='gallery-item'>\n\t\t\t<dt class='gallery-icon landscape'>\n\t\t\t\t<a href='https:\/\/agora.xtec.cat\/ieslaromanica\/wp-content\/uploads\/usu857\/2023\/06\/1.png'><img loading=\"lazy\" decoding=\"async\" width=\"378\" height=\"283\" src=\"https:\/\/agora.xtec.cat\/ieslaromanica\/wp-content\/uploads\/usu857\/2023\/06\/1.png\" class=\"attachment-full size-full\" alt=\"\" srcset=\"https:\/\/agora.xtec.cat\/ieslaromanica\/wp-content\/uploads\/usu857\/2023\/06\/1.png 378w, https:\/\/agora.xtec.cat\/ieslaromanica\/wp-content\/uploads\/usu857\/2023\/06\/1-300x225.png 300w, https:\/\/agora.xtec.cat\/ieslaromanica\/wp-content\/uploads\/usu857\/2023\/06\/1-200x150.png 200w\" sizes=\"auto, (max-width: 378px) 100vw, 378px\" \/><\/a>\n\t\t\t<\/dt><\/dl><br style=\"clear: both\" \/>\n\t\t<\/div>\n\n<p>&nbsp;<\/p>\n","protected":false},"excerpt":{"rendered":"<p>La setmana del 22 de maig l\u2019alumnat de tercer d\u2019ESO va visitar la protectora municipal de Barber\u00e0. Les t\u00e8cniques de salut p\u00fablica i benestar animal , Laia i Mireia, ens van fer una visita guiada a la gatera , ens van explicar el seu funcionament&hellip;  <a href=\"https:\/\/agora.xtec.cat\/ieslaromanica\/general\/servei-comunitari-sortida-a-la-protectora-municipal-de-barbera\/\" title=\"Read SERVEI COMUNITARI: SORTIDA A LA PROTECTORA MUNICIPAL DE BARBER\u00c0\u00a0\">Llegeix m\u00e9s\u00bb<\/a><\/p>\n","protected":false},"author":35,"featured_media":23038,"comment_status":"open","ping_status":"closed","sticky":false,"template":"","format":"standard","meta":{"_bbp_topic_count":0,"_bbp_reply_count":0,"_bbp_total_topic_count":0,"_bbp_total_reply_count":0,"_bbp_voice_count":0,"_bbp_anonymous_reply_count":0,"_bbp_topic_count_hidden":0,"_bbp_reply_count_hidden":0,"_bbp_forum_subforum_count":0,"footnotes":""},"categories":[6,1,29],"tags":[],"class_list":["post-23033","post","type-post","status-publish","format-standard","has-post-thumbnail","hentry","category-eso-3","category-general","category-portada"],"post_mailing_queue_ids":[],"_links":{"self":[{"href":"https:\/\/agora.xtec.cat\/ieslaromanica\/wp-json\/wp\/v2\/posts\/23033","targetHints":{"allow":["GET"]}}],"collection":[{"href":"https:\/\/agora.xtec.cat\/ieslaromanica\/wp-json\/wp\/v2\/posts"}],"about":[{"href":"https:\/\/agora.xtec.cat\/ieslaromanica\/wp-json\/wp\/v2\/types\/post"}],"author":[{"embeddable":true,"href":"https:\/\/agora.xtec.cat\/ieslaromanica\/wp-json\/wp\/v2\/users\/35"}],"replies":[{"embeddable":true,"href":"https:\/\/agora.xtec.cat\/ieslaromanica\/wp-json\/wp\/v2\/comments?post=23033"}],"version-history":[{"count":4,"href":"https:\/\/agora.xtec.cat\/ieslaromanica\/wp-json\/wp\/v2\/posts\/23033\/revisions"}],"predecessor-version":[{"id":23047,"href":"https:\/\/agora.xtec.cat\/ieslaromanica\/wp-json\/wp\/v2\/posts\/23033\/revisions\/23047"}],"wp:featuredmedia":[{"embeddable":true,"href":"https:\/\/agora.xtec.cat\/ieslaromanica\/wp-json\/wp\/v2\/media\/23038"}],"wp:attachment":[{"href":"https:\/\/agora.xtec.cat\/ieslaromanica\/wp-json\/wp\/v2\/media?parent=23033"}],"wp:term":[{"taxonomy":"category","embeddable":true,"href":"https:\/\/agora.xtec.cat\/ieslaromanica\/wp-json\/wp\/v2\/categories?post=23033"},{"taxonomy":"post_tag","embeddable":true,"href":"https:\/\/agora.xtec.cat\/ieslaromanica\/wp-json\/wp\/v2\/tags?post=23033"}],"curies":[{"name":"wp","href":"https:\/\/api.w.org\/{rel}","templated":true}]}}