{"id":22956,"date":"2023-05-05T20:31:33","date_gmt":"2023-05-05T18:31:33","guid":{"rendered":"https:\/\/agora.xtec.cat\/ieslaromanica\/?p=22956"},"modified":"2023-05-08T11:22:41","modified_gmt":"2023-05-08T09:22:41","slug":"food-gust_economia","status":"publish","type":"post","link":"https:\/\/agora.xtec.cat\/ieslaromanica\/general\/food-gust_economia\/","title":{"rendered":"FOOD &#038; GUST. ECONOMIA"},"content":{"rendered":"<p align=\"center\"><b>FOOD &amp; GUST_ECONOMIA <\/b><\/p>\n<p align=\"center\"><img loading=\"lazy\" decoding=\"async\" class=\"aligncenter size-full wp-image-22957\" src=\"https:\/\/agora.xtec.cat\/ieslaromanica\/wp-content\/uploads\/usu857\/2023\/05\/foods-1.png\" alt=\"\" width=\"193\" height=\"130\" \/><\/p>\n<p align=\"left\">Durant la segona i tercera setmana d\u2019abril vam anar l\u2019empresa FOOD &amp; GUST,SL amb l\u2019alumnat de quart d\u2019ESO i primer de batxillerat respectivament.<\/p>\n<p align=\"left\"><a href=\"https:\/\/agora.xtec.cat\/ieslaromanica\/?attachment_id=22958\"><img loading=\"lazy\" decoding=\"async\" class=\"aligncenter wp-image-22958\" src=\"https:\/\/agora.xtec.cat\/ieslaromanica\/wp-content\/uploads\/usu857\/2023\/05\/2.jpg\" alt=\"\" width=\"491\" height=\"655\" srcset=\"https:\/\/agora.xtec.cat\/ieslaromanica\/wp-content\/uploads\/usu857\/2023\/05\/2.jpg 1200w, https:\/\/agora.xtec.cat\/ieslaromanica\/wp-content\/uploads\/usu857\/2023\/05\/2-225x300.jpg 225w, https:\/\/agora.xtec.cat\/ieslaromanica\/wp-content\/uploads\/usu857\/2023\/05\/2-768x1024.jpg 768w, https:\/\/agora.xtec.cat\/ieslaromanica\/wp-content\/uploads\/usu857\/2023\/05\/2-1152x1536.jpg 1152w\" sizes=\"auto, (max-width: 491px) 100vw, 491px\" \/><\/a><\/p>\n<p align=\"left\">Aquesta empresa es troba a la Ronda Santa Maria ,97 i es dedica a la venda majorista i minorista de dol\u00e7os i bolleria . A m\u00e9s de la seva marca pr\u00f2pia , La R\u00fastica, distribuiex altres marques com Ines Rosales, Mandul, Torcal, Flor Burgalesa, etc.<\/p>\n<p align=\"left\"><a href=\"https:\/\/agora.xtec.cat\/ieslaromanica\/wp-content\/uploads\/usu857\/2023\/05\/3.jpg\"><img loading=\"lazy\" decoding=\"async\" class=\"aligncenter wp-image-22959\" src=\"https:\/\/agora.xtec.cat\/ieslaromanica\/wp-content\/uploads\/usu857\/2023\/05\/3.jpg\" alt=\"\" width=\"496\" height=\"662\" srcset=\"https:\/\/agora.xtec.cat\/ieslaromanica\/wp-content\/uploads\/usu857\/2023\/05\/3.jpg 768w, https:\/\/agora.xtec.cat\/ieslaromanica\/wp-content\/uploads\/usu857\/2023\/05\/3-225x300.jpg 225w\" sizes=\"auto, (max-width: 496px) 100vw, 496px\" \/><\/a><\/p>\n<p style=\"text-align: justify;\" align=\"left\">Elisabeth Barriga , la gerent , ens va donar moltes facilitats per fer la visita i juntament amb la cap de comptabilitat ,Vanessa Cebri\u00e1n, ens van explicar com funciona aquesta empresa familiar.<\/p>\n<p style=\"text-align: justify;\" align=\"left\">La gesti\u00f3 del magatzem, la pol\u00edtica de contractaci\u00f3 o la normativa aplicable en mat\u00e8ria d\u2019alimentaci\u00f3 en s\u00f3n exemples del contingut de la visita.<\/p>\n<p align=\"left\"><a href=\"https:\/\/agora.xtec.cat\/ieslaromanica\/wp-content\/uploads\/usu857\/2023\/05\/4.jpg\"><img loading=\"lazy\" decoding=\"async\" class=\"aligncenter wp-image-22960\" src=\"https:\/\/agora.xtec.cat\/ieslaromanica\/wp-content\/uploads\/usu857\/2023\/05\/4.jpg\" alt=\"\" width=\"479\" height=\"639\" srcset=\"https:\/\/agora.xtec.cat\/ieslaromanica\/wp-content\/uploads\/usu857\/2023\/05\/4.jpg 1200w, https:\/\/agora.xtec.cat\/ieslaromanica\/wp-content\/uploads\/usu857\/2023\/05\/4-225x300.jpg 225w, https:\/\/agora.xtec.cat\/ieslaromanica\/wp-content\/uploads\/usu857\/2023\/05\/4-768x1024.jpg 768w, https:\/\/agora.xtec.cat\/ieslaromanica\/wp-content\/uploads\/usu857\/2023\/05\/4-1152x1536.jpg 1152w\" sizes=\"auto, (max-width: 479px) 100vw, 479px\" \/><\/a><\/p>\n<p style=\"text-align: justify;\" align=\"left\">Finalment, van tenir la gentilesa de convidar-nos tastar els seus productes i a fer-nos la visita a m\u00e9s d\u2019interessant, dol\u00e7a.<\/p>\n","protected":false},"excerpt":{"rendered":"<p>FOOD &amp; GUST_ECONOMIA <\/p>\n<p>Durant la segona i tercera setmana d\u2019abril vam anar l\u2019empresa FOOD &amp; GUST,SL amb l\u2019alumnat de quart d\u2019ESO i primer de batxillerat respectivament.<br \/>\n<a href=\"https:\/\/agora.xtec.cat\/ieslaromanica\/?attachment_id=22958\"><\/a><br \/>\nAquesta empresa es troba a la Ronda Santa Maria ,97 i es dedica a la venda majorista i minorista&hellip;  <a href=\"https:\/\/agora.xtec.cat\/ieslaromanica\/general\/food-gust_economia\/\" title=\"Read FOOD &#038; GUST. ECONOMIA\">Llegeix m\u00e9s\u00bb<\/a><\/p>\n","protected":false},"author":35,"featured_media":22957,"comment_status":"open","ping_status":"closed","sticky":false,"template":"","format":"standard","meta":{"_bbp_topic_count":0,"_bbp_reply_count":0,"_bbp_total_topic_count":0,"_bbp_total_reply_count":0,"_bbp_voice_count":0,"_bbp_anonymous_reply_count":0,"_bbp_topic_count_hidden":0,"_bbp_reply_count_hidden":0,"_bbp_forum_subforum_count":0,"footnotes":""},"categories":[314,8,7,1,29],"tags":[],"class_list":["post-22956","post","type-post","status-publish","format-standard","has-post-thumbnail","hentry","category-activitats-extraescolars","category-batxillerat","category-eso-4","category-general","category-portada"],"post_mailing_queue_ids":[],"_links":{"self":[{"href":"https:\/\/agora.xtec.cat\/ieslaromanica\/wp-json\/wp\/v2\/posts\/22956","targetHints":{"allow":["GET"]}}],"collection":[{"href":"https:\/\/agora.xtec.cat\/ieslaromanica\/wp-json\/wp\/v2\/posts"}],"about":[{"href":"https:\/\/agora.xtec.cat\/ieslaromanica\/wp-json\/wp\/v2\/types\/post"}],"author":[{"embeddable":true,"href":"https:\/\/agora.xtec.cat\/ieslaromanica\/wp-json\/wp\/v2\/users\/35"}],"replies":[{"embeddable":true,"href":"https:\/\/agora.xtec.cat\/ieslaromanica\/wp-json\/wp\/v2\/comments?post=22956"}],"version-history":[{"count":3,"href":"https:\/\/agora.xtec.cat\/ieslaromanica\/wp-json\/wp\/v2\/posts\/22956\/revisions"}],"predecessor-version":[{"id":22968,"href":"https:\/\/agora.xtec.cat\/ieslaromanica\/wp-json\/wp\/v2\/posts\/22956\/revisions\/22968"}],"wp:featuredmedia":[{"embeddable":true,"href":"https:\/\/agora.xtec.cat\/ieslaromanica\/wp-json\/wp\/v2\/media\/22957"}],"wp:attachment":[{"href":"https:\/\/agora.xtec.cat\/ieslaromanica\/wp-json\/wp\/v2\/media?parent=22956"}],"wp:term":[{"taxonomy":"category","embeddable":true,"href":"https:\/\/agora.xtec.cat\/ieslaromanica\/wp-json\/wp\/v2\/categories?post=22956"},{"taxonomy":"post_tag","embeddable":true,"href":"https:\/\/agora.xtec.cat\/ieslaromanica\/wp-json\/wp\/v2\/tags?post=22956"}],"curies":[{"name":"wp","href":"https:\/\/api.w.org\/{rel}","templated":true}]}}