{"id":22741,"date":"2023-03-29T13:23:47","date_gmt":"2023-03-29T11:23:47","guid":{"rendered":"https:\/\/agora.xtec.cat\/ieslaromanica\/?p=22741"},"modified":"2023-03-30T14:02:42","modified_gmt":"2023-03-30T12:02:42","slug":"company-i-amic-de-2n-deso-amb-malaltia-rara","status":"publish","type":"post","link":"https:\/\/agora.xtec.cat\/ieslaromanica\/general\/company-i-amic-de-2n-deso-amb-malaltia-rara\/","title":{"rendered":"COMPANY I AMIC DE 2N D&#8217;ESO AMB MALALTIA RARA"},"content":{"rendered":"<div>El Jose J. Almaz\u00e1n de 2n d&#8217;ESO, des del mes de gener d&#8217;enguany, est\u00e0 hospitalitzat a la Vall d&#8217;Hebr\u00f3n at\u00e8s d&#8217;una malaltia poc freq\u00fcent i rara en la qu\u00e8 la medul\u00b7la \u00f2ssia deixa de produir gl\u00f2buls vermells, blancs i plaquetes. El seu tractament i possibilitat de cura passa per un trasplantament de la medul\u00b7la d&#8217;un\/a donant compatible. Per fer difusi\u00f3 del cas, us enllacem el compte d&#8217;Instagram que la seva mare ha creat per sensibilitzar a la poblaci\u00f3 de la seva situaci\u00f3 amb la il\u00b7lusi\u00f3 de trobar ajut. Les persones interessades a ser donants de medul\u00b7la trobareu la informaci\u00f3 detallada a <a href=\"https:\/\/instagram.com\/jose.juan_romano?igshid=YmMyMTA2M2Y=\">l&#8217;Instagram<\/a> (click per a visualitzar perfil, jose.juan_romano).<\/div>\n<div><\/div>\n<div>Finalment, si voleu informaci\u00f3 m\u00e9s ampliada de la donaci\u00f3 de medul\u00b7la, podeu obtenir-la dirigint-vos al Banc de Sang de qualsevol Hospital.<\/div>\n<div>Tota la comunitat educativa de l&#8217;Institut enviem \u00e0nims i suport al Jose i a la seva fam\u00edlia.<\/div>\n<div><\/div>\n<div style=\"text-align: center;\"><a href=\"https:\/\/agora.xtec.cat\/ieslaromanica\/wp-content\/uploads\/usu857\/2023\/03\/IMG_20230329_133007.jpg\"><img loading=\"lazy\" decoding=\"async\" class=\"alignnone size-large wp-image-22756\" src=\"https:\/\/agora.xtec.cat\/ieslaromanica\/wp-content\/uploads\/usu857\/2023\/03\/IMG_20230329_133007-1024x1024.jpg\" alt=\"\" width=\"1024\" height=\"1024\" srcset=\"https:\/\/agora.xtec.cat\/ieslaromanica\/wp-content\/uploads\/usu857\/2023\/03\/IMG_20230329_133007-1024x1024.jpg 1024w, https:\/\/agora.xtec.cat\/ieslaromanica\/wp-content\/uploads\/usu857\/2023\/03\/IMG_20230329_133007-300x300.jpg 300w, https:\/\/agora.xtec.cat\/ieslaromanica\/wp-content\/uploads\/usu857\/2023\/03\/IMG_20230329_133007-150x150.jpg 150w, https:\/\/agora.xtec.cat\/ieslaromanica\/wp-content\/uploads\/usu857\/2023\/03\/IMG_20230329_133007-768x768.jpg 768w, https:\/\/agora.xtec.cat\/ieslaromanica\/wp-content\/uploads\/usu857\/2023\/03\/IMG_20230329_133007.jpg 1080w\" sizes=\"auto, (max-width: 1024px) 100vw, 1024px\" \/><\/a><\/div>\n<div><\/div>\n<div><\/div>\n","protected":false},"excerpt":{"rendered":"<p>El Jose J. Almaz\u00e1n de 2n d&#8217;ESO, des del mes de gener d&#8217;enguany, est\u00e0 hospitalitzat a la Vall d&#8217;Hebr\u00f3n at\u00e8s d&#8217;una malaltia poc freq\u00fcent i rara en la qu\u00e8 la medul\u00b7la \u00f2ssia deixa de produir gl\u00f2buls vermells, blancs i plaquetes. El seu tractament i possibilitat&hellip;  <a href=\"https:\/\/agora.xtec.cat\/ieslaromanica\/general\/company-i-amic-de-2n-deso-amb-malaltia-rara\/\" title=\"Read COMPANY I AMIC DE 2N D&#8217;ESO AMB MALALTIA RARA\">Llegeix m\u00e9s\u00bb<\/a><\/p>\n","protected":false},"author":32,"featured_media":22756,"comment_status":"open","ping_status":"closed","sticky":false,"template":"","format":"standard","meta":{"_bbp_topic_count":0,"_bbp_reply_count":0,"_bbp_total_topic_count":0,"_bbp_total_reply_count":0,"_bbp_voice_count":0,"_bbp_anonymous_reply_count":0,"_bbp_topic_count_hidden":0,"_bbp_reply_count_hidden":0,"_bbp_forum_subforum_count":0,"footnotes":""},"categories":[1],"tags":[],"class_list":["post-22741","post","type-post","status-publish","format-standard","has-post-thumbnail","hentry","category-general"],"post_mailing_queue_ids":[],"_links":{"self":[{"href":"https:\/\/agora.xtec.cat\/ieslaromanica\/wp-json\/wp\/v2\/posts\/22741","targetHints":{"allow":["GET"]}}],"collection":[{"href":"https:\/\/agora.xtec.cat\/ieslaromanica\/wp-json\/wp\/v2\/posts"}],"about":[{"href":"https:\/\/agora.xtec.cat\/ieslaromanica\/wp-json\/wp\/v2\/types\/post"}],"author":[{"embeddable":true,"href":"https:\/\/agora.xtec.cat\/ieslaromanica\/wp-json\/wp\/v2\/users\/32"}],"replies":[{"embeddable":true,"href":"https:\/\/agora.xtec.cat\/ieslaromanica\/wp-json\/wp\/v2\/comments?post=22741"}],"version-history":[{"count":2,"href":"https:\/\/agora.xtec.cat\/ieslaromanica\/wp-json\/wp\/v2\/posts\/22741\/revisions"}],"predecessor-version":[{"id":22757,"href":"https:\/\/agora.xtec.cat\/ieslaromanica\/wp-json\/wp\/v2\/posts\/22741\/revisions\/22757"}],"wp:featuredmedia":[{"embeddable":true,"href":"https:\/\/agora.xtec.cat\/ieslaromanica\/wp-json\/wp\/v2\/media\/22756"}],"wp:attachment":[{"href":"https:\/\/agora.xtec.cat\/ieslaromanica\/wp-json\/wp\/v2\/media?parent=22741"}],"wp:term":[{"taxonomy":"category","embeddable":true,"href":"https:\/\/agora.xtec.cat\/ieslaromanica\/wp-json\/wp\/v2\/categories?post=22741"},{"taxonomy":"post_tag","embeddable":true,"href":"https:\/\/agora.xtec.cat\/ieslaromanica\/wp-json\/wp\/v2\/tags?post=22741"}],"curies":[{"name":"wp","href":"https:\/\/api.w.org\/{rel}","templated":true}]}}