{"id":22461,"date":"2023-02-22T11:16:58","date_gmt":"2023-02-22T10:16:58","guid":{"rendered":"https:\/\/agora.xtec.cat\/ieslaromanica\/?p=22461"},"modified":"2023-02-22T11:18:02","modified_gmt":"2023-02-22T10:18:02","slug":"sortides-i-activitats-de-centre","status":"publish","type":"post","link":"https:\/\/agora.xtec.cat\/ieslaromanica\/general\/sortides-i-activitats-de-centre\/","title":{"rendered":"SORTIDES I ACTIVITATS DE CENTRE"},"content":{"rendered":"<p><span style=\"font-weight: 400;\">A l\u2019Institut la Rom\u00e0nica, els alumnes poden disfrutar d\u2019una GRAN VARIETATI DE\u00a0 SORTIDES, en les quals poden disfrutar tant d\u2019activitats educatives com de lleure.<\/span><\/p>\n<p><span style=\"font-weight: 400;\">Algunes de les activitats i sortides m\u00e9s destacades s\u00f3n:<\/span><\/p>\n<ul>\n<li style=\"font-weight: 400;\" aria-level=\"1\"><span style=\"font-weight: 400;\">PISCINA (1r d\u2019ESO): els alumnes de primer d&#8217;ESO tenen la possibilitat d&#8217;anar a la piscina a l&#8217;\u00e0mbit d&#8217;educaci\u00f3 f\u00edsica.<\/span><\/li>\n<li style=\"font-weight: 400;\" aria-level=\"1\"><span style=\"font-weight: 400;\">Setmana de Carnestoltes: a part de la consigna di\u00e0ria, ens disfressem, es monten paradetes amb menjar, i montem balls!<\/span><\/li>\n<li style=\"font-weight: 400;\" aria-level=\"1\"><span style=\"font-weight: 400;\">Sortida al Cosmocaixa i al observatori, on experimentaran amb fenomens del so i s&#8217;indrotuduiran al m\u00f3n de l&#8217;astronomia.<\/span><\/li>\n<li style=\"font-weight: 400;\" aria-level=\"1\"><span style=\"font-weight: 400;\">Anem a la neu!, on els alumnes poden passar un dia a la neu, esquiant i disfrutant de l&#8217;ambient invernal!<\/span><\/li>\n<\/ul>\n","protected":false},"excerpt":{"rendered":"<p>A l\u2019Institut la Rom\u00e0nica, els alumnes poden disfrutar d\u2019una GRAN VARIETATI DE\u00a0 SORTIDES, en les quals poden disfrutar tant d\u2019activitats educatives com de lleure.<br \/>\nAlgunes de les activitats i sortides m\u00e9s destacades s\u00f3n:<\/p>\n<ul>\n<li style=\"font-weight: 400;\" aria-level=\"1\">PISCINA (1r d\u2019ESO): els alumnes de primer d&#8217;ESO tenen la possibilitat&hellip;  <a href=\"https:\/\/agora.xtec.cat\/ieslaromanica\/general\/sortides-i-activitats-de-centre\/\" title=\"Read SORTIDES I ACTIVITATS DE CENTRE\">Llegeix m\u00e9s\u00bb<\/a><br \/>\n","protected":false},"author":32,"featured_media":0,"comment_status":"open","ping_status":"closed","sticky":false,"template":"","format":"standard","meta":{"_bbp_topic_count":0,"_bbp_reply_count":0,"_bbp_total_topic_count":0,"_bbp_total_reply_count":0,"_bbp_voice_count":0,"_bbp_anonymous_reply_count":0,"_bbp_topic_count_hidden":0,"_bbp_reply_count_hidden":0,"_bbp_forum_subforum_count":0,"footnotes":""},"categories":[1],"tags":[],"class_list":["post-22461","post","type-post","status-publish","format-standard","hentry","category-general"],"post_mailing_queue_ids":[],"_links":{"self":[{"href":"https:\/\/agora.xtec.cat\/ieslaromanica\/wp-json\/wp\/v2\/posts\/22461","targetHints":{"allow":["GET"]}}],"collection":[{"href":"https:\/\/agora.xtec.cat\/ieslaromanica\/wp-json\/wp\/v2\/posts"}],"about":[{"href":"https:\/\/agora.xtec.cat\/ieslaromanica\/wp-json\/wp\/v2\/types\/post"}],"author":[{"embeddable":true,"href":"https:\/\/agora.xtec.cat\/ieslaromanica\/wp-json\/wp\/v2\/users\/32"}],"replies":[{"embeddable":true,"href":"https:\/\/agora.xtec.cat\/ieslaromanica\/wp-json\/wp\/v2\/comments?post=22461"}],"version-history":[{"count":1,"href":"https:\/\/agora.xtec.cat\/ieslaromanica\/wp-json\/wp\/v2\/posts\/22461\/revisions"}],"predecessor-version":[{"id":22462,"href":"https:\/\/agora.xtec.cat\/ieslaromanica\/wp-json\/wp\/v2\/posts\/22461\/revisions\/22462"}],"wp:attachment":[{"href":"https:\/\/agora.xtec.cat\/ieslaromanica\/wp-json\/wp\/v2\/media?parent=22461"}],"wp:term":[{"taxonomy":"category","embeddable":true,"href":"https:\/\/agora.xtec.cat\/ieslaromanica\/wp-json\/wp\/v2\/categories?post=22461"},{"taxonomy":"post_tag","embeddable":true,"href":"https:\/\/agora.xtec.cat\/ieslaromanica\/wp-json\/wp\/v2\/tags?post=22461"}],"curies":[{"name":"wp","href":"https:\/\/api.w.org\/{rel}","templated":true}]}}