{"id":22459,"date":"2023-02-22T10:43:47","date_gmt":"2023-02-22T09:43:47","guid":{"rendered":"https:\/\/agora.xtec.cat\/ieslaromanica\/?p=22459"},"modified":"2023-02-22T10:48:44","modified_gmt":"2023-02-22T09:48:44","slug":"projecte-musica-practica-amb-el-teu-instrument","status":"publish","type":"post","link":"https:\/\/agora.xtec.cat\/ieslaromanica\/general\/projecte-musica-practica-amb-el-teu-instrument\/","title":{"rendered":"PROJECTE M\u00daSICA: PR\u00c0CTICA AMB EL TEU INSTRUMENT!"},"content":{"rendered":"<p>&#8220;L\u2019alumnat de 1r d\u2019ESO est\u00e0 fent una molt bona feina amb l\u2019ukulele. Gaireb\u00e9 dos mesos despr\u00e9s del seu primer contacte amb l\u2019instrument, ja entenen el seu funcionament b\u00e0sic, com afinar-lo i, fins i tot, han apr\u00e8s una can\u00e7\u00f3 amb un ritme molt elaborat.<\/p>\n<p>Si voleu saber-ne m\u00e9s, nom\u00e9s heu d\u2019assistir a la jornada de portes obertes. Us hi esperem!&#8221;<\/p>\n","protected":false},"excerpt":{"rendered":"<p>&#8220;L\u2019alumnat de 1r d\u2019ESO est\u00e0 fent una molt bona feina amb l\u2019ukulele. Gaireb\u00e9 dos mesos despr\u00e9s del seu primer contacte amb l\u2019instrument, ja entenen el seu funcionament b\u00e0sic, com afinar-lo i, fins i tot, han apr\u00e8s una can\u00e7\u00f3 amb un ritme molt elaborat.<br \/>\nSi voleu saber-ne&hellip;  <a href=\"https:\/\/agora.xtec.cat\/ieslaromanica\/general\/projecte-musica-practica-amb-el-teu-instrument\/\" title=\"Read PROJECTE M\u00daSICA: PR\u00c0CTICA AMB EL TEU INSTRUMENT!\">Llegeix m\u00e9s\u00bb<\/a><\/p>\n","protected":false},"author":32,"featured_media":0,"comment_status":"open","ping_status":"closed","sticky":false,"template":"","format":"standard","meta":{"_bbp_topic_count":0,"_bbp_reply_count":0,"_bbp_total_topic_count":0,"_bbp_total_reply_count":0,"_bbp_voice_count":0,"_bbp_anonymous_reply_count":0,"_bbp_topic_count_hidden":0,"_bbp_reply_count_hidden":0,"_bbp_forum_subforum_count":0,"footnotes":""},"categories":[1],"tags":[],"class_list":["post-22459","post","type-post","status-publish","format-standard","hentry","category-general"],"post_mailing_queue_ids":[],"_links":{"self":[{"href":"https:\/\/agora.xtec.cat\/ieslaromanica\/wp-json\/wp\/v2\/posts\/22459","targetHints":{"allow":["GET"]}}],"collection":[{"href":"https:\/\/agora.xtec.cat\/ieslaromanica\/wp-json\/wp\/v2\/posts"}],"about":[{"href":"https:\/\/agora.xtec.cat\/ieslaromanica\/wp-json\/wp\/v2\/types\/post"}],"author":[{"embeddable":true,"href":"https:\/\/agora.xtec.cat\/ieslaromanica\/wp-json\/wp\/v2\/users\/32"}],"replies":[{"embeddable":true,"href":"https:\/\/agora.xtec.cat\/ieslaromanica\/wp-json\/wp\/v2\/comments?post=22459"}],"version-history":[{"count":1,"href":"https:\/\/agora.xtec.cat\/ieslaromanica\/wp-json\/wp\/v2\/posts\/22459\/revisions"}],"predecessor-version":[{"id":22460,"href":"https:\/\/agora.xtec.cat\/ieslaromanica\/wp-json\/wp\/v2\/posts\/22459\/revisions\/22460"}],"wp:attachment":[{"href":"https:\/\/agora.xtec.cat\/ieslaromanica\/wp-json\/wp\/v2\/media?parent=22459"}],"wp:term":[{"taxonomy":"category","embeddable":true,"href":"https:\/\/agora.xtec.cat\/ieslaromanica\/wp-json\/wp\/v2\/categories?post=22459"},{"taxonomy":"post_tag","embeddable":true,"href":"https:\/\/agora.xtec.cat\/ieslaromanica\/wp-json\/wp\/v2\/tags?post=22459"}],"curies":[{"name":"wp","href":"https:\/\/api.w.org\/{rel}","templated":true}]}}