{"id":22319,"date":"2023-02-01T10:19:52","date_gmt":"2023-02-01T09:19:52","guid":{"rendered":"https:\/\/agora.xtec.cat\/ieslaromanica\/?p=22319"},"modified":"2023-02-01T10:28:03","modified_gmt":"2023-02-01T09:28:03","slug":"fotofilosofia-2022","status":"publish","type":"post","link":"https:\/\/agora.xtec.cat\/ieslaromanica\/general\/fotofilosofia-2022\/","title":{"rendered":"FOTOFILOSOFIA 2022"},"content":{"rendered":"<p style=\"text-align: justify;\"><a href=\"https:\/\/agora.xtec.cat\/ieslaromanica\/wp-content\/uploads\/usu857\/2023\/02\/Harriet-Taylor-Mill-Defensora-dels-drets-de-les-dones-Filosofia-1.jpg\"><img loading=\"lazy\" decoding=\"async\" class=\"alignleft wp-image-22325 size-medium\" src=\"https:\/\/agora.xtec.cat\/ieslaromanica\/wp-content\/uploads\/usu857\/2023\/02\/Harriet-Taylor-Mill-Defensora-dels-drets-de-les-dones-Filosofia-1-245x300.jpg\" alt=\"\" width=\"245\" height=\"300\" srcset=\"https:\/\/agora.xtec.cat\/ieslaromanica\/wp-content\/uploads\/usu857\/2023\/02\/Harriet-Taylor-Mill-Defensora-dels-drets-de-les-dones-Filosofia-1-245x300.jpg 245w, https:\/\/agora.xtec.cat\/ieslaromanica\/wp-content\/uploads\/usu857\/2023\/02\/Harriet-Taylor-Mill-Defensora-dels-drets-de-les-dones-Filosofia-1.jpg 330w\" sizes=\"auto, (max-width: 245px) 100vw, 245px\" \/><\/a>Els alumnes de 1er de batxillerat han participat a la 16a Mostra de FOTOFILOSOFIA ,el 16 de novembre de 2022, a l&#8217;Aula Magna de la Facultat de Filosofia de la Universitat de Barcelona.\u00a0<strong>Anomenem &#8220;fotofilosofia&#8221; a una fotografia retolada\u00a0amb una pregunta de valors, fins, conceptes. <\/strong><\/p>\n<p style=\"text-align: justify;\">Les fotofilosofies que van fer els nostres alumnes les vam postejar al<em><strong> <a href=\"https:\/\/filoinslaromanica.blogspot.com\/\">Blog del centre.\u00a0<\/a><\/strong><\/em>Van penjar aquest blog a la web de la Mostra de Filosofia i els seleccionats per votaci\u00f3 dels alumnes i professors van estar convidats a l&#8217;acte.<\/p>\n<p style=\"text-align: justify;\">Durant l&#8217;acte es van presentar i comentar una selecci\u00f3 de les fotos que els instituts vam enviar, fent una menci\u00f3 especial a la nostra alumna de 1er de Batxillerat la <strong>Luc\u00eda Lujan.<\/strong><\/p>\n<p>&nbsp;<\/p>\n<table style=\"border-collapse: collapse; width: 100%; height: 64px;\">\n<tbody>\n<tr style=\"height: 32px;\">\n<td style=\"width: 25%; height: 32px; text-align: center;\">\n<blockquote><p><strong>1 Brian Madrigal Cortes &#8211; Creus que tot seria millor si haguessis pres un altre cam\u00ed?<\/strong><\/p><\/blockquote>\n<\/td>\n<td style=\"width: 25%; height: 32px; text-align: center;\">\n<blockquote><p><strong>2. Aroa Cu\u00e9llar V\u00e1zquez &#8211; Cadascun t\u00e9 la seva perspectiva de veure la vida<\/strong><\/p><\/blockquote>\n<\/td>\n<td style=\"width: 25%; height: 32px; text-align: center;\">\n<blockquote><p><strong>21. Antonio Ort\u00edz Folk &#8211; Constru\u00efm les nostres vides o vivim la que ens toca?<\/strong><\/p><\/blockquote>\n<\/td>\n<td style=\"width: 25%; height: 32px; text-align: center;\">\n<blockquote><p><strong>45. Luc\u00eda Luj\u00e1n Gordillo &#8211; Quan comences a estimar el dubte comences a entendre la filosofia &#8211; Menci\u00f3 especial<\/strong><\/p><\/blockquote>\n<\/td>\n<\/tr>\n<tr style=\"height: 32px;\">\n<td style=\"width: 25%; height: 32px;\"><a href=\"https:\/\/agora.xtec.cat\/ieslaromanica\/wp-content\/uploads\/usu857\/2023\/02\/1-Brian-Madrigal-Cortes-Creus-que-tot-seria-millor-si-haguessis-pres-un-altre-cami.jpg\"><img loading=\"lazy\" decoding=\"async\" class=\"aligncenter wp-image-22320 size-medium\" src=\"https:\/\/agora.xtec.cat\/ieslaromanica\/wp-content\/uploads\/usu857\/2023\/02\/1-Brian-Madrigal-Cortes-Creus-que-tot-seria-millor-si-haguessis-pres-un-altre-cami-300x225.jpg\" alt=\"\" width=\"300\" height=\"225\" srcset=\"https:\/\/agora.xtec.cat\/ieslaromanica\/wp-content\/uploads\/usu857\/2023\/02\/1-Brian-Madrigal-Cortes-Creus-que-tot-seria-millor-si-haguessis-pres-un-altre-cami-300x225.jpg 300w, https:\/\/agora.xtec.cat\/ieslaromanica\/wp-content\/uploads\/usu857\/2023\/02\/1-Brian-Madrigal-Cortes-Creus-que-tot-seria-millor-si-haguessis-pres-un-altre-cami-200x150.jpg 200w, https:\/\/agora.xtec.cat\/ieslaromanica\/wp-content\/uploads\/usu857\/2023\/02\/1-Brian-Madrigal-Cortes-Creus-que-tot-seria-millor-si-haguessis-pres-un-altre-cami.jpg 344w\" sizes=\"auto, (max-width: 300px) 100vw, 300px\" \/><\/a><\/td>\n<td style=\"width: 25%; height: 32px;\"><a href=\"https:\/\/agora.xtec.cat\/ieslaromanica\/wp-content\/uploads\/usu857\/2023\/02\/2.-Aroa-Cuellar-Vazquez-cadascun-te-la-seva-perspectiva-de-veure-la-vida.jpeg\"><img loading=\"lazy\" decoding=\"async\" class=\"aligncenter wp-image-22321 size-medium\" src=\"https:\/\/agora.xtec.cat\/ieslaromanica\/wp-content\/uploads\/usu857\/2023\/02\/2.-Aroa-Cuellar-Vazquez-cadascun-te-la-seva-perspectiva-de-veure-la-vida-169x300.jpeg\" alt=\"\" width=\"169\" height=\"300\" srcset=\"https:\/\/agora.xtec.cat\/ieslaromanica\/wp-content\/uploads\/usu857\/2023\/02\/2.-Aroa-Cuellar-Vazquez-cadascun-te-la-seva-perspectiva-de-veure-la-vida-169x300.jpeg 169w, https:\/\/agora.xtec.cat\/ieslaromanica\/wp-content\/uploads\/usu857\/2023\/02\/2.-Aroa-Cuellar-Vazquez-cadascun-te-la-seva-perspectiva-de-veure-la-vida.jpeg 247w\" sizes=\"auto, (max-width: 169px) 100vw, 169px\" \/><\/a><\/td>\n<td style=\"width: 25%; height: 32px;\"><a href=\"https:\/\/agora.xtec.cat\/ieslaromanica\/wp-content\/uploads\/usu857\/2023\/02\/21.-Antonio-Ortiz-Folk-Construim-les-nostres-vides-o-vivim-la-que-ens-toca.jpg\"><img loading=\"lazy\" decoding=\"async\" class=\"aligncenter wp-image-22322 size-medium\" src=\"https:\/\/agora.xtec.cat\/ieslaromanica\/wp-content\/uploads\/usu857\/2023\/02\/21.-Antonio-Ortiz-Folk-Construim-les-nostres-vides-o-vivim-la-que-ens-toca-225x300.jpg\" alt=\"\" width=\"225\" height=\"300\" srcset=\"https:\/\/agora.xtec.cat\/ieslaromanica\/wp-content\/uploads\/usu857\/2023\/02\/21.-Antonio-Ortiz-Folk-Construim-les-nostres-vides-o-vivim-la-que-ens-toca-225x300.jpg 225w, https:\/\/agora.xtec.cat\/ieslaromanica\/wp-content\/uploads\/usu857\/2023\/02\/21.-Antonio-Ortiz-Folk-Construim-les-nostres-vides-o-vivim-la-que-ens-toca.jpg 278w\" sizes=\"auto, (max-width: 225px) 100vw, 225px\" \/><\/a><\/td>\n<td style=\"width: 25%; height: 32px;\"><a href=\"https:\/\/agora.xtec.cat\/ieslaromanica\/wp-content\/uploads\/usu857\/2023\/02\/45.-Lucia-Lujan-Gordillo-Quan-comences-a-estimar-el-dubte-comences-a-entendre-la-filosofia-Mencio-especial.jpeg\"><img loading=\"lazy\" decoding=\"async\" class=\"aligncenter wp-image-22323 size-medium\" src=\"https:\/\/agora.xtec.cat\/ieslaromanica\/wp-content\/uploads\/usu857\/2023\/02\/45.-Lucia-Lujan-Gordillo-Quan-comences-a-estimar-el-dubte-comences-a-entendre-la-filosofia-Mencio-especial-225x300.jpeg\" alt=\"\" width=\"225\" height=\"300\" srcset=\"https:\/\/agora.xtec.cat\/ieslaromanica\/wp-content\/uploads\/usu857\/2023\/02\/45.-Lucia-Lujan-Gordillo-Quan-comences-a-estimar-el-dubte-comences-a-entendre-la-filosofia-Mencio-especial-225x300.jpeg 225w, https:\/\/agora.xtec.cat\/ieslaromanica\/wp-content\/uploads\/usu857\/2023\/02\/45.-Lucia-Lujan-Gordillo-Quan-comences-a-estimar-el-dubte-comences-a-entendre-la-filosofia-Mencio-especial.jpeg 271w\" sizes=\"auto, (max-width: 225px) 100vw, 225px\" \/><\/a><\/td>\n<\/tr>\n<\/tbody>\n<\/table>\n<p>Tamb\u00e9 vam rebre un<a href=\"https:\/\/agora.xtec.cat\/ieslaromanica\/wp-content\/uploads\/usu857\/2023\/02\/diploma-institut.pdf\"> diploma<\/a> per haver participat<\/p>\n<p>&nbsp;<\/p>\n","protected":false},"excerpt":{"rendered":"<p><a href=\"https:\/\/agora.xtec.cat\/ieslaromanica\/wp-content\/uploads\/usu857\/2023\/02\/Harriet-Taylor-Mill-Defensora-dels-drets-de-les-dones-Filosofia-1.jpg\"><\/a>Els alumnes de 1er de batxillerat han participat a la 16a Mostra de FOTOFILOSOFIA ,el 16 de novembre de 2022, a l&#8217;Aula Magna de la Facultat de Filosofia de la Universitat de Barcelona.\u00a0Anomenem &#8220;fotofilosofia&#8221; a una fotografia retolada\u00a0amb una pregunta de valors, fins, conceptes.&hellip;  <a href=\"https:\/\/agora.xtec.cat\/ieslaromanica\/general\/fotofilosofia-2022\/\" title=\"Read FOTOFILOSOFIA 2022\">Llegeix m\u00e9s\u00bb<\/a><\/p>\n","protected":false},"author":35,"featured_media":22324,"comment_status":"open","ping_status":"closed","sticky":false,"template":"","format":"standard","meta":{"_bbp_topic_count":0,"_bbp_reply_count":0,"_bbp_total_topic_count":0,"_bbp_total_reply_count":0,"_bbp_voice_count":0,"_bbp_anonymous_reply_count":0,"_bbp_topic_count_hidden":0,"_bbp_reply_count_hidden":0,"_bbp_forum_subforum_count":0,"footnotes":""},"categories":[8,1,29],"tags":[],"class_list":["post-22319","post","type-post","status-publish","format-standard","has-post-thumbnail","hentry","category-batxillerat","category-general","category-portada"],"post_mailing_queue_ids":[],"_links":{"self":[{"href":"https:\/\/agora.xtec.cat\/ieslaromanica\/wp-json\/wp\/v2\/posts\/22319","targetHints":{"allow":["GET"]}}],"collection":[{"href":"https:\/\/agora.xtec.cat\/ieslaromanica\/wp-json\/wp\/v2\/posts"}],"about":[{"href":"https:\/\/agora.xtec.cat\/ieslaromanica\/wp-json\/wp\/v2\/types\/post"}],"author":[{"embeddable":true,"href":"https:\/\/agora.xtec.cat\/ieslaromanica\/wp-json\/wp\/v2\/users\/35"}],"replies":[{"embeddable":true,"href":"https:\/\/agora.xtec.cat\/ieslaromanica\/wp-json\/wp\/v2\/comments?post=22319"}],"version-history":[{"count":3,"href":"https:\/\/agora.xtec.cat\/ieslaromanica\/wp-json\/wp\/v2\/posts\/22319\/revisions"}],"predecessor-version":[{"id":22330,"href":"https:\/\/agora.xtec.cat\/ieslaromanica\/wp-json\/wp\/v2\/posts\/22319\/revisions\/22330"}],"wp:featuredmedia":[{"embeddable":true,"href":"https:\/\/agora.xtec.cat\/ieslaromanica\/wp-json\/wp\/v2\/media\/22324"}],"wp:attachment":[{"href":"https:\/\/agora.xtec.cat\/ieslaromanica\/wp-json\/wp\/v2\/media?parent=22319"}],"wp:term":[{"taxonomy":"category","embeddable":true,"href":"https:\/\/agora.xtec.cat\/ieslaromanica\/wp-json\/wp\/v2\/categories?post=22319"},{"taxonomy":"post_tag","embeddable":true,"href":"https:\/\/agora.xtec.cat\/ieslaromanica\/wp-json\/wp\/v2\/tags?post=22319"}],"curies":[{"name":"wp","href":"https:\/\/api.w.org\/{rel}","templated":true}]}}