{"id":22233,"date":"2023-01-17T17:26:28","date_gmt":"2023-01-17T16:26:28","guid":{"rendered":"https:\/\/agora.xtec.cat\/ieslaromanica\/?p=22233"},"modified":"2023-01-17T17:28:12","modified_gmt":"2023-01-17T16:28:12","slug":"visitem-el-sincrotro-alba","status":"publish","type":"post","link":"https:\/\/agora.xtec.cat\/ieslaromanica\/general\/visitem-el-sincrotro-alba\/","title":{"rendered":"Visitem el Sincrotr\u00f3 Alba"},"content":{"rendered":"<p style=\"text-align: justify;\">Els alumnes de Qudom van anar el dijous 12 de gener a visitar el Sincrotr\u00f3 Alba.<\/p>\n<p style=\"text-align: justify;\">Aquesta infraestructura situada a Cerdanyola del Vall\u00e8s es caracteritza per ser la m\u00e9s important de la zona mediterr\u00e0nia i per ser una infraestructura de tercera generaci\u00f3.<\/p>\n<p style=\"text-align: justify;\">Per\u00f2, qu\u00e8 han vist els nostres alumnes durant la visita?<\/p>\n<p style=\"text-align: justify;\">Els nostres alumnes de QUDO han pogut con\u00e8ixer de primera m\u00e0 com funciona un complex d&#8217;acceleraci\u00f3 d&#8217;electrons per produir llum de sincrotr\u00f3 que permet visualitzar l&#8217;estructura at\u00f2mica i molecular dels materials. Aquesta tecnologia tan puntera permet estudiar les propietats dels diferents materials.<\/p>\n<p><a href=\"https:\/\/agora.xtec.cat\/ieslaromanica\/wp-content\/uploads\/usu857\/2023\/01\/Sense-titol-1.pdf\"><img loading=\"lazy\" decoding=\"async\" class=\"aligncenter wp-image-21833\" src=\"https:\/\/agora.xtec.cat\/ieslaromanica\/wp-content\/uploads\/usu857\/2022\/09\/pantalla-tactil-300x300.png\" alt=\"\" width=\"84\" height=\"84\" srcset=\"https:\/\/agora.xtec.cat\/ieslaromanica\/wp-content\/uploads\/usu857\/2022\/09\/pantalla-tactil-300x300.png 300w, https:\/\/agora.xtec.cat\/ieslaromanica\/wp-content\/uploads\/usu857\/2022\/09\/pantalla-tactil-150x150.png 150w, https:\/\/agora.xtec.cat\/ieslaromanica\/wp-content\/uploads\/usu857\/2022\/09\/pantalla-tactil.png 512w\" sizes=\"auto, (max-width: 84px) 100vw, 84px\" \/><\/a><\/p>\n<p style=\"text-align: center;\"><a href=\"https:\/\/agora.xtec.cat\/ieslaromanica\/wp-content\/uploads\/usu857\/2023\/01\/Sense-titol-1.pdf\">FOTO FAM\u00cdLIA SINCROTR\u00d3 ALBA<\/a><\/p>\n<blockquote>\n<p style=\"text-align: center;\">Si us heu quedat en ganes de con\u00e8ixer m\u00e9s <em>&#8220;ALBA ofereix un programa de\u00a0<strong>visites guiades gratu\u00eftes<\/strong> on els participants poden con\u00e8ixer qu\u00e8 \u00e9s un sincrotr\u00f3 i per a qu\u00e8 serveixen les diferents l\u00ednies de llum.&#8221; <a href=\"https:\/\/www.cells.es\/ca\/divulgacio\/visita-alba\">https:\/\/www.cells.es\/ca\/divulgacio\/visita-alba<\/a><\/em><\/p>\n<\/blockquote>\n<p>&nbsp;<\/p>\n","protected":false},"excerpt":{"rendered":"<p>Els alumnes de Qudom van anar el dijous 12 de gener a visitar el Sincrotr\u00f3 Alba.<br \/>\nAquesta infraestructura situada a Cerdanyola del Vall\u00e8s es caracteritza per ser la m\u00e9s important de la zona mediterr\u00e0nia i per ser una infraestructura de tercera generaci\u00f3.<br \/>\nPer\u00f2, qu\u00e8 han vist els&hellip;  <a href=\"https:\/\/agora.xtec.cat\/ieslaromanica\/general\/visitem-el-sincrotro-alba\/\" title=\"Read Visitem el Sincrotr\u00f3 Alba\">Llegeix m\u00e9s\u00bb<\/a><\/p>\n","protected":false},"author":35,"featured_media":22237,"comment_status":"open","ping_status":"closed","sticky":false,"template":"","format":"standard","meta":{"_bbp_topic_count":0,"_bbp_reply_count":0,"_bbp_total_topic_count":0,"_bbp_total_reply_count":0,"_bbp_voice_count":0,"_bbp_anonymous_reply_count":0,"_bbp_topic_count_hidden":0,"_bbp_reply_count_hidden":0,"_bbp_forum_subforum_count":0,"footnotes":""},"categories":[314,30,1,29],"tags":[],"class_list":["post-22233","post","type-post","status-publish","format-standard","has-post-thumbnail","hentry","category-activitats-extraescolars","category-cicles-formatius","category-general","category-portada"],"post_mailing_queue_ids":[],"_links":{"self":[{"href":"https:\/\/agora.xtec.cat\/ieslaromanica\/wp-json\/wp\/v2\/posts\/22233","targetHints":{"allow":["GET"]}}],"collection":[{"href":"https:\/\/agora.xtec.cat\/ieslaromanica\/wp-json\/wp\/v2\/posts"}],"about":[{"href":"https:\/\/agora.xtec.cat\/ieslaromanica\/wp-json\/wp\/v2\/types\/post"}],"author":[{"embeddable":true,"href":"https:\/\/agora.xtec.cat\/ieslaromanica\/wp-json\/wp\/v2\/users\/35"}],"replies":[{"embeddable":true,"href":"https:\/\/agora.xtec.cat\/ieslaromanica\/wp-json\/wp\/v2\/comments?post=22233"}],"version-history":[{"count":2,"href":"https:\/\/agora.xtec.cat\/ieslaromanica\/wp-json\/wp\/v2\/posts\/22233\/revisions"}],"predecessor-version":[{"id":22241,"href":"https:\/\/agora.xtec.cat\/ieslaromanica\/wp-json\/wp\/v2\/posts\/22233\/revisions\/22241"}],"wp:featuredmedia":[{"embeddable":true,"href":"https:\/\/agora.xtec.cat\/ieslaromanica\/wp-json\/wp\/v2\/media\/22237"}],"wp:attachment":[{"href":"https:\/\/agora.xtec.cat\/ieslaromanica\/wp-json\/wp\/v2\/media?parent=22233"}],"wp:term":[{"taxonomy":"category","embeddable":true,"href":"https:\/\/agora.xtec.cat\/ieslaromanica\/wp-json\/wp\/v2\/categories?post=22233"},{"taxonomy":"post_tag","embeddable":true,"href":"https:\/\/agora.xtec.cat\/ieslaromanica\/wp-json\/wp\/v2\/tags?post=22233"}],"curies":[{"name":"wp","href":"https:\/\/api.w.org\/{rel}","templated":true}]}}