{"id":22183,"date":"2022-12-21T13:03:02","date_gmt":"2022-12-21T12:03:02","guid":{"rendered":"https:\/\/agora.xtec.cat\/ieslaromanica\/?p=22183"},"modified":"2022-12-21T13:03:02","modified_gmt":"2022-12-21T12:03:02","slug":"la-marato-per-la-salut-cardiovascular","status":"publish","type":"post","link":"https:\/\/agora.xtec.cat\/ieslaromanica\/general\/la-marato-per-la-salut-cardiovascular\/","title":{"rendered":"LA MARAT\u00d3 PER LA SALUT CARDIOVASCULAR"},"content":{"rendered":"<p>Tot l&#8217;alumnat de 1r d&#8217;ESO, aix\u00ed com alumnes de la resta de cursos del centre, ha participat, a trav\u00e9s del projecte de Cultura Popular a les aules, amb l&#8217;enregistrament de les coreografies &#8220;Ja ho intueixo&#8221; del disc de La Marat\u00f3 d&#8217;enguany.<\/p>\n<p><span style=\"color: #993366;\">\u00c9s un v\u00eddeo fant\u00e0stic, ple d&#8217;emocions i bones intencions. Nom\u00e9s podem dir..<strong>. DEIXEU-VOS ENDUR PER LA M\u00c0GIA<\/strong>. \u00c9s senzillament <strong>ESPECTACULAR<\/strong>. Gr\u00e0cies i m\u00e9s gr\u00e0cies per creure en el projecte.\u00a0<\/span><\/p>\n<p>Un especial agra\u00efment a l&#8217;alumnat i fam\u00edlies que ho han fet possible, aix\u00ed com als grups culturals de Barber\u00e0 del Vall\u00e8s de la Colla Bastonera Les Romanes, el Ball de Pastorets i el Ball de Panderos<\/p>\n<p style=\"text-align: center;\"><iframe loading=\"lazy\" src=\"\/\/www.youtube.com\/embed\/OAOIPRVK8Ms\" width=\"560\" height=\"314\" allowfullscreen=\"allowfullscreen\" data-mce-fragment=\"1\"><\/iframe>.<\/p>\n<p style=\"text-align: center;\"><strong>Continuarem lluitant per apropar la cultura popular, sempre a trav\u00e9s de la m\u00e0gia dels somriures.<\/strong><br \/>\n<b>&#8220;Quan el cor s&#8217;atura&#8230; La Marat\u00f3 sempre batega&#8221;<\/b><\/p>\n<p style=\"text-align: center;\"><b>VISCA L&#8217;INSTITUT LA ROM\u00c0NICA I VISCA LA CULTURA POPULAR! ARA I SEMPRE!<\/b><\/p>\n<div class=\"gmail_default\" style=\"text-align: center;\"><b>\u00a0<\/b><\/div>\n<div class=\"gmail_default\" style=\"text-align: center;\">PD. Compartim el v\u00eddeo amb tothom! Compartim aquesta m\u00e0gia amb totes les persones possibles! Que el v\u00eddeo faci la volta el m\u00f3n!<\/div>\n","protected":false},"excerpt":{"rendered":"<p>Tot l&#8217;alumnat de 1r d&#8217;ESO, aix\u00ed com alumnes de la resta de cursos del centre, ha participat, a trav\u00e9s del projecte de Cultura Popular a les aules, amb l&#8217;enregistrament de les coreografies &#8220;Ja ho intueixo&#8221; del disc de La Marat\u00f3 d&#8217;enguany.<br \/>\n\u00c9s un v\u00eddeo fant\u00e0stic, ple&hellip;  <a href=\"https:\/\/agora.xtec.cat\/ieslaromanica\/general\/la-marato-per-la-salut-cardiovascular\/\" title=\"Read LA MARAT\u00d3 PER LA SALUT CARDIOVASCULAR\">Llegeix m\u00e9s\u00bb<\/a><\/p>\n","protected":false},"author":35,"featured_media":22184,"comment_status":"open","ping_status":"closed","sticky":false,"template":"","format":"standard","meta":{"_bbp_topic_count":0,"_bbp_reply_count":0,"_bbp_total_topic_count":0,"_bbp_total_reply_count":0,"_bbp_voice_count":0,"_bbp_anonymous_reply_count":0,"_bbp_topic_count_hidden":0,"_bbp_reply_count_hidden":0,"_bbp_forum_subforum_count":0,"footnotes":""},"categories":[1,29],"tags":[],"class_list":["post-22183","post","type-post","status-publish","format-standard","has-post-thumbnail","hentry","category-general","category-portada"],"post_mailing_queue_ids":[],"_links":{"self":[{"href":"https:\/\/agora.xtec.cat\/ieslaromanica\/wp-json\/wp\/v2\/posts\/22183","targetHints":{"allow":["GET"]}}],"collection":[{"href":"https:\/\/agora.xtec.cat\/ieslaromanica\/wp-json\/wp\/v2\/posts"}],"about":[{"href":"https:\/\/agora.xtec.cat\/ieslaromanica\/wp-json\/wp\/v2\/types\/post"}],"author":[{"embeddable":true,"href":"https:\/\/agora.xtec.cat\/ieslaromanica\/wp-json\/wp\/v2\/users\/35"}],"replies":[{"embeddable":true,"href":"https:\/\/agora.xtec.cat\/ieslaromanica\/wp-json\/wp\/v2\/comments?post=22183"}],"version-history":[{"count":1,"href":"https:\/\/agora.xtec.cat\/ieslaromanica\/wp-json\/wp\/v2\/posts\/22183\/revisions"}],"predecessor-version":[{"id":22185,"href":"https:\/\/agora.xtec.cat\/ieslaromanica\/wp-json\/wp\/v2\/posts\/22183\/revisions\/22185"}],"wp:featuredmedia":[{"embeddable":true,"href":"https:\/\/agora.xtec.cat\/ieslaromanica\/wp-json\/wp\/v2\/media\/22184"}],"wp:attachment":[{"href":"https:\/\/agora.xtec.cat\/ieslaromanica\/wp-json\/wp\/v2\/media?parent=22183"}],"wp:term":[{"taxonomy":"category","embeddable":true,"href":"https:\/\/agora.xtec.cat\/ieslaromanica\/wp-json\/wp\/v2\/categories?post=22183"},{"taxonomy":"post_tag","embeddable":true,"href":"https:\/\/agora.xtec.cat\/ieslaromanica\/wp-json\/wp\/v2\/tags?post=22183"}],"curies":[{"name":"wp","href":"https:\/\/api.w.org\/{rel}","templated":true}]}}