{"id":22147,"date":"2022-12-19T13:06:26","date_gmt":"2022-12-19T12:06:26","guid":{"rendered":"https:\/\/agora.xtec.cat\/ieslaromanica\/?p=22147"},"modified":"2022-12-19T13:07:52","modified_gmt":"2022-12-19T12:07:52","slug":"taller-de-periodisme-i-desinformacio-a-3r-deso","status":"publish","type":"post","link":"https:\/\/agora.xtec.cat\/ieslaromanica\/general\/taller-de-periodisme-i-desinformacio-a-3r-deso\/","title":{"rendered":"TALLER DE\u00a0PERIODISME I DESINFORMACI\u00d3\u00a0A 3r d&#8217;ESO\u00a0"},"content":{"rendered":"<p class=\"gmail_quote\" style=\"text-align: justify;\"><img loading=\"lazy\" decoding=\"async\" class=\" wp-image-22154 alignleft\" src=\"https:\/\/agora.xtec.cat\/ieslaromanica\/wp-content\/uploads\/usu857\/2022\/12\/periodico-300x300.png\" alt=\"\" width=\"201\" height=\"201\" srcset=\"https:\/\/agora.xtec.cat\/ieslaromanica\/wp-content\/uploads\/usu857\/2022\/12\/periodico-300x300.png 300w, https:\/\/agora.xtec.cat\/ieslaromanica\/wp-content\/uploads\/usu857\/2022\/12\/periodico-150x150.png 150w, https:\/\/agora.xtec.cat\/ieslaromanica\/wp-content\/uploads\/usu857\/2022\/12\/periodico.png 512w\" sizes=\"auto, (max-width: 201px) 100vw, 201px\" \/>Abans d&#8217;iniciar les vacances de Nadal, els alumnes de 3r d&#8217;ESO han pogut con\u00e8ixer m\u00e9s profundament l&#8217;\u00e0mbit period\u00edstic, gr\u00e0cies al taller anomenat<strong><i>\u00a0Periodisme i desinformaci\u00f3<\/i><\/strong>, on es va tractar, treballar i debatre les <strong><span style=\"text-decoration: underline;\">not\u00edcies falses<\/span><\/strong>.\u00a0\u00a0Aquest taller d&#8217;educaci\u00f3 medi\u00e0tica, proposat pel diari de joves lectors, Junior Report, va comptar amb la pres\u00e8ncia de dos formadors i periodistes que van fer raonar al nostre alumnat q\u00fcestionant-los-hi com s&#8217;informaven, si estaven actualitzats de cara a con\u00e8ixer les not\u00edcies di\u00e0ries de totes les seccions, i com s&#8217;ha de contrastar la informaci\u00f3 que es rep, etc.<\/p>\n<p class=\"gmail_quote\" style=\"text-align: justify;\"><img loading=\"lazy\" decoding=\"async\" class=\" wp-image-22153 alignright\" src=\"https:\/\/agora.xtec.cat\/ieslaromanica\/wp-content\/uploads\/usu857\/2022\/12\/reportero-300x300.png\" alt=\"\" width=\"222\" height=\"222\" srcset=\"https:\/\/agora.xtec.cat\/ieslaromanica\/wp-content\/uploads\/usu857\/2022\/12\/reportero-300x300.png 300w, https:\/\/agora.xtec.cat\/ieslaromanica\/wp-content\/uploads\/usu857\/2022\/12\/reportero-150x150.png 150w, https:\/\/agora.xtec.cat\/ieslaromanica\/wp-content\/uploads\/usu857\/2022\/12\/reportero.png 512w\" sizes=\"auto, (max-width: 222px) 100vw, 222px\" \/><\/p>\n<p>&nbsp;<\/p>\n<p class=\"gmail_quote\" style=\"text-align: justify;\">Al mateix temps, els dos ponents van exposar qu\u00e8 fa un periodista, que ha de tenir una not\u00edcia per ser una veritable not\u00edcia i quin \u00e9s el motiu de la difusi\u00f3 de les not\u00edcies que no s\u00f3n reals, degut a les mentides que circulen per les xarxes socials.<\/p>\n<p>A m\u00e9s, els talleristes explicar que la clau de saber diferenciar les anomenades\u00a0<strong><i>fake news<\/i><\/strong> \u00e9s obtenir una bona educaci\u00f3 medi\u00e0tica, saber diferenciar la informaci\u00f3 vera\u00e7 de la de la desinformaci\u00f3, con\u00e8ixer les empreses que generen publicitat i finalment, con\u00e8ixer termes com l&#8217;alfabetitzaci\u00f3 medi\u00e0tica, la bretxa digital, qu\u00e8 s\u00f3n les compet\u00e8ncies digitals i qu\u00e8 \u00e9s el saber cr\u00edtic.<\/p>\n<p>Esperem que amb aquest taller, s&#8217;hagi aconseguit una bona reflexi\u00f3 als nostres alumnes del que veuen i llegeixen en el seu dia a dia, tant al centre com al seu entorn.<\/p>\n<table style=\"width: 100%; border-collapse: collapse; border-style: none;\">\n<tbody>\n<tr>\n<td style=\"width: 20%;\"><a href=\"https:\/\/agora.xtec.cat\/ieslaromanica\/wp-content\/uploads\/usu857\/2022\/12\/Taller-periodisme-2-scaled.jpg\"><img loading=\"lazy\" decoding=\"async\" class=\"aligncenter wp-image-22149 size-medium\" src=\"https:\/\/agora.xtec.cat\/ieslaromanica\/wp-content\/uploads\/usu857\/2022\/12\/Taller-periodisme-2-300x225.jpg\" alt=\"\" width=\"300\" height=\"225\" srcset=\"https:\/\/agora.xtec.cat\/ieslaromanica\/wp-content\/uploads\/usu857\/2022\/12\/Taller-periodisme-2-300x225.jpg 300w, https:\/\/agora.xtec.cat\/ieslaromanica\/wp-content\/uploads\/usu857\/2022\/12\/Taller-periodisme-2-1024x768.jpg 1024w, https:\/\/agora.xtec.cat\/ieslaromanica\/wp-content\/uploads\/usu857\/2022\/12\/Taller-periodisme-2-768x576.jpg 768w, https:\/\/agora.xtec.cat\/ieslaromanica\/wp-content\/uploads\/usu857\/2022\/12\/Taller-periodisme-2-1536x1152.jpg 1536w, https:\/\/agora.xtec.cat\/ieslaromanica\/wp-content\/uploads\/usu857\/2022\/12\/Taller-periodisme-2-2048x1536.jpg 2048w, https:\/\/agora.xtec.cat\/ieslaromanica\/wp-content\/uploads\/usu857\/2022\/12\/Taller-periodisme-2-200x150.jpg 200w\" sizes=\"auto, (max-width: 300px) 100vw, 300px\" \/><\/a><\/td>\n<td style=\"width: 20%;\"><a href=\"https:\/\/agora.xtec.cat\/ieslaromanica\/wp-content\/uploads\/usu857\/2022\/12\/Taller-periodisme-1.jpg\"><img loading=\"lazy\" decoding=\"async\" class=\"aligncenter wp-image-22148 size-medium\" src=\"https:\/\/agora.xtec.cat\/ieslaromanica\/wp-content\/uploads\/usu857\/2022\/12\/Taller-periodisme-1-300x224.jpg\" alt=\"\" width=\"300\" height=\"224\" srcset=\"https:\/\/agora.xtec.cat\/ieslaromanica\/wp-content\/uploads\/usu857\/2022\/12\/Taller-periodisme-1-300x224.jpg 300w, https:\/\/agora.xtec.cat\/ieslaromanica\/wp-content\/uploads\/usu857\/2022\/12\/Taller-periodisme-1-1024x766.jpg 1024w, https:\/\/agora.xtec.cat\/ieslaromanica\/wp-content\/uploads\/usu857\/2022\/12\/Taller-periodisme-1-768x574.jpg 768w, https:\/\/agora.xtec.cat\/ieslaromanica\/wp-content\/uploads\/usu857\/2022\/12\/Taller-periodisme-1-1536x1149.jpg 1536w, https:\/\/agora.xtec.cat\/ieslaromanica\/wp-content\/uploads\/usu857\/2022\/12\/Taller-periodisme-1-200x150.jpg 200w, https:\/\/agora.xtec.cat\/ieslaromanica\/wp-content\/uploads\/usu857\/2022\/12\/Taller-periodisme-1.jpg 2000w\" sizes=\"auto, (max-width: 300px) 100vw, 300px\" \/><\/a><\/td>\n<td style=\"width: 20%;\"><a href=\"https:\/\/agora.xtec.cat\/ieslaromanica\/wp-content\/uploads\/usu857\/2022\/12\/Taller-periodisme-3-scaled.jpg\"><img loading=\"lazy\" decoding=\"async\" class=\"aligncenter wp-image-22150 size-medium\" src=\"https:\/\/agora.xtec.cat\/ieslaromanica\/wp-content\/uploads\/usu857\/2022\/12\/Taller-periodisme-3-300x225.jpg\" alt=\"\" width=\"300\" height=\"225\" srcset=\"https:\/\/agora.xtec.cat\/ieslaromanica\/wp-content\/uploads\/usu857\/2022\/12\/Taller-periodisme-3-300x225.jpg 300w, https:\/\/agora.xtec.cat\/ieslaromanica\/wp-content\/uploads\/usu857\/2022\/12\/Taller-periodisme-3-1024x768.jpg 1024w, https:\/\/agora.xtec.cat\/ieslaromanica\/wp-content\/uploads\/usu857\/2022\/12\/Taller-periodisme-3-768x576.jpg 768w, https:\/\/agora.xtec.cat\/ieslaromanica\/wp-content\/uploads\/usu857\/2022\/12\/Taller-periodisme-3-1536x1152.jpg 1536w, https:\/\/agora.xtec.cat\/ieslaromanica\/wp-content\/uploads\/usu857\/2022\/12\/Taller-periodisme-3-2048x1536.jpg 2048w, https:\/\/agora.xtec.cat\/ieslaromanica\/wp-content\/uploads\/usu857\/2022\/12\/Taller-periodisme-3-200x150.jpg 200w\" sizes=\"auto, (max-width: 300px) 100vw, 300px\" \/><\/a><\/td>\n<td style=\"width: 20%;\"><a href=\"https:\/\/agora.xtec.cat\/ieslaromanica\/wp-content\/uploads\/usu857\/2022\/12\/Taller-periodisme-5-scaled.jpg\"><img loading=\"lazy\" decoding=\"async\" class=\"aligncenter wp-image-22152 size-medium\" src=\"https:\/\/agora.xtec.cat\/ieslaromanica\/wp-content\/uploads\/usu857\/2022\/12\/Taller-periodisme-5-300x225.jpg\" alt=\"\" width=\"300\" height=\"225\" srcset=\"https:\/\/agora.xtec.cat\/ieslaromanica\/wp-content\/uploads\/usu857\/2022\/12\/Taller-periodisme-5-300x225.jpg 300w, https:\/\/agora.xtec.cat\/ieslaromanica\/wp-content\/uploads\/usu857\/2022\/12\/Taller-periodisme-5-1024x768.jpg 1024w, https:\/\/agora.xtec.cat\/ieslaromanica\/wp-content\/uploads\/usu857\/2022\/12\/Taller-periodisme-5-768x576.jpg 768w, https:\/\/agora.xtec.cat\/ieslaromanica\/wp-content\/uploads\/usu857\/2022\/12\/Taller-periodisme-5-1536x1152.jpg 1536w, https:\/\/agora.xtec.cat\/ieslaromanica\/wp-content\/uploads\/usu857\/2022\/12\/Taller-periodisme-5-2048x1536.jpg 2048w, https:\/\/agora.xtec.cat\/ieslaromanica\/wp-content\/uploads\/usu857\/2022\/12\/Taller-periodisme-5-200x150.jpg 200w\" sizes=\"auto, (max-width: 300px) 100vw, 300px\" \/><\/a><\/td>\n<td style=\"width: 20%;\"><a href=\"https:\/\/agora.xtec.cat\/ieslaromanica\/wp-content\/uploads\/usu857\/2022\/12\/Taller-periodisme-4-scaled.jpg\"><img loading=\"lazy\" decoding=\"async\" class=\"aligncenter wp-image-22151 size-medium\" src=\"https:\/\/agora.xtec.cat\/ieslaromanica\/wp-content\/uploads\/usu857\/2022\/12\/Taller-periodisme-4-300x225.jpg\" alt=\"\" width=\"300\" height=\"225\" srcset=\"https:\/\/agora.xtec.cat\/ieslaromanica\/wp-content\/uploads\/usu857\/2022\/12\/Taller-periodisme-4-300x225.jpg 300w, https:\/\/agora.xtec.cat\/ieslaromanica\/wp-content\/uploads\/usu857\/2022\/12\/Taller-periodisme-4-1024x768.jpg 1024w, https:\/\/agora.xtec.cat\/ieslaromanica\/wp-content\/uploads\/usu857\/2022\/12\/Taller-periodisme-4-768x576.jpg 768w, https:\/\/agora.xtec.cat\/ieslaromanica\/wp-content\/uploads\/usu857\/2022\/12\/Taller-periodisme-4-1536x1152.jpg 1536w, https:\/\/agora.xtec.cat\/ieslaromanica\/wp-content\/uploads\/usu857\/2022\/12\/Taller-periodisme-4-2048x1536.jpg 2048w, https:\/\/agora.xtec.cat\/ieslaromanica\/wp-content\/uploads\/usu857\/2022\/12\/Taller-periodisme-4-200x150.jpg 200w\" sizes=\"auto, (max-width: 300px) 100vw, 300px\" \/><\/a><\/td>\n<\/tr>\n<\/tbody>\n<\/table>\n<p>&nbsp;<\/p>\n","protected":false},"excerpt":{"rendered":"<p>Abans d&#8217;iniciar les vacances de Nadal, els alumnes de 3r d&#8217;ESO han pogut con\u00e8ixer m\u00e9s profundament l&#8217;\u00e0mbit period\u00edstic, gr\u00e0cies al taller anomenat\u00a0Periodisme i desinformaci\u00f3, on es va tractar, treballar i debatre les not\u00edcies falses.\u00a0\u00a0Aquest taller d&#8217;educaci\u00f3 medi\u00e0tica, proposat pel diari de joves lectors, Junior Report,&hellip;  <a href=\"https:\/\/agora.xtec.cat\/ieslaromanica\/general\/taller-de-periodisme-i-desinformacio-a-3r-deso\/\" title=\"Read TALLER DE\u00a0PERIODISME I DESINFORMACI\u00d3\u00a0A 3r d&#8217;ESO\u00a0\">Llegeix m\u00e9s\u00bb<\/a><\/p>\n","protected":false},"author":35,"featured_media":22153,"comment_status":"open","ping_status":"closed","sticky":false,"template":"","format":"standard","meta":{"_bbp_topic_count":0,"_bbp_reply_count":0,"_bbp_total_topic_count":0,"_bbp_total_reply_count":0,"_bbp_voice_count":0,"_bbp_anonymous_reply_count":0,"_bbp_topic_count_hidden":0,"_bbp_reply_count_hidden":0,"_bbp_forum_subforum_count":0,"footnotes":""},"categories":[3,6,1,29],"tags":[],"class_list":["post-22147","post","type-post","status-publish","format-standard","has-post-thumbnail","hentry","category-eso","category-eso-3","category-general","category-portada"],"post_mailing_queue_ids":[],"_links":{"self":[{"href":"https:\/\/agora.xtec.cat\/ieslaromanica\/wp-json\/wp\/v2\/posts\/22147","targetHints":{"allow":["GET"]}}],"collection":[{"href":"https:\/\/agora.xtec.cat\/ieslaromanica\/wp-json\/wp\/v2\/posts"}],"about":[{"href":"https:\/\/agora.xtec.cat\/ieslaromanica\/wp-json\/wp\/v2\/types\/post"}],"author":[{"embeddable":true,"href":"https:\/\/agora.xtec.cat\/ieslaromanica\/wp-json\/wp\/v2\/users\/35"}],"replies":[{"embeddable":true,"href":"https:\/\/agora.xtec.cat\/ieslaromanica\/wp-json\/wp\/v2\/comments?post=22147"}],"version-history":[{"count":3,"href":"https:\/\/agora.xtec.cat\/ieslaromanica\/wp-json\/wp\/v2\/posts\/22147\/revisions"}],"predecessor-version":[{"id":22157,"href":"https:\/\/agora.xtec.cat\/ieslaromanica\/wp-json\/wp\/v2\/posts\/22147\/revisions\/22157"}],"wp:featuredmedia":[{"embeddable":true,"href":"https:\/\/agora.xtec.cat\/ieslaromanica\/wp-json\/wp\/v2\/media\/22153"}],"wp:attachment":[{"href":"https:\/\/agora.xtec.cat\/ieslaromanica\/wp-json\/wp\/v2\/media?parent=22147"}],"wp:term":[{"taxonomy":"category","embeddable":true,"href":"https:\/\/agora.xtec.cat\/ieslaromanica\/wp-json\/wp\/v2\/categories?post=22147"},{"taxonomy":"post_tag","embeddable":true,"href":"https:\/\/agora.xtec.cat\/ieslaromanica\/wp-json\/wp\/v2\/tags?post=22147"}],"curies":[{"name":"wp","href":"https:\/\/api.w.org\/{rel}","templated":true}]}}