{"id":22132,"date":"2022-12-16T19:33:23","date_gmt":"2022-12-16T18:33:23","guid":{"rendered":"https:\/\/agora.xtec.cat\/ieslaromanica\/?p=22132"},"modified":"2022-12-16T19:34:00","modified_gmt":"2022-12-16T18:34:00","slug":"comenca-la-temporada-de-sortides","status":"publish","type":"post","link":"https:\/\/agora.xtec.cat\/ieslaromanica\/general\/comenca-la-temporada-de-sortides\/","title":{"rendered":"Comen\u00e7a la temporada de Sortides"},"content":{"rendered":"<h3 style=\"text-align: center;\"><span style=\"color: #993366;\">Sortida a Laboratoris Rubi\u00f3<\/span><\/h3>\n<div><\/div>\n<h5 style=\"text-align: justify;\">El dilluns 12 de desembre l&#8217;alumnat que est\u00e0 cursant el <strong>primer curs del cicle de Fabricaci\u00f3 de productes farmac\u00e8utics, biotecnol\u00f2gics i afins<\/strong> va visitar l&#8217;empresa Laboratoris Rubi\u00f3, de Castellbisbal, on van poder veure in situ el <span style=\"text-decoration: underline;\">proc\u00e9s de producci\u00f3 de formes farmac\u00e8utiques i el control de qualitat als laboratoris<\/span>.<\/h5>\n<h5 style=\"text-align: justify;\"><\/h5>\n<blockquote>\n<h5 style=\"text-align: center;\">Molt agra\u00efts als responsables de l&#8217;empresa per les explicacions i la dedicaci\u00f3 en la visita per al nostre alumnat.<\/h5>\n<\/blockquote>\n<table style=\"border-collapse: collapse; width: 100%;\">\n<tbody>\n<tr>\n<td style=\"width: 50%;\"><img loading=\"lazy\" decoding=\"async\" class=\"aligncenter wp-image-22135\" src=\"https:\/\/agora.xtec.cat\/ieslaromanica\/wp-content\/uploads\/usu857\/2022\/12\/Foto-visita-Lab-Rubio-2_page-0001-1-300x225.jpg\" alt=\"\" width=\"373\" height=\"280\" srcset=\"https:\/\/agora.xtec.cat\/ieslaromanica\/wp-content\/uploads\/usu857\/2022\/12\/Foto-visita-Lab-Rubio-2_page-0001-1-300x225.jpg 300w, https:\/\/agora.xtec.cat\/ieslaromanica\/wp-content\/uploads\/usu857\/2022\/12\/Foto-visita-Lab-Rubio-2_page-0001-1-1024x768.jpg 1024w, https:\/\/agora.xtec.cat\/ieslaromanica\/wp-content\/uploads\/usu857\/2022\/12\/Foto-visita-Lab-Rubio-2_page-0001-1-768x576.jpg 768w, https:\/\/agora.xtec.cat\/ieslaromanica\/wp-content\/uploads\/usu857\/2022\/12\/Foto-visita-Lab-Rubio-2_page-0001-1-1536x1152.jpg 1536w, https:\/\/agora.xtec.cat\/ieslaromanica\/wp-content\/uploads\/usu857\/2022\/12\/Foto-visita-Lab-Rubio-2_page-0001-1-2048x1536.jpg 2048w, https:\/\/agora.xtec.cat\/ieslaromanica\/wp-content\/uploads\/usu857\/2022\/12\/Foto-visita-Lab-Rubio-2_page-0001-1-200x150.jpg 200w\" sizes=\"auto, (max-width: 373px) 100vw, 373px\" \/><\/td>\n<td style=\"width: 50%;\"><img loading=\"lazy\" decoding=\"async\" class=\"aligncenter wp-image-22136\" src=\"https:\/\/agora.xtec.cat\/ieslaromanica\/wp-content\/uploads\/usu857\/2022\/12\/rubio-300x219.png\" alt=\"\" width=\"385\" height=\"281\" srcset=\"https:\/\/agora.xtec.cat\/ieslaromanica\/wp-content\/uploads\/usu857\/2022\/12\/rubio-300x219.png 300w, https:\/\/agora.xtec.cat\/ieslaromanica\/wp-content\/uploads\/usu857\/2022\/12\/rubio-1024x746.png 1024w, https:\/\/agora.xtec.cat\/ieslaromanica\/wp-content\/uploads\/usu857\/2022\/12\/rubio-768x560.png 768w, https:\/\/agora.xtec.cat\/ieslaromanica\/wp-content\/uploads\/usu857\/2022\/12\/rubio.png 1065w\" sizes=\"auto, (max-width: 385px) 100vw, 385px\" \/><\/td>\n<\/tr>\n<\/tbody>\n<\/table>\n<p>&nbsp;<\/p>\n","protected":false},"excerpt":{"rendered":"<p>Sortida a Laboratoris Rubi\u00f3<\/p>\n<p>El dilluns 12 de desembre l&#8217;alumnat que est\u00e0 cursant el primer curs del cicle de Fabricaci\u00f3 de productes farmac\u00e8utics, biotecnol\u00f2gics i afins va visitar l&#8217;empresa Laboratoris Rubi\u00f3, de Castellbisbal, on van poder veure in situ el proc\u00e9s de producci\u00f3 de formes farmac\u00e8utiques&hellip;  <a href=\"https:\/\/agora.xtec.cat\/ieslaromanica\/general\/comenca-la-temporada-de-sortides\/\" title=\"Read Comen\u00e7a la temporada de Sortides\">Llegeix m\u00e9s\u00bb<\/a><\/p>\n","protected":false},"author":35,"featured_media":22135,"comment_status":"open","ping_status":"closed","sticky":false,"template":"","format":"standard","meta":{"_bbp_topic_count":0,"_bbp_reply_count":0,"_bbp_total_topic_count":0,"_bbp_total_reply_count":0,"_bbp_voice_count":0,"_bbp_anonymous_reply_count":0,"_bbp_topic_count_hidden":0,"_bbp_reply_count_hidden":0,"_bbp_forum_subforum_count":0,"footnotes":""},"categories":[30,1,29],"tags":[],"class_list":["post-22132","post","type-post","status-publish","format-standard","has-post-thumbnail","hentry","category-cicles-formatius","category-general","category-portada"],"post_mailing_queue_ids":[],"_links":{"self":[{"href":"https:\/\/agora.xtec.cat\/ieslaromanica\/wp-json\/wp\/v2\/posts\/22132","targetHints":{"allow":["GET"]}}],"collection":[{"href":"https:\/\/agora.xtec.cat\/ieslaromanica\/wp-json\/wp\/v2\/posts"}],"about":[{"href":"https:\/\/agora.xtec.cat\/ieslaromanica\/wp-json\/wp\/v2\/types\/post"}],"author":[{"embeddable":true,"href":"https:\/\/agora.xtec.cat\/ieslaromanica\/wp-json\/wp\/v2\/users\/35"}],"replies":[{"embeddable":true,"href":"https:\/\/agora.xtec.cat\/ieslaromanica\/wp-json\/wp\/v2\/comments?post=22132"}],"version-history":[{"count":1,"href":"https:\/\/agora.xtec.cat\/ieslaromanica\/wp-json\/wp\/v2\/posts\/22132\/revisions"}],"predecessor-version":[{"id":22137,"href":"https:\/\/agora.xtec.cat\/ieslaromanica\/wp-json\/wp\/v2\/posts\/22132\/revisions\/22137"}],"wp:featuredmedia":[{"embeddable":true,"href":"https:\/\/agora.xtec.cat\/ieslaromanica\/wp-json\/wp\/v2\/media\/22135"}],"wp:attachment":[{"href":"https:\/\/agora.xtec.cat\/ieslaromanica\/wp-json\/wp\/v2\/media?parent=22132"}],"wp:term":[{"taxonomy":"category","embeddable":true,"href":"https:\/\/agora.xtec.cat\/ieslaromanica\/wp-json\/wp\/v2\/categories?post=22132"},{"taxonomy":"post_tag","embeddable":true,"href":"https:\/\/agora.xtec.cat\/ieslaromanica\/wp-json\/wp\/v2\/tags?post=22132"}],"curies":[{"name":"wp","href":"https:\/\/api.w.org\/{rel}","templated":true}]}}