{"id":22109,"date":"2022-12-14T14:01:43","date_gmt":"2022-12-14T13:01:43","guid":{"rendered":"https:\/\/agora.xtec.cat\/ieslaromanica\/?p=22109"},"modified":"2022-12-14T14:04:24","modified_gmt":"2022-12-14T13:04:24","slug":"cultura-popular-a-les-aules","status":"publish","type":"post","link":"https:\/\/agora.xtec.cat\/ieslaromanica\/general\/cultura-popular-a-les-aules\/","title":{"rendered":"Cultura Popular a les aules"},"content":{"rendered":"<p class=\"gmail_default\" style=\"text-align: justify;\">Tot l&#8217;alumnat de 1r d&#8217;ESO, aix\u00ed com alumnes de la resta de cursos del centre, ha participat, a trav\u00e9s del projecte de <strong>Cultura Popular a les aules<\/strong>, amb l&#8217;enregistrament de les coreografies &#8220;Ja ho intueixo&#8221; del disc de<strong> La Marat\u00f3<\/strong> d&#8217;enguany.<\/p>\n<p class=\"gmail_default\" style=\"text-align: justify;\">\u00c9s un v\u00eddeo fant\u00e0stic, ple d&#8217;emocions i bones intencions. Nom\u00e9s podem dir&#8230; <span style=\"color: #993366;\"><strong>DEIXEU-VOS ENDUR PER LA M\u00c0GIA<\/strong><\/span> \ud83d\ude06 . \u00c9s senzillament ESPECTACULAR. Gr\u00e0cies i m\u00e9s gr\u00e0cies per creure en el projecte.<\/p>\n<p class=\"gmail_default\" style=\"text-align: justify;\">Un especial agra\u00efment a l&#8217;alumnat i fam\u00edlies que ho han fet possible, aix\u00ed com als grups culturals de Barber\u00e0 del Vall\u00e8s de la Colla Bastonera Les Romanes, el Ball de Pastorets i el Ball de Panderos.<\/p>\n<div style=\"text-align: center;\"><\/div>\n<div style=\"text-align: center;\"><iframe loading=\"lazy\" src=\"\/\/www.youtube.com\/embed\/OAOIPRVK8Ms\" width=\"560\" height=\"314\" allowfullscreen=\"allowfullscreen\"><\/iframe><\/div>\n<div><\/div>\n<div><\/div>\n<div><\/div>\n<div class=\"gmail_default\" style=\"text-align: center;\"><em><strong>Continuarem lluitant per apropar la cultura popular, sempre a trav\u00e9s de la m\u00e0gia dels somriures.<\/strong><\/em><\/div>\n<div class=\"gmail_default\" style=\"text-align: center;\"><em><b>&#8220;Quan el cor s&#8217;atura&#8230; La Marat\u00f3 sempre batega&#8221;<\/b><\/em><\/div>\n<div class=\"gmail_default\" style=\"text-align: center;\"><em><b>VISCA L&#8217;INSTITUT LA ROM\u00c0NICA I VISCA LA CULTURA POPULAR! ARA I SEMPRE!<\/b><\/em><\/div>\n<div><\/div>\n<div class=\"gmail_default\" style=\"text-align: center;\"><b>\u00a0<\/b><\/div>\n<pre class=\"gmail_default\" style=\"text-align: center;\">PD. Compartim el v\u00eddeo amb tothom! Compartim aquesta m\u00e0gia amb totes les persones possibles! Que el v\u00eddeo faci la volta el m\u00f3n!<\/pre>\n<p>&nbsp;<\/p>\n","protected":false},"excerpt":{"rendered":"<p>Tot l&#8217;alumnat de 1r d&#8217;ESO, aix\u00ed com alumnes de la resta de cursos del centre, ha participat, a trav\u00e9s del projecte de Cultura Popular a les aules, amb l&#8217;enregistrament de les coreografies &#8220;Ja ho intueixo&#8221; del disc de La Marat\u00f3 d&#8217;enguany.<br \/>\n\u00c9s un v\u00eddeo fant\u00e0stic, ple&hellip;  <a href=\"https:\/\/agora.xtec.cat\/ieslaromanica\/general\/cultura-popular-a-les-aules\/\" title=\"Read Cultura Popular a les aules\">Llegeix m\u00e9s\u00bb<\/a><\/p>\n","protected":false},"author":35,"featured_media":22110,"comment_status":"open","ping_status":"closed","sticky":false,"template":"","format":"standard","meta":{"_bbp_topic_count":0,"_bbp_reply_count":0,"_bbp_total_topic_count":0,"_bbp_total_reply_count":0,"_bbp_voice_count":0,"_bbp_anonymous_reply_count":0,"_bbp_topic_count_hidden":0,"_bbp_reply_count_hidden":0,"_bbp_forum_subforum_count":0,"footnotes":""},"categories":[1,29],"tags":[],"class_list":["post-22109","post","type-post","status-publish","format-standard","has-post-thumbnail","hentry","category-general","category-portada"],"post_mailing_queue_ids":[],"_links":{"self":[{"href":"https:\/\/agora.xtec.cat\/ieslaromanica\/wp-json\/wp\/v2\/posts\/22109","targetHints":{"allow":["GET"]}}],"collection":[{"href":"https:\/\/agora.xtec.cat\/ieslaromanica\/wp-json\/wp\/v2\/posts"}],"about":[{"href":"https:\/\/agora.xtec.cat\/ieslaromanica\/wp-json\/wp\/v2\/types\/post"}],"author":[{"embeddable":true,"href":"https:\/\/agora.xtec.cat\/ieslaromanica\/wp-json\/wp\/v2\/users\/35"}],"replies":[{"embeddable":true,"href":"https:\/\/agora.xtec.cat\/ieslaromanica\/wp-json\/wp\/v2\/comments?post=22109"}],"version-history":[{"count":4,"href":"https:\/\/agora.xtec.cat\/ieslaromanica\/wp-json\/wp\/v2\/posts\/22109\/revisions"}],"predecessor-version":[{"id":22116,"href":"https:\/\/agora.xtec.cat\/ieslaromanica\/wp-json\/wp\/v2\/posts\/22109\/revisions\/22116"}],"wp:featuredmedia":[{"embeddable":true,"href":"https:\/\/agora.xtec.cat\/ieslaromanica\/wp-json\/wp\/v2\/media\/22110"}],"wp:attachment":[{"href":"https:\/\/agora.xtec.cat\/ieslaromanica\/wp-json\/wp\/v2\/media?parent=22109"}],"wp:term":[{"taxonomy":"category","embeddable":true,"href":"https:\/\/agora.xtec.cat\/ieslaromanica\/wp-json\/wp\/v2\/categories?post=22109"},{"taxonomy":"post_tag","embeddable":true,"href":"https:\/\/agora.xtec.cat\/ieslaromanica\/wp-json\/wp\/v2\/tags?post=22109"}],"curies":[{"name":"wp","href":"https:\/\/api.w.org\/{rel}","templated":true}]}}