{"id":21929,"date":"2022-11-03T11:54:24","date_gmt":"2022-11-03T10:54:24","guid":{"rendered":"https:\/\/agora.xtec.cat\/ieslaromanica\/?p=21929"},"modified":"2022-11-03T15:57:15","modified_gmt":"2022-11-03T14:57:15","slug":"gimcana-dorientacio-per-a-3r-deso","status":"publish","type":"post","link":"https:\/\/agora.xtec.cat\/ieslaromanica\/general\/gimcana-dorientacio-per-a-3r-deso\/","title":{"rendered":"Gimcana d&#8217;orientaci\u00f3 per a 3r d&#8217;ESO"},"content":{"rendered":"<p>&nbsp;<\/p>\n<table style=\"width: 100%; border-collapse: collapse; border-style: hidden; border-color: #b07ae6; background-color: #aca2eb; height: 1616px;\">\n<tbody>\n<tr style=\"height: 608px;\">\n<td style=\"width: 33.3333%; height: 608px;\"><a href=\"https:\/\/agora.xtec.cat\/ieslaromanica\/wp-content\/uploads\/usu857\/2022\/11\/gimcana-4-scaled.jpg\"><img loading=\"lazy\" decoding=\"async\" class=\"alignnone size-large wp-image-21938\" src=\"https:\/\/agora.xtec.cat\/ieslaromanica\/wp-content\/uploads\/usu857\/2022\/11\/gimcana-4-768x1024.jpg\" alt=\"\" width=\"768\" height=\"1024\" srcset=\"https:\/\/agora.xtec.cat\/ieslaromanica\/wp-content\/uploads\/usu857\/2022\/11\/gimcana-4-768x1024.jpg 768w, https:\/\/agora.xtec.cat\/ieslaromanica\/wp-content\/uploads\/usu857\/2022\/11\/gimcana-4-225x300.jpg 225w, https:\/\/agora.xtec.cat\/ieslaromanica\/wp-content\/uploads\/usu857\/2022\/11\/gimcana-4-1152x1536.jpg 1152w, https:\/\/agora.xtec.cat\/ieslaromanica\/wp-content\/uploads\/usu857\/2022\/11\/gimcana-4-1536x2048.jpg 1536w, https:\/\/agora.xtec.cat\/ieslaromanica\/wp-content\/uploads\/usu857\/2022\/11\/gimcana-4-scaled.jpg 1920w\" sizes=\"auto, (max-width: 768px) 100vw, 768px\" \/><\/a><\/td>\n<td style=\"width: 33.3333%; height: 608px;\">\n<h3 class=\"gmail_attr\" style=\"text-align: center;\">El divendres 28 d&#8217; octubre, l&#8217;alumnat de 3r va gaudir d&#8217;una gimcana al Parc Central del Vall\u00e8s, organitzada per la Uni\u00f3 Excursionista de Sabadell i la coordinadora d&#8217;activitats del nostre centre.<\/h3>\n<\/td>\n<td style=\"width: 33.3333%; height: 608px;\"><a href=\"https:\/\/agora.xtec.cat\/ieslaromanica\/wp-content\/uploads\/usu857\/2022\/11\/gimcana-2-scaled.jpg\"><img loading=\"lazy\" decoding=\"async\" class=\"alignnone size-large wp-image-21936\" src=\"https:\/\/agora.xtec.cat\/ieslaromanica\/wp-content\/uploads\/usu857\/2022\/11\/gimcana-2-768x1024.jpg\" alt=\"\" width=\"768\" height=\"1024\" srcset=\"https:\/\/agora.xtec.cat\/ieslaromanica\/wp-content\/uploads\/usu857\/2022\/11\/gimcana-2-768x1024.jpg 768w, https:\/\/agora.xtec.cat\/ieslaromanica\/wp-content\/uploads\/usu857\/2022\/11\/gimcana-2-225x300.jpg 225w, https:\/\/agora.xtec.cat\/ieslaromanica\/wp-content\/uploads\/usu857\/2022\/11\/gimcana-2-1152x1536.jpg 1152w, https:\/\/agora.xtec.cat\/ieslaromanica\/wp-content\/uploads\/usu857\/2022\/11\/gimcana-2-1536x2048.jpg 1536w, https:\/\/agora.xtec.cat\/ieslaromanica\/wp-content\/uploads\/usu857\/2022\/11\/gimcana-2-scaled.jpg 1920w\" sizes=\"auto, (max-width: 768px) 100vw, 768px\" \/><\/a><\/td>\n<\/tr>\n<tr style=\"height: 609px;\">\n<td style=\"width: 33.3333%; height: 609px;\">\n<h3 style=\"text-align: center;\">Els estudiants, durant m\u00e9s d&#8217;una hora, havien de fer una gimcana d&#8217;orientaci\u00f3, on havien de trobar les fites marcades al mapa immaterialitzades al terreny en el m\u00ednim temps possible.<\/h3>\n<h3 style=\"text-align: center;\">El recorregut es va fer a contrarellotge i amb l\u2019\u00fanica ajuda d\u2019un mapa i els m\u00f2bils dels alumnes.<\/h3>\n<\/td>\n<td style=\"width: 33.3333%; height: 609px;\"><a href=\"https:\/\/agora.xtec.cat\/ieslaromanica\/wp-content\/uploads\/usu857\/2022\/11\/gimcana-3-scaled.jpg\"><img loading=\"lazy\" decoding=\"async\" class=\"alignnone size-large wp-image-21937\" src=\"https:\/\/agora.xtec.cat\/ieslaromanica\/wp-content\/uploads\/usu857\/2022\/11\/gimcana-3-768x1024.jpg\" alt=\"\" width=\"768\" height=\"1024\" srcset=\"https:\/\/agora.xtec.cat\/ieslaromanica\/wp-content\/uploads\/usu857\/2022\/11\/gimcana-3-768x1024.jpg 768w, https:\/\/agora.xtec.cat\/ieslaromanica\/wp-content\/uploads\/usu857\/2022\/11\/gimcana-3-225x300.jpg 225w, https:\/\/agora.xtec.cat\/ieslaromanica\/wp-content\/uploads\/usu857\/2022\/11\/gimcana-3-1152x1536.jpg 1152w, https:\/\/agora.xtec.cat\/ieslaromanica\/wp-content\/uploads\/usu857\/2022\/11\/gimcana-3-1536x2048.jpg 1536w, https:\/\/agora.xtec.cat\/ieslaromanica\/wp-content\/uploads\/usu857\/2022\/11\/gimcana-3-scaled.jpg 1920w\" sizes=\"auto, (max-width: 768px) 100vw, 768px\" \/><\/a><\/td>\n<td style=\"width: 33.3333%; height: 609px;\"><a href=\"https:\/\/agora.xtec.cat\/ieslaromanica\/wp-content\/uploads\/usu857\/2022\/11\/gimcana-5-scaled.jpg\"><img loading=\"lazy\" decoding=\"async\" class=\"alignnone size-large wp-image-21939\" src=\"https:\/\/agora.xtec.cat\/ieslaromanica\/wp-content\/uploads\/usu857\/2022\/11\/gimcana-5-768x1024.jpg\" alt=\"\" width=\"768\" height=\"1024\" srcset=\"https:\/\/agora.xtec.cat\/ieslaromanica\/wp-content\/uploads\/usu857\/2022\/11\/gimcana-5-768x1024.jpg 768w, https:\/\/agora.xtec.cat\/ieslaromanica\/wp-content\/uploads\/usu857\/2022\/11\/gimcana-5-225x300.jpg 225w, https:\/\/agora.xtec.cat\/ieslaromanica\/wp-content\/uploads\/usu857\/2022\/11\/gimcana-5-1152x1536.jpg 1152w, https:\/\/agora.xtec.cat\/ieslaromanica\/wp-content\/uploads\/usu857\/2022\/11\/gimcana-5-1536x2048.jpg 1536w, https:\/\/agora.xtec.cat\/ieslaromanica\/wp-content\/uploads\/usu857\/2022\/11\/gimcana-5-scaled.jpg 1920w\" sizes=\"auto, (max-width: 768px) 100vw, 768px\" \/><\/a><\/td>\n<\/tr>\n<tr style=\"height: 399px;\">\n<td style=\"width: 33.3333%; height: 399px;\">\n<h4><a href=\"https:\/\/agora.xtec.cat\/ieslaromanica\/wp-content\/uploads\/usu857\/2022\/11\/gimcana-1-scaled.jpg\"><img loading=\"lazy\" decoding=\"async\" class=\"alignnone size-large wp-image-21941\" src=\"https:\/\/agora.xtec.cat\/ieslaromanica\/wp-content\/uploads\/usu857\/2022\/11\/gimcana-1-1024x768.jpg\" alt=\"\" width=\"1024\" height=\"768\" srcset=\"https:\/\/agora.xtec.cat\/ieslaromanica\/wp-content\/uploads\/usu857\/2022\/11\/gimcana-1-1024x768.jpg 1024w, https:\/\/agora.xtec.cat\/ieslaromanica\/wp-content\/uploads\/usu857\/2022\/11\/gimcana-1-300x225.jpg 300w, https:\/\/agora.xtec.cat\/ieslaromanica\/wp-content\/uploads\/usu857\/2022\/11\/gimcana-1-768x576.jpg 768w, https:\/\/agora.xtec.cat\/ieslaromanica\/wp-content\/uploads\/usu857\/2022\/11\/gimcana-1-1536x1152.jpg 1536w, https:\/\/agora.xtec.cat\/ieslaromanica\/wp-content\/uploads\/usu857\/2022\/11\/gimcana-1-2048x1536.jpg 2048w, https:\/\/agora.xtec.cat\/ieslaromanica\/wp-content\/uploads\/usu857\/2022\/11\/gimcana-1-200x150.jpg 200w\" sizes=\"auto, (max-width: 1024px) 100vw, 1024px\" \/><\/a><\/h4>\n<\/td>\n<td style=\"width: 33.3333%; height: 399px; border-style: none;\"><a href=\"https:\/\/agora.xtec.cat\/ieslaromanica\/wp-content\/uploads\/usu857\/2022\/11\/gimcana-6-scaled.jpg\"><img loading=\"lazy\" decoding=\"async\" class=\"alignnone wp-image-21940\" src=\"https:\/\/agora.xtec.cat\/ieslaromanica\/wp-content\/uploads\/usu857\/2022\/11\/gimcana-6-1024x768.jpg\" alt=\"\" width=\"464\" height=\"348\" srcset=\"https:\/\/agora.xtec.cat\/ieslaromanica\/wp-content\/uploads\/usu857\/2022\/11\/gimcana-6-1024x768.jpg 1024w, https:\/\/agora.xtec.cat\/ieslaromanica\/wp-content\/uploads\/usu857\/2022\/11\/gimcana-6-300x225.jpg 300w, https:\/\/agora.xtec.cat\/ieslaromanica\/wp-content\/uploads\/usu857\/2022\/11\/gimcana-6-768x576.jpg 768w, https:\/\/agora.xtec.cat\/ieslaromanica\/wp-content\/uploads\/usu857\/2022\/11\/gimcana-6-1536x1152.jpg 1536w, https:\/\/agora.xtec.cat\/ieslaromanica\/wp-content\/uploads\/usu857\/2022\/11\/gimcana-6-2048x1536.jpg 2048w, https:\/\/agora.xtec.cat\/ieslaromanica\/wp-content\/uploads\/usu857\/2022\/11\/gimcana-6-200x150.jpg 200w\" sizes=\"auto, (max-width: 464px) 100vw, 464px\" \/><\/a><\/td>\n<td style=\"width: 33.3333%; height: 399px;\">\n<h3 style=\"text-align: center;\">Els tres grups guanyadors van obtenir un delici\u00f3s premi, dins d&#8217;una jornada l\u00fadica i ben assolellada. \ud83d\ude1b<\/h3>\n<\/td>\n<\/tr>\n<\/tbody>\n<\/table>\n<div><\/div>\n","protected":false},"excerpt":{"rendered":"<p>&nbsp;<\/p>\n<p><a href=\"https:\/\/agora.xtec.cat\/ieslaromanica\/wp-content\/uploads\/usu857\/2022\/11\/gimcana-4-scaled.jpg\"><\/a><\/p>\n<p>El divendres 28 d&#8217; octubre, l&#8217;alumnat de 3r va gaudir d&#8217;una gimcana al Parc Central del Vall\u00e8s, organitzada per la Uni\u00f3 Excursionista de Sabadell i la coordinadora d&#8217;activitats del nostre centre.<\/p>\n<p><a href=\"https:\/\/agora.xtec.cat\/ieslaromanica\/wp-content\/uploads\/usu857\/2022\/11\/gimcana-2-scaled.jpg\"><\/a><\/p>\n<p>Els estudiants, durant m\u00e9s d&#8217;una hora, havien de fer una gimcana d&#8217;orientaci\u00f3, on&hellip;  <a href=\"https:\/\/agora.xtec.cat\/ieslaromanica\/general\/gimcana-dorientacio-per-a-3r-deso\/\" title=\"Read Gimcana d&#8217;orientaci\u00f3 per a 3r d&#8217;ESO\">Llegeix m\u00e9s\u00bb<\/a><\/p>\n","protected":false},"author":35,"featured_media":21940,"comment_status":"open","ping_status":"closed","sticky":false,"template":"","format":"standard","meta":{"_bbp_topic_count":0,"_bbp_reply_count":0,"_bbp_total_topic_count":0,"_bbp_total_reply_count":0,"_bbp_voice_count":0,"_bbp_anonymous_reply_count":0,"_bbp_topic_count_hidden":0,"_bbp_reply_count_hidden":0,"_bbp_forum_subforum_count":0,"footnotes":""},"categories":[6,1,29],"tags":[],"class_list":["post-21929","post","type-post","status-publish","format-standard","has-post-thumbnail","hentry","category-eso-3","category-general","category-portada"],"post_mailing_queue_ids":[],"_links":{"self":[{"href":"https:\/\/agora.xtec.cat\/ieslaromanica\/wp-json\/wp\/v2\/posts\/21929","targetHints":{"allow":["GET"]}}],"collection":[{"href":"https:\/\/agora.xtec.cat\/ieslaromanica\/wp-json\/wp\/v2\/posts"}],"about":[{"href":"https:\/\/agora.xtec.cat\/ieslaromanica\/wp-json\/wp\/v2\/types\/post"}],"author":[{"embeddable":true,"href":"https:\/\/agora.xtec.cat\/ieslaromanica\/wp-json\/wp\/v2\/users\/35"}],"replies":[{"embeddable":true,"href":"https:\/\/agora.xtec.cat\/ieslaromanica\/wp-json\/wp\/v2\/comments?post=21929"}],"version-history":[{"count":3,"href":"https:\/\/agora.xtec.cat\/ieslaromanica\/wp-json\/wp\/v2\/posts\/21929\/revisions"}],"predecessor-version":[{"id":21953,"href":"https:\/\/agora.xtec.cat\/ieslaromanica\/wp-json\/wp\/v2\/posts\/21929\/revisions\/21953"}],"wp:featuredmedia":[{"embeddable":true,"href":"https:\/\/agora.xtec.cat\/ieslaromanica\/wp-json\/wp\/v2\/media\/21940"}],"wp:attachment":[{"href":"https:\/\/agora.xtec.cat\/ieslaromanica\/wp-json\/wp\/v2\/media?parent=21929"}],"wp:term":[{"taxonomy":"category","embeddable":true,"href":"https:\/\/agora.xtec.cat\/ieslaromanica\/wp-json\/wp\/v2\/categories?post=21929"},{"taxonomy":"post_tag","embeddable":true,"href":"https:\/\/agora.xtec.cat\/ieslaromanica\/wp-json\/wp\/v2\/tags?post=21929"}],"curies":[{"name":"wp","href":"https:\/\/api.w.org\/{rel}","templated":true}]}}