{"id":2188,"date":"2017-10-24T11:36:42","date_gmt":"2017-10-24T09:36:42","guid":{"rendered":"http:\/\/agora.xtec.cat\/ieslaromanica\/?p=2188"},"modified":"2017-10-24T11:43:51","modified_gmt":"2017-10-24T09:43:51","slug":"2n-deso-anem-al-mmaca","status":"publish","type":"post","link":"https:\/\/agora.xtec.cat\/ieslaromanica\/general\/2n-deso-anem-al-mmaca\/","title":{"rendered":"2n d&#8217;ESO anem al mmaca!"},"content":{"rendered":"<h4 style=\"text-align: center;\"><a href=\"http:\/\/agora.xtec.cat\/ieslaromanica\/wp-content\/uploads\/usu857\/2017\/02\/20171023_131514.jpg\"><img loading=\"lazy\" decoding=\"async\" class=\"alignnone size-large wp-image-2171\" src=\"http:\/\/agora.xtec.cat\/ieslaromanica\/wp-content\/uploads\/usu857\/2017\/02\/20171023_131514-1024x576.jpg\" alt=\"\" width=\"1024\" height=\"576\" srcset=\"https:\/\/agora.xtec.cat\/ieslaromanica\/wp-content\/uploads\/usu857\/2017\/02\/20171023_131514-1024x576.jpg 1024w, https:\/\/agora.xtec.cat\/ieslaromanica\/wp-content\/uploads\/usu857\/2017\/02\/20171023_131514-300x169.jpg 300w, https:\/\/agora.xtec.cat\/ieslaromanica\/wp-content\/uploads\/usu857\/2017\/02\/20171023_131514-768x432.jpg 768w\" sizes=\"auto, (max-width: 1024px) 100vw, 1024px\" \/><\/a><\/h4>\n<h4>EXPERI\u00c8NCIES MATEM\u00c0TIQUES<\/h4>\n<p>Dilluns 23 d\u2019octubre l\u2019alumnat de 2n d\u2019ESO va visitar el mmaca, el Museu de Matem\u00e0tiques de Catalunya, i va poder\u00a0<strong>tocar les matem\u00e0tiques amb les mans<\/strong>. I \u00e9s que el mmaca ofereix una exposici\u00f3 permanent on les matem\u00e0tiques entren per les mans mitjan\u00e7ant un seguit de materials senzills i dissenyats a m\u00e0 per aquesta entitat.<\/p>\n<p style=\"text-align: center;\"><a href=\"http:\/\/agora.xtec.cat\/ieslaromanica\/wp-content\/uploads\/usu857\/2017\/02\/20171023_130357.jpg\"><img loading=\"lazy\" decoding=\"async\" class=\"alignnone size-large wp-image-2167\" src=\"http:\/\/agora.xtec.cat\/ieslaromanica\/wp-content\/uploads\/usu857\/2017\/02\/20171023_130357-1024x576.jpg\" alt=\"\" width=\"1024\" height=\"576\" srcset=\"https:\/\/agora.xtec.cat\/ieslaromanica\/wp-content\/uploads\/usu857\/2017\/02\/20171023_130357-1024x576.jpg 1024w, https:\/\/agora.xtec.cat\/ieslaromanica\/wp-content\/uploads\/usu857\/2017\/02\/20171023_130357-300x169.jpg 300w, https:\/\/agora.xtec.cat\/ieslaromanica\/wp-content\/uploads\/usu857\/2017\/02\/20171023_130357-768x432.jpg 768w\" sizes=\"auto, (max-width: 1024px) 100vw, 1024px\" \/><\/a><\/p>\n<p>Ha estat una sortida per apropar les matem\u00e0tiques als nostres alumnes mitjan\u00e7ant experi\u00e8ncies interactives i activitats de manipulaci\u00f3. I mireu com els ha anat\u2026<\/p>\n<p style=\"text-align: center;\"><a href=\"http:\/\/agora.xtec.cat\/ieslaromanica\/wp-content\/uploads\/usu857\/2017\/02\/20171023_125510.jpg\"><img loading=\"lazy\" decoding=\"async\" class=\"alignnone size-large wp-image-2165\" src=\"http:\/\/agora.xtec.cat\/ieslaromanica\/wp-content\/uploads\/usu857\/2017\/02\/20171023_125510-1024x576.jpg\" alt=\"\" width=\"1024\" height=\"576\" srcset=\"https:\/\/agora.xtec.cat\/ieslaromanica\/wp-content\/uploads\/usu857\/2017\/02\/20171023_125510-1024x576.jpg 1024w, https:\/\/agora.xtec.cat\/ieslaromanica\/wp-content\/uploads\/usu857\/2017\/02\/20171023_125510-300x169.jpg 300w, https:\/\/agora.xtec.cat\/ieslaromanica\/wp-content\/uploads\/usu857\/2017\/02\/20171023_125510-768x432.jpg 768w\" sizes=\"auto, (max-width: 1024px) 100vw, 1024px\" \/><\/a><\/p>\n<p style=\"text-align: center;\"><a href=\"http:\/\/agora.xtec.cat\/ieslaromanica\/wp-content\/uploads\/usu857\/2017\/02\/20171023_130646.jpg\"><img loading=\"lazy\" decoding=\"async\" class=\"alignnone size-large wp-image-2169\" src=\"http:\/\/agora.xtec.cat\/ieslaromanica\/wp-content\/uploads\/usu857\/2017\/02\/20171023_130646-1024x576.jpg\" alt=\"\" width=\"1024\" height=\"576\" srcset=\"https:\/\/agora.xtec.cat\/ieslaromanica\/wp-content\/uploads\/usu857\/2017\/02\/20171023_130646-1024x576.jpg 1024w, https:\/\/agora.xtec.cat\/ieslaromanica\/wp-content\/uploads\/usu857\/2017\/02\/20171023_130646-300x169.jpg 300w, https:\/\/agora.xtec.cat\/ieslaromanica\/wp-content\/uploads\/usu857\/2017\/02\/20171023_130646-768x432.jpg 768w\" sizes=\"auto, (max-width: 1024px) 100vw, 1024px\" \/><\/a><\/p>\n<p style=\"text-align: center;\"><a href=\"http:\/\/agora.xtec.cat\/ieslaromanica\/wp-content\/uploads\/usu857\/2017\/02\/20171023_125201.jpg\"><img loading=\"lazy\" decoding=\"async\" class=\"alignnone size-large wp-image-2164\" src=\"http:\/\/agora.xtec.cat\/ieslaromanica\/wp-content\/uploads\/usu857\/2017\/02\/20171023_125201-1024x576.jpg\" alt=\"\" width=\"1024\" height=\"576\" srcset=\"https:\/\/agora.xtec.cat\/ieslaromanica\/wp-content\/uploads\/usu857\/2017\/02\/20171023_125201-1024x576.jpg 1024w, https:\/\/agora.xtec.cat\/ieslaromanica\/wp-content\/uploads\/usu857\/2017\/02\/20171023_125201-300x169.jpg 300w, https:\/\/agora.xtec.cat\/ieslaromanica\/wp-content\/uploads\/usu857\/2017\/02\/20171023_125201-768x432.jpg 768w\" sizes=\"auto, (max-width: 1024px) 100vw, 1024px\" \/><\/a><\/p>\n<p style=\"text-align: center;\">\n","protected":false},"excerpt":{"rendered":"<p><a href=\"http:\/\/agora.xtec.cat\/ieslaromanica\/wp-content\/uploads\/usu857\/2017\/02\/20171023_131514.jpg\"><\/a><br \/>\nEXPERI\u00c8NCIES MATEM\u00c0TIQUES<br \/>\nDilluns 23 d\u2019octubre l\u2019alumnat de 2n d\u2019ESO va visitar el mmaca, el Museu de Matem\u00e0tiques de Catalunya, i va poder\u00a0tocar les matem\u00e0tiques amb les mans. I \u00e9s que el mmaca ofereix una exposici\u00f3 permanent on les matem\u00e0tiques entren per les mans mitjan\u00e7ant un&hellip;  <a href=\"https:\/\/agora.xtec.cat\/ieslaromanica\/general\/2n-deso-anem-al-mmaca\/\" title=\"Read 2n d&#8217;ESO anem al mmaca!\">Llegeix m\u00e9s\u00bb<\/a><\/p>\n","protected":false},"author":21,"featured_media":2171,"comment_status":"open","ping_status":"closed","sticky":false,"template":"","format":"standard","meta":{"_bbp_topic_count":0,"_bbp_reply_count":0,"_bbp_total_topic_count":0,"_bbp_total_reply_count":0,"_bbp_voice_count":0,"_bbp_anonymous_reply_count":0,"_bbp_topic_count_hidden":0,"_bbp_reply_count_hidden":0,"_bbp_forum_subforum_count":0,"footnotes":""},"categories":[3,5,1,29],"tags":[180],"class_list":["post-2188","post","type-post","status-publish","format-standard","has-post-thumbnail","hentry","category-eso","category-eso-2","category-general","category-portada","tag-mmaca"],"post_mailing_queue_ids":[],"_links":{"self":[{"href":"https:\/\/agora.xtec.cat\/ieslaromanica\/wp-json\/wp\/v2\/posts\/2188","targetHints":{"allow":["GET"]}}],"collection":[{"href":"https:\/\/agora.xtec.cat\/ieslaromanica\/wp-json\/wp\/v2\/posts"}],"about":[{"href":"https:\/\/agora.xtec.cat\/ieslaromanica\/wp-json\/wp\/v2\/types\/post"}],"author":[{"embeddable":true,"href":"https:\/\/agora.xtec.cat\/ieslaromanica\/wp-json\/wp\/v2\/users\/21"}],"replies":[{"embeddable":true,"href":"https:\/\/agora.xtec.cat\/ieslaromanica\/wp-json\/wp\/v2\/comments?post=2188"}],"version-history":[{"count":2,"href":"https:\/\/agora.xtec.cat\/ieslaromanica\/wp-json\/wp\/v2\/posts\/2188\/revisions"}],"predecessor-version":[{"id":2190,"href":"https:\/\/agora.xtec.cat\/ieslaromanica\/wp-json\/wp\/v2\/posts\/2188\/revisions\/2190"}],"wp:featuredmedia":[{"embeddable":true,"href":"https:\/\/agora.xtec.cat\/ieslaromanica\/wp-json\/wp\/v2\/media\/2171"}],"wp:attachment":[{"href":"https:\/\/agora.xtec.cat\/ieslaromanica\/wp-json\/wp\/v2\/media?parent=2188"}],"wp:term":[{"taxonomy":"category","embeddable":true,"href":"https:\/\/agora.xtec.cat\/ieslaromanica\/wp-json\/wp\/v2\/categories?post=2188"},{"taxonomy":"post_tag","embeddable":true,"href":"https:\/\/agora.xtec.cat\/ieslaromanica\/wp-json\/wp\/v2\/tags?post=2188"}],"curies":[{"name":"wp","href":"https:\/\/api.w.org\/{rel}","templated":true}]}}