{"id":21738,"date":"2022-07-06T12:02:50","date_gmt":"2022-07-06T10:02:50","guid":{"rendered":"https:\/\/agora.xtec.cat\/ieslaromanica\/?p=21738"},"modified":"2022-07-06T12:02:50","modified_gmt":"2022-07-06T10:02:50","slug":"graduacions-2022-4t-deso-i-2n-batx","status":"publish","type":"post","link":"https:\/\/agora.xtec.cat\/ieslaromanica\/general\/graduacions-2022-4t-deso-i-2n-batx\/","title":{"rendered":"Graduacions 2022: 4t d&#8217;ESO i 2n Batx."},"content":{"rendered":"<p>El passat dijous 30 de juny, l&#8217;alumnat de 2n de Batxillerat i l\u2019alumnat de 4t d\u2019ESO es van graduar al Teatre Municipal Cooperativa Barber\u00e0 del Vall\u00e8s, acompanyats de les seves fam\u00edlies, del professorat, de l&#8217;equip directiu i de les autoritats del municipi, encap\u00e7alades per @danigonzalezbdv i @xaviergarcesbdv com a regidor d&#8217;educaci\u00f3 i alcalde, respectivament. Una jornada emotiva, carregada de moments \u00fanics i sobretot plena d&#8217;il\u00b7lusi\u00f3 i SOMRIURES.<br \/>\nUs deixem unes quantes fotografies de l&#8217;acte que podeu veure al nostre <a href=\"https:\/\/www.instagram.com\/institutlaromanica\/\">Instagram<\/a>:<\/p>\n<table style=\"border-collapse: collapse; width: 81.1083%; height: 46px;\">\n<tbody>\n<tr>\n<td style=\"width: 47.8261%;\">4t d&#8217;ESO (clica la imatge):<\/td>\n<td style=\"width: 52.1739%;\">2n Batx (clica la imatge).<\/td>\n<\/tr>\n<tr>\n<td style=\"width: 47.8261%;\"><a href=\"https:\/\/www.instagram.com\/p\/CfmOfczI2ki\/\"><img loading=\"lazy\" decoding=\"async\" class=\"alignleft size-full wp-image-21744\" src=\"https:\/\/agora.xtec.cat\/ieslaromanica\/wp-content\/uploads\/usu857\/2022\/07\/graduacio\u0301-4t.jpg\" alt=\"\" width=\"535\" height=\"412\" srcset=\"https:\/\/agora.xtec.cat\/ieslaromanica\/wp-content\/uploads\/usu857\/2022\/07\/graduacio\u0301-4t.jpg 535w, https:\/\/agora.xtec.cat\/ieslaromanica\/wp-content\/uploads\/usu857\/2022\/07\/graduacio\u0301-4t-300x231.jpg 300w\" sizes=\"auto, (max-width: 535px) 100vw, 535px\" \/><\/a><\/td>\n<td style=\"width: 52.1739%;\"><a href=\"https:\/\/www.instagram.com\/p\/CfmNYamojit\/\"><img loading=\"lazy\" decoding=\"async\" class=\"alignleft size-full wp-image-21745\" src=\"https:\/\/agora.xtec.cat\/ieslaromanica\/wp-content\/uploads\/usu857\/2022\/07\/2n-batxi-3.jpg\" alt=\"\" width=\"516\" height=\"359\" srcset=\"https:\/\/agora.xtec.cat\/ieslaromanica\/wp-content\/uploads\/usu857\/2022\/07\/2n-batxi-3.jpg 516w, https:\/\/agora.xtec.cat\/ieslaromanica\/wp-content\/uploads\/usu857\/2022\/07\/2n-batxi-3-300x209.jpg 300w\" sizes=\"auto, (max-width: 516px) 100vw, 516px\" \/><\/a><\/td>\n<\/tr>\n<\/tbody>\n<\/table>\n<p>Enhorabona, noies i nois! GR\u00c0CIES PER SER COM SOU, i sobretot sobretot sobretot RECORDEU QUE L&#8217;INSTITUT LA ROM\u00c0NICA \u00c9S CASA VOSTRA, ARA I SEMPRE!<\/p>\n","protected":false},"excerpt":{"rendered":"<p>El passat dijous 30 de juny, l&#8217;alumnat de 2n de Batxillerat i l\u2019alumnat de 4t d\u2019ESO es van graduar al Teatre Municipal Cooperativa Barber\u00e0 del Vall\u00e8s, acompanyats de les seves fam\u00edlies, del professorat, de l&#8217;equip directiu i de les autoritats del municipi, encap\u00e7alades per @danigonzalezbdv&hellip;  <a href=\"https:\/\/agora.xtec.cat\/ieslaromanica\/general\/graduacions-2022-4t-deso-i-2n-batx\/\" title=\"Read Graduacions 2022: 4t d&#8217;ESO i 2n Batx.\">Llegeix m\u00e9s\u00bb<\/a><\/p>\n","protected":false},"author":6,"featured_media":21743,"comment_status":"open","ping_status":"closed","sticky":false,"template":"","format":"standard","meta":{"_bbp_topic_count":0,"_bbp_reply_count":0,"_bbp_total_topic_count":0,"_bbp_total_reply_count":0,"_bbp_voice_count":0,"_bbp_anonymous_reply_count":0,"_bbp_topic_count_hidden":0,"_bbp_reply_count_hidden":0,"_bbp_forum_subforum_count":0,"footnotes":""},"categories":[314,8,7,1,29],"tags":[358,290,166],"class_list":["post-21738","post","type-post","status-publish","format-standard","has-post-thumbnail","hentry","category-activitats-extraescolars","category-batxillerat","category-eso-4","category-general","category-portada","tag-curs-2021-2022","tag-graduacions-2n-de-batxillerat","tag-graduacions-4t-eso"],"post_mailing_queue_ids":[],"_links":{"self":[{"href":"https:\/\/agora.xtec.cat\/ieslaromanica\/wp-json\/wp\/v2\/posts\/21738","targetHints":{"allow":["GET"]}}],"collection":[{"href":"https:\/\/agora.xtec.cat\/ieslaromanica\/wp-json\/wp\/v2\/posts"}],"about":[{"href":"https:\/\/agora.xtec.cat\/ieslaromanica\/wp-json\/wp\/v2\/types\/post"}],"author":[{"embeddable":true,"href":"https:\/\/agora.xtec.cat\/ieslaromanica\/wp-json\/wp\/v2\/users\/6"}],"replies":[{"embeddable":true,"href":"https:\/\/agora.xtec.cat\/ieslaromanica\/wp-json\/wp\/v2\/comments?post=21738"}],"version-history":[{"count":3,"href":"https:\/\/agora.xtec.cat\/ieslaromanica\/wp-json\/wp\/v2\/posts\/21738\/revisions"}],"predecessor-version":[{"id":21746,"href":"https:\/\/agora.xtec.cat\/ieslaromanica\/wp-json\/wp\/v2\/posts\/21738\/revisions\/21746"}],"wp:featuredmedia":[{"embeddable":true,"href":"https:\/\/agora.xtec.cat\/ieslaromanica\/wp-json\/wp\/v2\/media\/21743"}],"wp:attachment":[{"href":"https:\/\/agora.xtec.cat\/ieslaromanica\/wp-json\/wp\/v2\/media?parent=21738"}],"wp:term":[{"taxonomy":"category","embeddable":true,"href":"https:\/\/agora.xtec.cat\/ieslaromanica\/wp-json\/wp\/v2\/categories?post=21738"},{"taxonomy":"post_tag","embeddable":true,"href":"https:\/\/agora.xtec.cat\/ieslaromanica\/wp-json\/wp\/v2\/tags?post=21738"}],"curies":[{"name":"wp","href":"https:\/\/api.w.org\/{rel}","templated":true}]}}