{"id":21621,"date":"2022-06-14T10:47:34","date_gmt":"2022-06-14T08:47:34","guid":{"rendered":"https:\/\/agora.xtec.cat\/ieslaromanica\/?p=21621"},"modified":"2022-06-14T10:54:34","modified_gmt":"2022-06-14T08:54:34","slug":"valors-i-coeducacio-mitjancant-la-musica","status":"publish","type":"post","link":"https:\/\/agora.xtec.cat\/ieslaromanica\/general\/valors-i-coeducacio-mitjancant-la-musica\/","title":{"rendered":"Valors i coeducaci\u00f3 mitjan\u00e7ant la m\u00fasica"},"content":{"rendered":"<p>L&#8217;alumnat de l&#8217;\u00e0mbit art\u00edstic, i m\u00e9s concretament de m\u00fasica, han estat desenvolupant un projecte on la composici\u00f3 constitueix el nucli des d&#8217;on parteixen i s&#8217;amplien continguts de caire transversal. Aquest projecte de composici\u00f3 visual i musical s&#8217;ha vist refor\u00e7at per tot un seguit de valors vinculats tant a la compet\u00e8ncia social, abordant tem\u00e0tiques que pertanyen a la col\u00b7lectivitat, com a la tecnol\u00f2gica amb la creaci\u00f3 digital dels v\u00eddeos musicals.<\/p>\n<p>Aquest valors s&#8217;han treballat tamb\u00e9 en el projecte de Patis Coeducatius i, a l&#8217;hora de l&#8217;esbarjo, l&#8217;alumnat de tots els nivells educatius, ha tingut l&#8217;oportunitat de participar en tallers d&#8217;ukelele.<\/p>\n<p>A continuaci\u00f3 us mostrem uns exemples:<\/p>\n<table style=\"border-collapse: collapse; width: 88.6624%; height: 49px;\">\n<tbody>\n<tr>\n<td style=\"width: 33.3333%;\">1r d&#8217;ESO han compost raps diversos amb la tem\u00e0tica de la viol\u00e8ncia manifestant tant el seu talent com la seva sensibilitat.<\/td>\n<td style=\"width: 33.3333%;\">2n d&#8217;ESO han desenvolupat un projecte de composici\u00f3. Utilitzant m\u00fasiques ja existents, o usant de noves, han elaborat noves melodies i lletres:<\/td>\n<td style=\"width: 33.3333%; text-align: center;\">Taller d&#8217;ukelele:<\/td>\n<\/tr>\n<tr>\n<td style=\"width: 33.3333%;\"><a href=\"https:\/\/youtu.be\/aOfNrrJReO0\"><img loading=\"lazy\" decoding=\"async\" class=\"alignleft size-full wp-image-21626\" src=\"https:\/\/agora.xtec.cat\/ieslaromanica\/wp-content\/uploads\/usu857\/2022\/06\/Sin-titulo-1.jpg\" alt=\"\" width=\"834\" height=\"463\" srcset=\"https:\/\/agora.xtec.cat\/ieslaromanica\/wp-content\/uploads\/usu857\/2022\/06\/Sin-titulo-1.jpg 834w, https:\/\/agora.xtec.cat\/ieslaromanica\/wp-content\/uploads\/usu857\/2022\/06\/Sin-titulo-1-300x167.jpg 300w, https:\/\/agora.xtec.cat\/ieslaromanica\/wp-content\/uploads\/usu857\/2022\/06\/Sin-titulo-1-768x426.jpg 768w\" sizes=\"auto, (max-width: 834px) 100vw, 834px\" \/><\/a><\/td>\n<td style=\"width: 33.3333%;\"><a href=\"https:\/\/youtu.be\/h2nNcRG6EUI\"><img loading=\"lazy\" decoding=\"async\" class=\"alignleft size-full wp-image-21627\" src=\"https:\/\/agora.xtec.cat\/ieslaromanica\/wp-content\/uploads\/usu857\/2022\/06\/Sin-titulo-2.jpg\" alt=\"\" width=\"848\" height=\"421\" srcset=\"https:\/\/agora.xtec.cat\/ieslaromanica\/wp-content\/uploads\/usu857\/2022\/06\/Sin-titulo-2.jpg 848w, https:\/\/agora.xtec.cat\/ieslaromanica\/wp-content\/uploads\/usu857\/2022\/06\/Sin-titulo-2-300x149.jpg 300w, https:\/\/agora.xtec.cat\/ieslaromanica\/wp-content\/uploads\/usu857\/2022\/06\/Sin-titulo-2-768x381.jpg 768w\" sizes=\"auto, (max-width: 848px) 100vw, 848px\" \/><\/a><\/td>\n<td style=\"width: 33.3333%;\"><a href=\"https:\/\/youtu.be\/Bn-39s7ruxc\"><img loading=\"lazy\" decoding=\"async\" class=\"alignleft size-full wp-image-21628\" src=\"https:\/\/agora.xtec.cat\/ieslaromanica\/wp-content\/uploads\/usu857\/2022\/06\/Sin-titulo-3.jpg\" alt=\"\" width=\"845\" height=\"454\" srcset=\"https:\/\/agora.xtec.cat\/ieslaromanica\/wp-content\/uploads\/usu857\/2022\/06\/Sin-titulo-3.jpg 845w, https:\/\/agora.xtec.cat\/ieslaromanica\/wp-content\/uploads\/usu857\/2022\/06\/Sin-titulo-3-300x161.jpg 300w, https:\/\/agora.xtec.cat\/ieslaromanica\/wp-content\/uploads\/usu857\/2022\/06\/Sin-titulo-3-768x413.jpg 768w\" sizes=\"auto, (max-width: 845px) 100vw, 845px\" \/><\/a><\/td>\n<\/tr>\n<\/tbody>\n<\/table>\n<p>Desitgem que us agradi!!!<\/p>\n","protected":false},"excerpt":{"rendered":"<p>L&#8217;alumnat de l&#8217;\u00e0mbit art\u00edstic, i m\u00e9s concretament de m\u00fasica, han estat desenvolupant un projecte on la composici\u00f3 constitueix el nucli des d&#8217;on parteixen i s&#8217;amplien continguts de caire transversal. Aquest projecte de composici\u00f3 visual i musical s&#8217;ha vist refor\u00e7at per tot un seguit de valors&hellip;  <a href=\"https:\/\/agora.xtec.cat\/ieslaromanica\/general\/valors-i-coeducacio-mitjancant-la-musica\/\" title=\"Read Valors i coeducaci\u00f3 mitjan\u00e7ant la m\u00fasica\">Llegeix m\u00e9s\u00bb<\/a><\/p>\n","protected":false},"author":6,"featured_media":21632,"comment_status":"open","ping_status":"closed","sticky":false,"template":"","format":"standard","meta":{"_bbp_topic_count":0,"_bbp_reply_count":0,"_bbp_total_topic_count":0,"_bbp_total_reply_count":0,"_bbp_voice_count":0,"_bbp_anonymous_reply_count":0,"_bbp_topic_count_hidden":0,"_bbp_reply_count_hidden":0,"_bbp_forum_subforum_count":0,"footnotes":""},"categories":[1,29],"tags":[320,358,308,355,378],"class_list":["post-21621","post","type-post","status-publish","format-standard","has-post-thumbnail","hentry","category-general","category-portada","tag-ambit-artistic","tag-curs-2021-2022","tag-departament-de-musica","tag-patis-coeducatius","tag-projecte-coeducacio"],"post_mailing_queue_ids":[],"_links":{"self":[{"href":"https:\/\/agora.xtec.cat\/ieslaromanica\/wp-json\/wp\/v2\/posts\/21621","targetHints":{"allow":["GET"]}}],"collection":[{"href":"https:\/\/agora.xtec.cat\/ieslaromanica\/wp-json\/wp\/v2\/posts"}],"about":[{"href":"https:\/\/agora.xtec.cat\/ieslaromanica\/wp-json\/wp\/v2\/types\/post"}],"author":[{"embeddable":true,"href":"https:\/\/agora.xtec.cat\/ieslaromanica\/wp-json\/wp\/v2\/users\/6"}],"replies":[{"embeddable":true,"href":"https:\/\/agora.xtec.cat\/ieslaromanica\/wp-json\/wp\/v2\/comments?post=21621"}],"version-history":[{"count":3,"href":"https:\/\/agora.xtec.cat\/ieslaromanica\/wp-json\/wp\/v2\/posts\/21621\/revisions"}],"predecessor-version":[{"id":21631,"href":"https:\/\/agora.xtec.cat\/ieslaromanica\/wp-json\/wp\/v2\/posts\/21621\/revisions\/21631"}],"wp:featuredmedia":[{"embeddable":true,"href":"https:\/\/agora.xtec.cat\/ieslaromanica\/wp-json\/wp\/v2\/media\/21632"}],"wp:attachment":[{"href":"https:\/\/agora.xtec.cat\/ieslaromanica\/wp-json\/wp\/v2\/media?parent=21621"}],"wp:term":[{"taxonomy":"category","embeddable":true,"href":"https:\/\/agora.xtec.cat\/ieslaromanica\/wp-json\/wp\/v2\/categories?post=21621"},{"taxonomy":"post_tag","embeddable":true,"href":"https:\/\/agora.xtec.cat\/ieslaromanica\/wp-json\/wp\/v2\/tags?post=21621"}],"curies":[{"name":"wp","href":"https:\/\/api.w.org\/{rel}","templated":true}]}}