{"id":21484,"date":"2022-05-24T19:15:22","date_gmt":"2022-05-24T17:15:22","guid":{"rendered":"https:\/\/agora.xtec.cat\/ieslaromanica\/?p=21484"},"modified":"2022-05-25T20:17:11","modified_gmt":"2022-05-25T18:17:11","slug":"servei-comunitari-es-amic-de-la-gent-gran-projecte-de-lectoescriptura","status":"publish","type":"post","link":"https:\/\/agora.xtec.cat\/ieslaromanica\/general\/servei-comunitari-es-amic-de-la-gent-gran-projecte-de-lectoescriptura\/","title":{"rendered":"Servei comunitari \u00e9s amic de la gent gran. Projecte de lectoescriptura"},"content":{"rendered":"<p>Des d\u2019APS (Aprenentatge i Servei Comunitari), el passat mes d\u2019octubre vam plantar una llavor en col\u00b7laboraci\u00f3 amb la coordinadora d\u2019acci\u00f3 social a Catalunya, Txell Teixid\u00f3.<\/p>\n<p>Molt amablement va venir a explicar quina \u00e9s la seva funci\u00f3 i la de la fundaci\u00f3 <a href=\"https:\/\/amigosdelosmayores.org\/ca?gclid=Cj0KCQjwhLKUBhDiARIsAMaTLnE8252tdG8qurFvSKwYA8Wm23paN5B1INdtx3aHVQ5ZZe7cNujfgl0aAkmEEALw_wcB\">Amics de la gent gran<\/a> a l\u2019alumnat de tercer d\u2019ESO dels grups A, B i C.<\/p>\n<p>L\u2019edatisme \u00e9s la tercera causa de discriminaci\u00f3 al nostre pa\u00eds i sensibilitzar a l\u2019alumnat amb alguna activitat hauria de permetre que esdevinguin ciutadans respectuosos i compromesos amb la gent gran.<\/p>\n<p>Amb l\u2019alumnat voluntari de 3rC vam comen\u00e7ar un <strong>projecte de lectoescriptura<\/strong>. Els amics per carta, que es troba en des\u00fas,\u00a0ha servit per connectar a joves i gran.<\/p>\n<p>La resposta ha sigut molt bona i esperem continuar amb aquesta correspond\u00e8ncia i perqu\u00e8 no, fer una trobada abans que acabi l\u2019any 2022.<\/p>\n<p>Hem d\u2019aprendre de la gent gran perqu\u00e8 ha viscut m\u00e9s que nosaltres i segurament s\u2019han enfrontat a diferents reptes que li permeten tenir una visi\u00f3 de conjunt d\u2019all\u00f2 que \u00e9s realment important a la vida. Per aquest motiu m\u2019agradaria recollir algun dels fragments que han escrit:<\/p>\n<table style=\"border-collapse: collapse; width: 72.6012%; height: 42px;\">\n<tbody>\n<tr>\n<td style=\"width: 15.3047%;\">M\u00aa Rosa<\/td>\n<td style=\"width: 84.6953%;\"><a href=\"https:\/\/agora.xtec.cat\/ieslaromanica\/wp-content\/uploads\/usu857\/2022\/05\/Sin-ti\u0301tulo-txt.png\"><img loading=\"lazy\" decoding=\"async\" class=\"alignleft size-full wp-image-21488\" src=\"https:\/\/agora.xtec.cat\/ieslaromanica\/wp-content\/uploads\/usu857\/2022\/05\/Sin-ti\u0301tulo-txt.png\" alt=\"\" width=\"941\" height=\"303\" srcset=\"https:\/\/agora.xtec.cat\/ieslaromanica\/wp-content\/uploads\/usu857\/2022\/05\/Sin-ti\u0301tulo-txt.png 941w, https:\/\/agora.xtec.cat\/ieslaromanica\/wp-content\/uploads\/usu857\/2022\/05\/Sin-ti\u0301tulo-txt-300x97.png 300w, https:\/\/agora.xtec.cat\/ieslaromanica\/wp-content\/uploads\/usu857\/2022\/05\/Sin-ti\u0301tulo-txt-768x247.png 768w\" sizes=\"auto, (max-width: 941px) 100vw, 941px\" \/><\/a><\/td>\n<\/tr>\n<tr>\n<td style=\"width: 15.3047%;\">Antonio<\/td>\n<td style=\"width: 84.6953%;\"><a href=\"https:\/\/agora.xtec.cat\/ieslaromanica\/wp-content\/uploads\/usu857\/2022\/05\/Sin-ti\u0301tulo-txt2.png\"><img loading=\"lazy\" decoding=\"async\" class=\"alignleft size-full wp-image-21489\" src=\"https:\/\/agora.xtec.cat\/ieslaromanica\/wp-content\/uploads\/usu857\/2022\/05\/Sin-ti\u0301tulo-txt2.png\" alt=\"\" width=\"941\" height=\"284\" srcset=\"https:\/\/agora.xtec.cat\/ieslaromanica\/wp-content\/uploads\/usu857\/2022\/05\/Sin-ti\u0301tulo-txt2.png 941w, https:\/\/agora.xtec.cat\/ieslaromanica\/wp-content\/uploads\/usu857\/2022\/05\/Sin-ti\u0301tulo-txt2-300x91.png 300w, https:\/\/agora.xtec.cat\/ieslaromanica\/wp-content\/uploads\/usu857\/2022\/05\/Sin-ti\u0301tulo-txt2-768x232.png 768w\" sizes=\"auto, (max-width: 941px) 100vw, 941px\" \/><\/a><\/td>\n<\/tr>\n<tr>\n<td style=\"width: 15.3047%;\">Teresa<\/td>\n<td style=\"width: 84.6953%;\"><a href=\"https:\/\/agora.xtec.cat\/ieslaromanica\/wp-content\/uploads\/usu857\/2022\/05\/Sin-ti\u0301tulo-txt3.png\"><img loading=\"lazy\" decoding=\"async\" class=\"alignleft size-full wp-image-21490\" src=\"https:\/\/agora.xtec.cat\/ieslaromanica\/wp-content\/uploads\/usu857\/2022\/05\/Sin-ti\u0301tulo-txt3.png\" alt=\"\" width=\"941\" height=\"390\" srcset=\"https:\/\/agora.xtec.cat\/ieslaromanica\/wp-content\/uploads\/usu857\/2022\/05\/Sin-ti\u0301tulo-txt3.png 941w, https:\/\/agora.xtec.cat\/ieslaromanica\/wp-content\/uploads\/usu857\/2022\/05\/Sin-ti\u0301tulo-txt3-300x124.png 300w, https:\/\/agora.xtec.cat\/ieslaromanica\/wp-content\/uploads\/usu857\/2022\/05\/Sin-ti\u0301tulo-txt3-768x318.png 768w\" sizes=\"auto, (max-width: 941px) 100vw, 941px\" \/><\/a><\/td>\n<\/tr>\n<tr>\n<td style=\"width: 15.3047%;\">Salvador<\/td>\n<td style=\"width: 84.6953%;\"><a href=\"https:\/\/agora.xtec.cat\/ieslaromanica\/wp-content\/uploads\/usu857\/2022\/05\/Sin-ti\u0301tulo1-1.png\"><img loading=\"lazy\" decoding=\"async\" class=\"alignleft size-full wp-image-21491\" src=\"https:\/\/agora.xtec.cat\/ieslaromanica\/wp-content\/uploads\/usu857\/2022\/05\/Sin-ti\u0301tulo1-1.png\" alt=\"\" width=\"938\" height=\"235\" srcset=\"https:\/\/agora.xtec.cat\/ieslaromanica\/wp-content\/uploads\/usu857\/2022\/05\/Sin-ti\u0301tulo1-1.png 938w, https:\/\/agora.xtec.cat\/ieslaromanica\/wp-content\/uploads\/usu857\/2022\/05\/Sin-ti\u0301tulo1-1-300x75.png 300w, https:\/\/agora.xtec.cat\/ieslaromanica\/wp-content\/uploads\/usu857\/2022\/05\/Sin-ti\u0301tulo1-1-768x192.png 768w\" sizes=\"auto, (max-width: 938px) 100vw, 938px\" \/><\/a><\/td>\n<\/tr>\n<\/tbody>\n<\/table>\n<p>&nbsp;<\/p>\n<table style=\"border-collapse: collapse; width: 72.7168%; height: 37px;\">\n<tbody>\n<tr>\n<td style=\"width: 100%;\" colspan=\"2\">Logotip del projecte APS i cartes elaborades per l\u2019alumnat de 3rC:<\/td>\n<\/tr>\n<tr>\n<td style=\"width: 30.7631%;\"><a href=\"https:\/\/agora.xtec.cat\/ieslaromanica\/wp-content\/uploads\/usu857\/2022\/05\/Sin-ti\u0301tulo3.png\"><img loading=\"lazy\" decoding=\"async\" class=\"alignleft size-full wp-image-21493\" src=\"https:\/\/agora.xtec.cat\/ieslaromanica\/wp-content\/uploads\/usu857\/2022\/05\/Sin-ti\u0301tulo3.png\" alt=\"\" width=\"790\" height=\"790\" srcset=\"https:\/\/agora.xtec.cat\/ieslaromanica\/wp-content\/uploads\/usu857\/2022\/05\/Sin-ti\u0301tulo3.png 790w, https:\/\/agora.xtec.cat\/ieslaromanica\/wp-content\/uploads\/usu857\/2022\/05\/Sin-ti\u0301tulo3-300x300.png 300w, https:\/\/agora.xtec.cat\/ieslaromanica\/wp-content\/uploads\/usu857\/2022\/05\/Sin-ti\u0301tulo3-150x150.png 150w, https:\/\/agora.xtec.cat\/ieslaromanica\/wp-content\/uploads\/usu857\/2022\/05\/Sin-ti\u0301tulo3-768x768.png 768w\" sizes=\"auto, (max-width: 790px) 100vw, 790px\" \/><\/a><\/td>\n<td style=\"width: 69.2369%;\"><a href=\"https:\/\/agora.xtec.cat\/ieslaromanica\/wp-content\/uploads\/usu857\/2022\/05\/Sin-ti\u0301tulo2bis-1.png\"><img loading=\"lazy\" decoding=\"async\" class=\"alignleft size-large wp-image-21495\" src=\"https:\/\/agora.xtec.cat\/ieslaromanica\/wp-content\/uploads\/usu857\/2022\/05\/Sin-ti\u0301tulo2bis-1-1024x630.png\" alt=\"\" width=\"1024\" height=\"630\" srcset=\"https:\/\/agora.xtec.cat\/ieslaromanica\/wp-content\/uploads\/usu857\/2022\/05\/Sin-ti\u0301tulo2bis-1-1024x630.png 1024w, https:\/\/agora.xtec.cat\/ieslaromanica\/wp-content\/uploads\/usu857\/2022\/05\/Sin-ti\u0301tulo2bis-1-300x185.png 300w, https:\/\/agora.xtec.cat\/ieslaromanica\/wp-content\/uploads\/usu857\/2022\/05\/Sin-ti\u0301tulo2bis-1-768x473.png 768w, https:\/\/agora.xtec.cat\/ieslaromanica\/wp-content\/uploads\/usu857\/2022\/05\/Sin-ti\u0301tulo2bis-1-1536x946.png 1536w, https:\/\/agora.xtec.cat\/ieslaromanica\/wp-content\/uploads\/usu857\/2022\/05\/Sin-ti\u0301tulo2bis-1.png 1772w\" sizes=\"auto, (max-width: 1024px) 100vw, 1024px\" \/><\/a><\/td>\n<\/tr>\n<\/tbody>\n<\/table>\n","protected":false},"excerpt":{"rendered":"<p>Des d\u2019APS (Aprenentatge i Servei Comunitari), el passat mes d\u2019octubre vam plantar una llavor en col\u00b7laboraci\u00f3 amb la coordinadora d\u2019acci\u00f3 social a Catalunya, Txell Teixid\u00f3.<br \/>\nMolt amablement va venir a explicar quina \u00e9s la seva funci\u00f3 i la de la fundaci\u00f3 <a href=\"https:\/\/amigosdelosmayores.org\/ca?gclid=Cj0KCQjwhLKUBhDiARIsAMaTLnE8252tdG8qurFvSKwYA8Wm23paN5B1INdtx3aHVQ5ZZe7cNujfgl0aAkmEEALw_wcB\">Amics de la gent&hellip;  <a href=\"https:\/\/agora.xtec.cat\/ieslaromanica\/general\/servei-comunitari-es-amic-de-la-gent-gran-projecte-de-lectoescriptura\/\" title=\"Read Servei comunitari \u00e9s amic de la gent gran. Projecte de lectoescriptura\">Llegeix m\u00e9s\u00bb<\/a><\/p>\n","protected":false},"author":6,"featured_media":21495,"comment_status":"open","ping_status":"closed","sticky":false,"template":"","format":"standard","meta":{"_bbp_topic_count":0,"_bbp_reply_count":0,"_bbp_total_topic_count":0,"_bbp_total_reply_count":0,"_bbp_voice_count":0,"_bbp_anonymous_reply_count":0,"_bbp_topic_count_hidden":0,"_bbp_reply_count_hidden":0,"_bbp_forum_subforum_count":0,"footnotes":""},"categories":[6,1,29],"tags":[358,363],"class_list":["post-21484","post","type-post","status-publish","format-standard","has-post-thumbnail","hentry","category-eso-3","category-general","category-portada","tag-curs-2021-2022","tag-projecte-aprenentatge-i-servei"],"post_mailing_queue_ids":[],"_links":{"self":[{"href":"https:\/\/agora.xtec.cat\/ieslaromanica\/wp-json\/wp\/v2\/posts\/21484","targetHints":{"allow":["GET"]}}],"collection":[{"href":"https:\/\/agora.xtec.cat\/ieslaromanica\/wp-json\/wp\/v2\/posts"}],"about":[{"href":"https:\/\/agora.xtec.cat\/ieslaromanica\/wp-json\/wp\/v2\/types\/post"}],"author":[{"embeddable":true,"href":"https:\/\/agora.xtec.cat\/ieslaromanica\/wp-json\/wp\/v2\/users\/6"}],"replies":[{"embeddable":true,"href":"https:\/\/agora.xtec.cat\/ieslaromanica\/wp-json\/wp\/v2\/comments?post=21484"}],"version-history":[{"count":3,"href":"https:\/\/agora.xtec.cat\/ieslaromanica\/wp-json\/wp\/v2\/posts\/21484\/revisions"}],"predecessor-version":[{"id":21505,"href":"https:\/\/agora.xtec.cat\/ieslaromanica\/wp-json\/wp\/v2\/posts\/21484\/revisions\/21505"}],"wp:featuredmedia":[{"embeddable":true,"href":"https:\/\/agora.xtec.cat\/ieslaromanica\/wp-json\/wp\/v2\/media\/21495"}],"wp:attachment":[{"href":"https:\/\/agora.xtec.cat\/ieslaromanica\/wp-json\/wp\/v2\/media?parent=21484"}],"wp:term":[{"taxonomy":"category","embeddable":true,"href":"https:\/\/agora.xtec.cat\/ieslaromanica\/wp-json\/wp\/v2\/categories?post=21484"},{"taxonomy":"post_tag","embeddable":true,"href":"https:\/\/agora.xtec.cat\/ieslaromanica\/wp-json\/wp\/v2\/tags?post=21484"}],"curies":[{"name":"wp","href":"https:\/\/api.w.org\/{rel}","templated":true}]}}