{"id":21480,"date":"2022-05-24T17:55:59","date_gmt":"2022-05-24T15:55:59","guid":{"rendered":"https:\/\/agora.xtec.cat\/ieslaromanica\/?p=21480"},"modified":"2022-05-25T20:21:41","modified_gmt":"2022-05-25T18:21:41","slug":"proteccio-civil-i-servei-comunitari-a-lins-la-romanica","status":"publish","type":"post","link":"https:\/\/agora.xtec.cat\/ieslaromanica\/general\/proteccio-civil-i-servei-comunitari-a-lins-la-romanica\/","title":{"rendered":"Protecci\u00f3 Civil I Servei Comunitari a l\u2019INS La Rom\u00e0nica"},"content":{"rendered":"<p>El passat dia 12 i 18 de maig els voluntaris de protecci\u00f3 civil, Rafael, Mari Carmen i Emili, president de l\u2019associaci\u00f3, van venir al centre per sensibilitzar a l\u2019alumnat de tercer d\u2019ESO vers el voluntariat.<\/p>\n<p>L\u2019alumnat i nosaltres, el professorat, hem apr\u00e8s les actuacions que aquest organisme duu a terme i els possibles riscos que t\u00e9 Barber\u00e0 del Vall\u00e8s, el nostre municipi.<\/p>\n<p>Des de transport d\u2019aliments i entrega de mascaretes durant el confinament, passant per garantir que les festivitats de Sant Joan o la festa major es puguin celebrar o coordinant el recapte de medicaments i aliments per enviar-los a Ucra\u00efna en s\u00f3n exemples.<\/p>\n<p>A m\u00e9s d\u2019una posada en escena molt elaborada amb la utilitzaci\u00f3 de recursos audiovisuals, els voluntaris de protecci\u00f3 civil van preparar activitats pr\u00e0ctiques com la reanimaci\u00f3 cardiopulmonar (RCP), La posici\u00f3 lateral de seguretat (PLS), el llenguatge fon\u00e8tic o la comunicaci\u00f3 amb walkie-talkie per transmetre un fet.<\/p>\n<table style=\"border-collapse: collapse; width: 75.2601%; height: 55px;\">\n<tbody>\n<tr>\n<td style=\"width: 32.3349%;\"><a href=\"https:\/\/agora.xtec.cat\/ieslaromanica\/wp-content\/uploads\/usu857\/2022\/05\/Sin-ti\u0301tulo1.png\"><img loading=\"lazy\" decoding=\"async\" class=\"alignleft size-full wp-image-21476\" src=\"https:\/\/agora.xtec.cat\/ieslaromanica\/wp-content\/uploads\/usu857\/2022\/05\/Sin-ti\u0301tulo1.png\" alt=\"\" width=\"340\" height=\"331\" srcset=\"https:\/\/agora.xtec.cat\/ieslaromanica\/wp-content\/uploads\/usu857\/2022\/05\/Sin-ti\u0301tulo1.png 340w, https:\/\/agora.xtec.cat\/ieslaromanica\/wp-content\/uploads\/usu857\/2022\/05\/Sin-ti\u0301tulo1-300x292.png 300w\" sizes=\"auto, (max-width: 340px) 100vw, 340px\" \/><\/a><\/td>\n<td style=\"width: 67.6651%;\">Explicaci\u00f3 a la classe de 3r F.<a href=\"https:\/\/agora.xtec.cat\/ieslaromanica\/wp-content\/uploads\/usu857\/2022\/05\/Sin-ti\u0301tulo4-2mg.png\"><img loading=\"lazy\" decoding=\"async\" class=\"alignleft size-full wp-image-21479\" src=\"https:\/\/agora.xtec.cat\/ieslaromanica\/wp-content\/uploads\/usu857\/2022\/05\/Sin-ti\u0301tulo4-2mg.png\" alt=\"\" width=\"940\" height=\"704\" srcset=\"https:\/\/agora.xtec.cat\/ieslaromanica\/wp-content\/uploads\/usu857\/2022\/05\/Sin-ti\u0301tulo4-2mg.png 940w, https:\/\/agora.xtec.cat\/ieslaromanica\/wp-content\/uploads\/usu857\/2022\/05\/Sin-ti\u0301tulo4-2mg-300x225.png 300w, https:\/\/agora.xtec.cat\/ieslaromanica\/wp-content\/uploads\/usu857\/2022\/05\/Sin-ti\u0301tulo4-2mg-768x575.png 768w, https:\/\/agora.xtec.cat\/ieslaromanica\/wp-content\/uploads\/usu857\/2022\/05\/Sin-ti\u0301tulo4-2mg-200x150.png 200w\" sizes=\"auto, (max-width: 940px) 100vw, 940px\" \/><\/a><\/td>\n<\/tr>\n<tr>\n<td style=\"width: 32.3349%;\"><img loading=\"lazy\" decoding=\"async\" class=\"alignleft size-full wp-image-21477\" src=\"https:\/\/agora.xtec.cat\/ieslaromanica\/wp-content\/uploads\/usu857\/2022\/05\/Sin-ti\u0301tulo2.png\" alt=\"\" width=\"322\" height=\"320\" srcset=\"https:\/\/agora.xtec.cat\/ieslaromanica\/wp-content\/uploads\/usu857\/2022\/05\/Sin-ti\u0301tulo2.png 322w, https:\/\/agora.xtec.cat\/ieslaromanica\/wp-content\/uploads\/usu857\/2022\/05\/Sin-ti\u0301tulo2-300x298.png 300w, https:\/\/agora.xtec.cat\/ieslaromanica\/wp-content\/uploads\/usu857\/2022\/05\/Sin-ti\u0301tulo2-150x150.png 150w\" sizes=\"auto, (max-width: 322px) 100vw, 322px\" \/><\/td>\n<td style=\"width: 67.6651%;\">Alumnat de 3r D fent RCP.<img loading=\"lazy\" decoding=\"async\" class=\"alignleft size-full wp-image-21478\" src=\"https:\/\/agora.xtec.cat\/ieslaromanica\/wp-content\/uploads\/usu857\/2022\/05\/Sin-ti\u0301tulo3-2mg.png\" alt=\"\" width=\"738\" height=\"554\" srcset=\"https:\/\/agora.xtec.cat\/ieslaromanica\/wp-content\/uploads\/usu857\/2022\/05\/Sin-ti\u0301tulo3-2mg.png 738w, https:\/\/agora.xtec.cat\/ieslaromanica\/wp-content\/uploads\/usu857\/2022\/05\/Sin-ti\u0301tulo3-2mg-300x225.png 300w, https:\/\/agora.xtec.cat\/ieslaromanica\/wp-content\/uploads\/usu857\/2022\/05\/Sin-ti\u0301tulo3-2mg-200x150.png 200w\" sizes=\"auto, (max-width: 738px) 100vw, 738px\" \/><\/td>\n<\/tr>\n<\/tbody>\n<\/table>\n<p>&nbsp;<\/p>\n","protected":false},"excerpt":{"rendered":"<p>El passat dia 12 i 18 de maig els voluntaris de protecci\u00f3 civil, Rafael, Mari Carmen i Emili, president de l\u2019associaci\u00f3, van venir al centre per sensibilitzar a l\u2019alumnat de tercer d\u2019ESO vers el voluntariat.<br \/>\nL\u2019alumnat i nosaltres, el professorat, hem apr\u00e8s les actuacions que aquest&hellip;  <a href=\"https:\/\/agora.xtec.cat\/ieslaromanica\/general\/proteccio-civil-i-servei-comunitari-a-lins-la-romanica\/\" title=\"Read Protecci\u00f3 Civil I Servei Comunitari a l\u2019INS La Rom\u00e0nica\">Llegeix m\u00e9s\u00bb<\/a><\/p>\n","protected":false},"author":6,"featured_media":21479,"comment_status":"open","ping_status":"closed","sticky":false,"template":"","format":"standard","meta":{"_bbp_topic_count":0,"_bbp_reply_count":0,"_bbp_total_topic_count":0,"_bbp_total_reply_count":0,"_bbp_voice_count":0,"_bbp_anonymous_reply_count":0,"_bbp_topic_count_hidden":0,"_bbp_reply_count_hidden":0,"_bbp_forum_subforum_count":0,"footnotes":""},"categories":[6,1,29],"tags":[358,363],"class_list":["post-21480","post","type-post","status-publish","format-standard","has-post-thumbnail","hentry","category-eso-3","category-general","category-portada","tag-curs-2021-2022","tag-projecte-aprenentatge-i-servei"],"post_mailing_queue_ids":[],"_links":{"self":[{"href":"https:\/\/agora.xtec.cat\/ieslaromanica\/wp-json\/wp\/v2\/posts\/21480","targetHints":{"allow":["GET"]}}],"collection":[{"href":"https:\/\/agora.xtec.cat\/ieslaromanica\/wp-json\/wp\/v2\/posts"}],"about":[{"href":"https:\/\/agora.xtec.cat\/ieslaromanica\/wp-json\/wp\/v2\/types\/post"}],"author":[{"embeddable":true,"href":"https:\/\/agora.xtec.cat\/ieslaromanica\/wp-json\/wp\/v2\/users\/6"}],"replies":[{"embeddable":true,"href":"https:\/\/agora.xtec.cat\/ieslaromanica\/wp-json\/wp\/v2\/comments?post=21480"}],"version-history":[{"count":3,"href":"https:\/\/agora.xtec.cat\/ieslaromanica\/wp-json\/wp\/v2\/posts\/21480\/revisions"}],"predecessor-version":[{"id":21506,"href":"https:\/\/agora.xtec.cat\/ieslaromanica\/wp-json\/wp\/v2\/posts\/21480\/revisions\/21506"}],"wp:featuredmedia":[{"embeddable":true,"href":"https:\/\/agora.xtec.cat\/ieslaromanica\/wp-json\/wp\/v2\/media\/21479"}],"wp:attachment":[{"href":"https:\/\/agora.xtec.cat\/ieslaromanica\/wp-json\/wp\/v2\/media?parent=21480"}],"wp:term":[{"taxonomy":"category","embeddable":true,"href":"https:\/\/agora.xtec.cat\/ieslaromanica\/wp-json\/wp\/v2\/categories?post=21480"},{"taxonomy":"post_tag","embeddable":true,"href":"https:\/\/agora.xtec.cat\/ieslaromanica\/wp-json\/wp\/v2\/tags?post=21480"}],"curies":[{"name":"wp","href":"https:\/\/api.w.org\/{rel}","templated":true}]}}