{"id":21370,"date":"2022-05-12T17:47:19","date_gmt":"2022-05-12T15:47:19","guid":{"rendered":"https:\/\/agora.xtec.cat\/ieslaromanica\/?p=21370"},"modified":"2022-05-12T18:02:28","modified_gmt":"2022-05-12T16:02:28","slug":"premis-literaris-sant-jordi","status":"publish","type":"post","link":"https:\/\/agora.xtec.cat\/ieslaromanica\/general\/premis-literaris-sant-jordi\/","title":{"rendered":"Premis literaris Sant Jordi 2022"},"content":{"rendered":"<p>El divendres 22 d&#8217;abril vam celebrar la diada de Sant Jordi al centre amb una organitzaci\u00f3 que concentrava l&#8217;alumnat de primer cicle en un torn i l&#8217;alumnat de segon cicle i batxillerat en un altre. A m\u00e9s dels tallers que van gaudir els de 1r i 2n d&#8217;ESO, tot l&#8217;alumnat del centre va participar en el concurs literari que estava estructurat en tres categories: poesia, narrativa i microrelats. Aquest esdeveniment va estar acompanyat de variades actuacions i moltes roses.<\/p>\n<p>A continuaci\u00f3 teniu unes graelles amb els premiats tant del departament de castell\u00e0 com els del departament de catal\u00e0 i els del departament de lleng\u00fces estrangeres (angl\u00e8s).<\/p>\n<p><strong>Felicitem els guardonats i tamb\u00e9 a tots aquells que amb un gran entusiasme van participar.\u00a0<\/strong><\/p>\n<p>Premis del departament de <strong>CASTELL\u00c0<\/strong>:<\/p>\n<table style=\"border-collapse: collapse; width: 72.948%; height: 735px;\">\n<tbody>\n<tr style=\"height: 33px;\">\n<td style=\"width: 50%; height: 33px;\" colspan=\"2\"><strong>Categor\u00eda 1\u00ba y 2\u00ba ESO:<\/strong><\/td>\n<\/tr>\n<tr style=\"height: 33px;\">\n<td style=\"width: 50%; height: 33px;\"><strong>Primer premio:<\/strong><\/td>\n<td style=\"width: 50%; height: 33px;\"><strong>Segundo premio:<\/strong><\/td>\n<\/tr>\n<tr style=\"height: 118px;\">\n<td style=\"width: 50%; height: 118px;\">Poes\u00eda: Ev48. <em>\u00bfY t\u00fa qui\u00e9n eres?<\/em><\/p>\n<p>Narrativa: (Tu Jirafa) M\u00f3nica Requena Guimer\u00e0 (1\u00baD). <em>La verdad de la historia.<\/em><\/td>\n<td style=\"width: 50%; height: 118px;\">Poes\u00eda: (Aiky) Nayara Garc\u00eda Gallego (2\u00baD). <em>Tiempo.<\/em><\/p>\n<p>&nbsp;<\/td>\n<\/tr>\n<tr style=\"height: 33px;\">\n<td style=\"width: 50%; height: 33px;\" colspan=\"2\"><strong>Categor\u00eda 3\u00ba y 4\u00ba ESO:<\/strong><\/td>\n<\/tr>\n<tr style=\"height: 33px;\">\n<td style=\"width: 50%; height: 33px;\"><strong>Primer premio:<\/strong><\/td>\n<td style=\"width: 50%; height: 33px;\"><strong>Segundo premio:<\/strong><\/td>\n<\/tr>\n<tr style=\"height: 203px;\">\n<td style=\"width: 50%; height: 203px;\">Poes\u00eda: (Rayo) In\u00e9s Herrero Ardiaca (3E). <em>El poder de una mirada o El vac\u00edo de un silencio.<\/em><\/p>\n<p>Narrativa: (N Ridell) Nora Pulido G\u00fceto (4D). <em>Clave de Fa.<\/em><\/p>\n<p>Microrrelato: (SAP) Avril Noguera Garc\u00eda (4\u00baD). <em>20:37.<\/em><\/td>\n<td style=\"width: 50%; height: 203px;\">Poes\u00eda: (Cal\u00edope) Mercedes Franco Moya (4F). <em>Mi amiga la hormiga.<\/em><\/p>\n<p>Narrativa: (Juguito de frutas) Anyli Urios Moctezuma (4D). <em>Final de primavera.<\/em><\/p>\n<p>Microrrelato: (Annete) Noa P\u00e9rez Lozano (3\u00baE). <em>Delia.<\/em><\/td>\n<\/tr>\n<tr style=\"height: 33px;\">\n<td style=\"width: 50%; height: 33px;\" colspan=\"2\"><strong>Categor\u00eda Bachillerato:<\/strong><\/td>\n<\/tr>\n<tr style=\"height: 10px;\">\n<td style=\"width: 50%; height: 10px;\"><strong>Primer premio:<\/strong><\/td>\n<td style=\"width: 50%; height: 10px;\"><strong>Segundo premio:<\/strong><\/td>\n<\/tr>\n<tr style=\"height: 173px;\">\n<td style=\"width: 50%; height: 173px;\">Poes\u00eda: (Lluvia) Judit Ubago Rosell (2\u00baBachi B). <em>Lluvia en el mes de abril.<\/em><\/p>\n<p>Narrativa: (Jane Austen) Laia Margarita Dur\u00e1n Reyes (2\u00baBachi B). <em>Ya no caben m\u00e1s serpientes.<\/em><\/p>\n<p>Microrrelato: (Brooks) Sof\u00eda Mart\u00ednez Rodr\u00edguez. <em>Casas de papel, pel\u00edculas y velas.<\/em><\/td>\n<td style=\"width: 50%; height: 173px;\">Poes\u00eda: (Amarilla) Daniela Bravo P\u00e9rez (2\u00baBachi B.) <em>Mulata.<\/em><\/p>\n<p>Narrativa: (Guiru) Marta Ortiz Ropero (1\u00baBachi B) <em>Te dar\u00e9 narcisos amarillos.<\/em><\/p>\n<p>&nbsp;<\/td>\n<\/tr>\n<tr style=\"height: 18px;\">\n<td style=\"width: 50%; height: 18px;\" colspan=\"2\"><strong>Categor\u00eda Ciclos:<\/strong><\/td>\n<\/tr>\n<tr style=\"height: 48px;\">\n<td style=\"width: 50%; height: 48px;\" colspan=\"2\">Narrativa: \u00bf?(Patsie) Ester Crespo D\u00edaz (CF Grau Superios 1r Curs Mat\u00ed). <em>Mi libertad.<\/em><\/td>\n<\/tr>\n<\/tbody>\n<\/table>\n<p>Premis del departament de <strong>CATAL\u00c0<\/strong>:<\/p>\n<table style=\"border-collapse: collapse; width: 72.7717%; height: 621px;\">\n<tbody>\n<tr style=\"height: 33px;\">\n<td style=\"width: 100%; height: 33px;\" colspan=\"2\"><b>Categoria 1r i 2n ESO:<\/b><\/td>\n<\/tr>\n<tr style=\"height: 32px;\">\n<td style=\"width: 50%; height: 32px;\"><strong>Primer premi:<\/strong><\/td>\n<td style=\"width: 50%; height: 32px;\"><strong>Segon premi:<\/strong><\/td>\n<\/tr>\n<tr style=\"height: 136px;\">\n<td style=\"width: 50%; height: 136px;\">Poesia: (Gnomito) Helena Cruces L\u00f3pez (1D). <em>Ja arriba Sant Jordi.\u00a0<\/em><\/p>\n<p>Narrativa: (Isaac Mart\u00ed i Pol) Oriol Alonso\u00a0 (1B). <em>La llegenda de Vila Amagada.\u00a0<\/em><\/p>\n<p>Microrrelat: (Evi) Elvira S\u00e1nchez V\u00e1zquez (1D). <em>Estimat diari.<\/em><\/td>\n<td style=\"width: 50%; height: 136px;\">Poesia: (Isaac Maragall) Oriol Alonso Caravaca (1B). <em>L\u2019espasa<\/em>.<\/p>\n<p>Narrativa: (Lisa Simpson) J\u00e9ssica Dragota (1B). <em>Santa Georgina?<\/em><\/p>\n<p>Microrrelat: (Foca) Marta Rodero Triguero (1C). <em>El temps no canvia.<\/em><\/td>\n<\/tr>\n<tr style=\"height: 32px;\">\n<td style=\"width: 50%; height: 32px;\" colspan=\"2\"><b>Categoria 3r i 4t ESO:<\/b><\/td>\n<\/tr>\n<tr style=\"height: 32px;\">\n<td style=\"width: 50%; height: 32px;\"><strong>Primer premi:<\/strong><\/td>\n<td style=\"width: 50%; height: 32px;\"><strong>Segon premi:<\/strong><\/td>\n<\/tr>\n<tr style=\"height: 136px;\">\n<td style=\"width: 50%; height: 136px;\">Poesia: (Candy sweet) Annia Sambola (3F). <em>El cor de la nedadora<\/em>.<\/p>\n<p>Narrativa: (The Random Parrot) Fran Hernando (3D). <em>Problemes cil\u00edndrics<\/em>.<\/p>\n<p>Microrrelat: (Escriptora Sentimental) Judith Arruego (4D) .<em> El llenguatge dels anys a trav\u00e9s de la mirada.<\/em><\/td>\n<td style=\"width: 50%; height: 136px;\">Poesia: (El cavaller) Jon Mart\u00ednez (3F). <em>Qu\u00e8 voldria per Sant Jordi?\u00a0<\/em><\/p>\n<p>Narrativa: (Freija) Lara Murcia (4t). <em>Jo i tres pringats m\u00e9s.<\/em><\/p>\n<p>Microrrelat: (+) Anyli Urios (4D).\u00a0 <em>Bona nit.\u00a0<\/em><\/td>\n<\/tr>\n<tr style=\"height: 32px;\">\n<td style=\"width: 50%; height: 32px;\" colspan=\"2\"><b>Categoria Batxillerat:<\/b><\/td>\n<\/tr>\n<tr style=\"height: 32px;\">\n<td style=\"width: 50%; height: 32px;\"><strong>Primer premi:<\/strong><\/td>\n<td style=\"width: 50%; height: 32px;\"><strong>Segon premi:<\/strong><\/td>\n<\/tr>\n<tr style=\"height: 136px;\">\n<td style=\"width: 50%; height: 136px;\">Poesia: (Pelirroja) Valentina Olguin (2n Batx. B).<em>Tant de bo.<\/em><\/p>\n<p>Narrativa: (patata uu) Cl\u00e0udia Farr\u00e9 Parera (1<span style=\"font-family: inherit; font-size: 1em;\">r Batx. A). <em>El cam\u00ed<\/em>.\u00a0<\/span><\/p>\n<p>Microrrelat: (Estrella) Marta G\u00e1lvez. <em>M\u00fasica<\/em>.<\/td>\n<td style=\"width: 50%; height: 136px;\">Poesia: (Cristopher GLW) Adri\u00e1n Domingo Venegas (1r Batx. B). <em>Ones<\/em>.<\/p>\n<p>Narrativa: (Hope) Roc\u00edo Del Moral L\u00f3pez (2n<span style=\"font-family: inherit; font-size: 1em;\"> Batx.B). <em>Amors amagats en un armari.<\/em><\/span><\/p>\n<p>Microrrelat: (Maggie simpson) B\u00e1rbara Montalvo ( 2n Batx. A) <em>Angoixa.<\/em><\/td>\n<\/tr>\n<tr style=\"height: 10px;\">\n<td style=\"width: 50%; height: 10px;\" colspan=\"2\"><strong>Categor\u00eda Cicles:<\/strong><\/p>\n<p>Narrativa: (Patsie) Ester Crespo D\u00edaz. <em>Mi libertad.<\/em><\/td>\n<\/tr>\n<\/tbody>\n<\/table>\n<p>Premis del departament de <strong>LLENG\u00dcES ESTRANGERES (ANGL\u00c8S)<\/strong>:<\/p>\n<table style=\"border-collapse: collapse; width: 72.8814%; height: 251px;\">\n<tbody>\n<tr>\n<td style=\"width: 100%;\" colspan=\"2\"><strong>1st and 2nd ESO category:<\/strong><\/td>\n<\/tr>\n<tr>\n<td style=\"width: 100%;\" colspan=\"2\">Poetry: Marta Rodero (1C).<em> Help white seals.<\/em><\/td>\n<\/tr>\n<tr>\n<td style=\"width: 49.6124%;\" colspan=\"2\">Short Story: Judith Cintas (2D). <em>In the most unexpected moment.<\/em><\/td>\n<\/tr>\n<tr>\n<td style=\"width: 49.6124%;\" colspan=\"2\">Free Style: Elvira S\u00e1nchesz. <em>Dear diary&#8230;<\/em><\/td>\n<\/tr>\n<tr>\n<td style=\"width: 49.6124%;\" colspan=\"2\"><strong>3rd and 4th ESO category:<\/strong><\/td>\n<\/tr>\n<tr>\n<td style=\"width: 49.6124%;\" colspan=\"2\">Short Story: Miriam Rodero (3B). <em>The day that never arrived.<\/em><\/td>\n<\/tr>\n<\/tbody>\n<\/table>\n<table style=\"border-collapse: collapse; width: 72.6012%; height: 51px;\">\n<tbody>\n<tr>\n<td style=\"width: 50%;\" colspan=\"2\">Actuacions:<\/td>\n<\/tr>\n<tr>\n<td style=\"width: 50%;\"><a href=\"https:\/\/agora.xtec.cat\/ieslaromanica\/wp-content\/uploads\/usu857\/2022\/05\/2F52AAC3-249F-44ACT-scaled.jpeg\"><img loading=\"lazy\" decoding=\"async\" class=\"alignleft size-large wp-image-21417\" src=\"https:\/\/agora.xtec.cat\/ieslaromanica\/wp-content\/uploads\/usu857\/2022\/05\/2F52AAC3-249F-44ACT-1024x576.jpeg\" alt=\"\" width=\"1024\" height=\"576\" srcset=\"https:\/\/agora.xtec.cat\/ieslaromanica\/wp-content\/uploads\/usu857\/2022\/05\/2F52AAC3-249F-44ACT-1024x576.jpeg 1024w, https:\/\/agora.xtec.cat\/ieslaromanica\/wp-content\/uploads\/usu857\/2022\/05\/2F52AAC3-249F-44ACT-300x169.jpeg 300w, https:\/\/agora.xtec.cat\/ieslaromanica\/wp-content\/uploads\/usu857\/2022\/05\/2F52AAC3-249F-44ACT-768x432.jpeg 768w, https:\/\/agora.xtec.cat\/ieslaromanica\/wp-content\/uploads\/usu857\/2022\/05\/2F52AAC3-249F-44ACT-1536x864.jpeg 1536w, https:\/\/agora.xtec.cat\/ieslaromanica\/wp-content\/uploads\/usu857\/2022\/05\/2F52AAC3-249F-44ACT-2048x1152.jpeg 2048w\" sizes=\"auto, (max-width: 1024px) 100vw, 1024px\" \/><\/a><\/td>\n<td style=\"width: 50%;\"><a href=\"https:\/\/agora.xtec.cat\/ieslaromanica\/wp-content\/uploads\/usu857\/2022\/05\/E1E5C901-ACFB-4AC5-ACT.jpeg\"><img loading=\"lazy\" decoding=\"async\" class=\"alignleft size-large wp-image-21420\" src=\"https:\/\/agora.xtec.cat\/ieslaromanica\/wp-content\/uploads\/usu857\/2022\/05\/E1E5C901-ACFB-4AC5-ACT-1024x576.jpeg\" alt=\"\" width=\"1024\" height=\"576\" srcset=\"https:\/\/agora.xtec.cat\/ieslaromanica\/wp-content\/uploads\/usu857\/2022\/05\/E1E5C901-ACFB-4AC5-ACT-1024x576.jpeg 1024w, https:\/\/agora.xtec.cat\/ieslaromanica\/wp-content\/uploads\/usu857\/2022\/05\/E1E5C901-ACFB-4AC5-ACT-300x169.jpeg 300w, https:\/\/agora.xtec.cat\/ieslaromanica\/wp-content\/uploads\/usu857\/2022\/05\/E1E5C901-ACFB-4AC5-ACT-768x432.jpeg 768w, https:\/\/agora.xtec.cat\/ieslaromanica\/wp-content\/uploads\/usu857\/2022\/05\/E1E5C901-ACFB-4AC5-ACT-1536x864.jpeg 1536w, https:\/\/agora.xtec.cat\/ieslaromanica\/wp-content\/uploads\/usu857\/2022\/05\/E1E5C901-ACFB-4AC5-ACT.jpeg 1920w\" sizes=\"auto, (max-width: 1024px) 100vw, 1024px\" \/><\/a><\/td>\n<\/tr>\n<\/tbody>\n<\/table>\n<table style=\"border-collapse: collapse; width: 72.6012%; height: 109px;\">\n<tbody>\n<tr>\n<td style=\"width: 33.3333%;\" colspan=\"3\">Entrega de premis:<\/td>\n<\/tr>\n<tr>\n<td style=\"width: 33.3333%;\"><a href=\"https:\/\/agora.xtec.cat\/ieslaromanica\/wp-content\/uploads\/usu857\/2022\/05\/PHOTO-2022-05-11-17-52-33.jpg\"><img loading=\"lazy\" decoding=\"async\" class=\"alignleft wp-image-21425\" src=\"https:\/\/agora.xtec.cat\/ieslaromanica\/wp-content\/uploads\/usu857\/2022\/05\/PHOTO-2022-05-11-17-52-33-768x1024.jpg\" alt=\"\" width=\"198\" height=\"275\" \/><\/a><\/td>\n<td style=\"width: 33.3333%;\"><img loading=\"lazy\" decoding=\"async\" class=\"alignleft size-large wp-image-21422\" src=\"https:\/\/agora.xtec.cat\/ieslaromanica\/wp-content\/uploads\/usu857\/2022\/05\/PHOTO-2022-05-11-17-52-31-768x1024.jpg\" alt=\"\" width=\"768\" height=\"1024\" srcset=\"https:\/\/agora.xtec.cat\/ieslaromanica\/wp-content\/uploads\/usu857\/2022\/05\/PHOTO-2022-05-11-17-52-31-768x1024.jpg 768w, https:\/\/agora.xtec.cat\/ieslaromanica\/wp-content\/uploads\/usu857\/2022\/05\/PHOTO-2022-05-11-17-52-31-225x300.jpg 225w, https:\/\/agora.xtec.cat\/ieslaromanica\/wp-content\/uploads\/usu857\/2022\/05\/PHOTO-2022-05-11-17-52-31-1152x1536.jpg 1152w, https:\/\/agora.xtec.cat\/ieslaromanica\/wp-content\/uploads\/usu857\/2022\/05\/PHOTO-2022-05-11-17-52-31.jpg 1200w\" sizes=\"auto, (max-width: 768px) 100vw, 768px\" \/><\/td>\n<td style=\"width: 33.3333%;\"><a href=\"https:\/\/agora.xtec.cat\/ieslaromanica\/wp-content\/uploads\/usu857\/2022\/05\/PHOTO-2022-05-11-17-52-29.jpg\"><img loading=\"lazy\" decoding=\"async\" class=\"alignleft wp-image-21421\" src=\"https:\/\/agora.xtec.cat\/ieslaromanica\/wp-content\/uploads\/usu857\/2022\/05\/PHOTO-2022-05-11-17-52-29-768x1024.jpg\" alt=\"\" width=\"180\" height=\"243\" \/><\/a><\/td>\n<\/tr>\n<\/tbody>\n<\/table>\n","protected":false},"excerpt":{"rendered":"<p>El divendres 22 d&#8217;abril vam celebrar la diada de Sant Jordi al centre amb una organitzaci\u00f3 que concentrava l&#8217;alumnat de primer cicle en un torn i l&#8217;alumnat de segon cicle i batxillerat en un altre. A m\u00e9s dels tallers que van gaudir els de 1r&hellip;  <a href=\"https:\/\/agora.xtec.cat\/ieslaromanica\/general\/premis-literaris-sant-jordi\/\" title=\"Read Premis literaris Sant Jordi 2022\">Llegeix m\u00e9s\u00bb<\/a><\/p>\n","protected":false},"author":6,"featured_media":21428,"comment_status":"open","ping_status":"closed","sticky":false,"template":"","format":"standard","meta":{"_bbp_topic_count":0,"_bbp_reply_count":0,"_bbp_total_topic_count":0,"_bbp_total_reply_count":0,"_bbp_voice_count":0,"_bbp_anonymous_reply_count":0,"_bbp_topic_count_hidden":0,"_bbp_reply_count_hidden":0,"_bbp_forum_subforum_count":0,"footnotes":""},"categories":[314,1,29],"tags":[348,358,334,38],"class_list":["post-21370","post","type-post","status-publish","format-standard","has-post-thumbnail","hentry","category-activitats-extraescolars","category-general","category-portada","tag-ambit-linguistic","tag-curs-2021-2022","tag-premis-i-concursos","tag-sant-jordi"],"post_mailing_queue_ids":[],"_links":{"self":[{"href":"https:\/\/agora.xtec.cat\/ieslaromanica\/wp-json\/wp\/v2\/posts\/21370","targetHints":{"allow":["GET"]}}],"collection":[{"href":"https:\/\/agora.xtec.cat\/ieslaromanica\/wp-json\/wp\/v2\/posts"}],"about":[{"href":"https:\/\/agora.xtec.cat\/ieslaromanica\/wp-json\/wp\/v2\/types\/post"}],"author":[{"embeddable":true,"href":"https:\/\/agora.xtec.cat\/ieslaromanica\/wp-json\/wp\/v2\/users\/6"}],"replies":[{"embeddable":true,"href":"https:\/\/agora.xtec.cat\/ieslaromanica\/wp-json\/wp\/v2\/comments?post=21370"}],"version-history":[{"count":3,"href":"https:\/\/agora.xtec.cat\/ieslaromanica\/wp-json\/wp\/v2\/posts\/21370\/revisions"}],"predecessor-version":[{"id":21431,"href":"https:\/\/agora.xtec.cat\/ieslaromanica\/wp-json\/wp\/v2\/posts\/21370\/revisions\/21431"}],"wp:featuredmedia":[{"embeddable":true,"href":"https:\/\/agora.xtec.cat\/ieslaromanica\/wp-json\/wp\/v2\/media\/21428"}],"wp:attachment":[{"href":"https:\/\/agora.xtec.cat\/ieslaromanica\/wp-json\/wp\/v2\/media?parent=21370"}],"wp:term":[{"taxonomy":"category","embeddable":true,"href":"https:\/\/agora.xtec.cat\/ieslaromanica\/wp-json\/wp\/v2\/categories?post=21370"},{"taxonomy":"post_tag","embeddable":true,"href":"https:\/\/agora.xtec.cat\/ieslaromanica\/wp-json\/wp\/v2\/tags?post=21370"}],"curies":[{"name":"wp","href":"https:\/\/api.w.org\/{rel}","templated":true}]}}