{"id":21368,"date":"2022-05-02T18:24:07","date_gmt":"2022-05-02T16:24:07","guid":{"rendered":"https:\/\/agora.xtec.cat\/ieslaromanica\/?p=21368"},"modified":"2022-05-02T18:24:07","modified_gmt":"2022-05-02T16:24:07","slug":"kins-2022-torneig-korfbal","status":"publish","type":"post","link":"https:\/\/agora.xtec.cat\/ieslaromanica\/general\/kins-2022-torneig-korfbal\/","title":{"rendered":"Kins 2022 (Torneig Korfbal)"},"content":{"rendered":"<p>Els dies 25 i 26 d&#8217;abril un bon grapat d&#8217;alumnes de 1r d&#8217;ESO, 2n d&#8217;ESO i 3r d&#8217;ESO han representat al nostre centre a la competici\u00f3 de korfbal celebrada al PEM Guiera de Cerdanyola i organitzada conjuntament pel Consell Esportiu del Vall\u00e8s Occidental Sud i la Federaci\u00f3 Catalana de Korfbal. Dilluns va ser el torn dels equips infantils i tots ells van disputar la fase de grups. Dimarts va ser el torn dels equips cadets i, aquest cop s\u00ed, un d&#8217;ells va avan\u00e7ar en la competici\u00f3 arribant a semifinals i aconseguint finalment un merescut 3r lloc. El trofeu es podr\u00e0 veure a la vitrina del vest\u00edbul de l&#8217;institut.<br \/>\nHan participat centres de Cerdanyola (INS BAN\u00daS, INS GORGS, INS FORAT DEL VENT, INS PERE CALDERS), de Montcada i Reixach (INS LA FERRERIA) i nosaltres, INS LA ROM\u00c0NICA, com a \u00fanics representants de Barber\u00e0 del Vall\u00e8s.<br \/>\nEnhorabona a tots els participants!<\/p>\n<table style=\"border-collapse: collapse; width: 75.2601%; height: 131px;\">\n<tbody>\n<tr>\n<td style=\"width: 50%;\"><a href=\"https:\/\/agora.xtec.cat\/ieslaromanica\/wp-content\/uploads\/usu857\/2022\/05\/foto-korbal-6-2mg.jpg\"><img loading=\"lazy\" decoding=\"async\" class=\"alignleft size-large wp-image-21360\" src=\"https:\/\/agora.xtec.cat\/ieslaromanica\/wp-content\/uploads\/usu857\/2022\/05\/foto-korbal-6-2mg-1024x768.jpg\" alt=\"\" width=\"1024\" height=\"768\" srcset=\"https:\/\/agora.xtec.cat\/ieslaromanica\/wp-content\/uploads\/usu857\/2022\/05\/foto-korbal-6-2mg-1024x768.jpg 1024w, https:\/\/agora.xtec.cat\/ieslaromanica\/wp-content\/uploads\/usu857\/2022\/05\/foto-korbal-6-2mg-300x225.jpg 300w, https:\/\/agora.xtec.cat\/ieslaromanica\/wp-content\/uploads\/usu857\/2022\/05\/foto-korbal-6-2mg-768x576.jpg 768w, https:\/\/agora.xtec.cat\/ieslaromanica\/wp-content\/uploads\/usu857\/2022\/05\/foto-korbal-6-2mg-1536x1152.jpg 1536w, https:\/\/agora.xtec.cat\/ieslaromanica\/wp-content\/uploads\/usu857\/2022\/05\/foto-korbal-6-2mg-200x150.jpg 200w, https:\/\/agora.xtec.cat\/ieslaromanica\/wp-content\/uploads\/usu857\/2022\/05\/foto-korbal-6-2mg.jpg 1644w\" sizes=\"auto, (max-width: 1024px) 100vw, 1024px\" \/><\/a><\/td>\n<td style=\"width: 50%;\"><a href=\"https:\/\/agora.xtec.cat\/ieslaromanica\/wp-content\/uploads\/usu857\/2022\/05\/foto-korfbal-1-2mg.jpg\"><img loading=\"lazy\" decoding=\"async\" class=\"alignleft size-large wp-image-21361\" src=\"https:\/\/agora.xtec.cat\/ieslaromanica\/wp-content\/uploads\/usu857\/2022\/05\/foto-korfbal-1-2mg-1024x768.jpg\" alt=\"\" width=\"1024\" height=\"768\" srcset=\"https:\/\/agora.xtec.cat\/ieslaromanica\/wp-content\/uploads\/usu857\/2022\/05\/foto-korfbal-1-2mg-1024x768.jpg 1024w, https:\/\/agora.xtec.cat\/ieslaromanica\/wp-content\/uploads\/usu857\/2022\/05\/foto-korfbal-1-2mg-300x225.jpg 300w, https:\/\/agora.xtec.cat\/ieslaromanica\/wp-content\/uploads\/usu857\/2022\/05\/foto-korfbal-1-2mg-768x576.jpg 768w, https:\/\/agora.xtec.cat\/ieslaromanica\/wp-content\/uploads\/usu857\/2022\/05\/foto-korfbal-1-2mg-1536x1152.jpg 1536w, https:\/\/agora.xtec.cat\/ieslaromanica\/wp-content\/uploads\/usu857\/2022\/05\/foto-korfbal-1-2mg-200x150.jpg 200w, https:\/\/agora.xtec.cat\/ieslaromanica\/wp-content\/uploads\/usu857\/2022\/05\/foto-korfbal-1-2mg.jpg 1814w\" sizes=\"auto, (max-width: 1024px) 100vw, 1024px\" \/><\/a><\/td>\n<\/tr>\n<tr>\n<td style=\"width: 50%;\"><a href=\"https:\/\/agora.xtec.cat\/ieslaromanica\/wp-content\/uploads\/usu857\/2022\/05\/foto-korfbal-2-2mg.jpg\"><img loading=\"lazy\" decoding=\"async\" class=\"alignleft size-large wp-image-21362\" src=\"https:\/\/agora.xtec.cat\/ieslaromanica\/wp-content\/uploads\/usu857\/2022\/05\/foto-korfbal-2-2mg-1024x768.jpg\" alt=\"\" width=\"1024\" height=\"768\" srcset=\"https:\/\/agora.xtec.cat\/ieslaromanica\/wp-content\/uploads\/usu857\/2022\/05\/foto-korfbal-2-2mg-1024x768.jpg 1024w, https:\/\/agora.xtec.cat\/ieslaromanica\/wp-content\/uploads\/usu857\/2022\/05\/foto-korfbal-2-2mg-300x225.jpg 300w, https:\/\/agora.xtec.cat\/ieslaromanica\/wp-content\/uploads\/usu857\/2022\/05\/foto-korfbal-2-2mg-768x576.jpg 768w, https:\/\/agora.xtec.cat\/ieslaromanica\/wp-content\/uploads\/usu857\/2022\/05\/foto-korfbal-2-2mg-1536x1152.jpg 1536w, https:\/\/agora.xtec.cat\/ieslaromanica\/wp-content\/uploads\/usu857\/2022\/05\/foto-korfbal-2-2mg-200x150.jpg 200w, https:\/\/agora.xtec.cat\/ieslaromanica\/wp-content\/uploads\/usu857\/2022\/05\/foto-korfbal-2-2mg.jpg 1701w\" sizes=\"auto, (max-width: 1024px) 100vw, 1024px\" \/><\/a><\/td>\n<td style=\"width: 50%;\"><a href=\"https:\/\/agora.xtec.cat\/ieslaromanica\/wp-content\/uploads\/usu857\/2022\/05\/foto-korfbal-3-2mg.jpg\"><img loading=\"lazy\" decoding=\"async\" class=\"alignleft size-large wp-image-21363\" src=\"https:\/\/agora.xtec.cat\/ieslaromanica\/wp-content\/uploads\/usu857\/2022\/05\/foto-korfbal-3-2mg-1024x769.jpg\" alt=\"\" width=\"1024\" height=\"769\" srcset=\"https:\/\/agora.xtec.cat\/ieslaromanica\/wp-content\/uploads\/usu857\/2022\/05\/foto-korfbal-3-2mg-1024x769.jpg 1024w, https:\/\/agora.xtec.cat\/ieslaromanica\/wp-content\/uploads\/usu857\/2022\/05\/foto-korfbal-3-2mg-300x225.jpg 300w, https:\/\/agora.xtec.cat\/ieslaromanica\/wp-content\/uploads\/usu857\/2022\/05\/foto-korfbal-3-2mg-768x576.jpg 768w, https:\/\/agora.xtec.cat\/ieslaromanica\/wp-content\/uploads\/usu857\/2022\/05\/foto-korfbal-3-2mg-1536x1153.jpg 1536w, https:\/\/agora.xtec.cat\/ieslaromanica\/wp-content\/uploads\/usu857\/2022\/05\/foto-korfbal-3-2mg-200x150.jpg 200w, https:\/\/agora.xtec.cat\/ieslaromanica\/wp-content\/uploads\/usu857\/2022\/05\/foto-korfbal-3-2mg.jpg 1672w\" sizes=\"auto, (max-width: 1024px) 100vw, 1024px\" \/><\/a><\/td>\n<\/tr>\n<tr>\n<td style=\"width: 50%;\"><a href=\"https:\/\/agora.xtec.cat\/ieslaromanica\/wp-content\/uploads\/usu857\/2022\/05\/foto-korfbal-4-2mg.jpg\"><img loading=\"lazy\" decoding=\"async\" class=\"alignleft size-large wp-image-21364\" src=\"https:\/\/agora.xtec.cat\/ieslaromanica\/wp-content\/uploads\/usu857\/2022\/05\/foto-korfbal-4-2mg-1024x768.jpg\" alt=\"\" width=\"1024\" height=\"768\" srcset=\"https:\/\/agora.xtec.cat\/ieslaromanica\/wp-content\/uploads\/usu857\/2022\/05\/foto-korfbal-4-2mg-1024x768.jpg 1024w, https:\/\/agora.xtec.cat\/ieslaromanica\/wp-content\/uploads\/usu857\/2022\/05\/foto-korfbal-4-2mg-300x225.jpg 300w, https:\/\/agora.xtec.cat\/ieslaromanica\/wp-content\/uploads\/usu857\/2022\/05\/foto-korfbal-4-2mg-768x576.jpg 768w, https:\/\/agora.xtec.cat\/ieslaromanica\/wp-content\/uploads\/usu857\/2022\/05\/foto-korfbal-4-2mg-1536x1152.jpg 1536w, https:\/\/agora.xtec.cat\/ieslaromanica\/wp-content\/uploads\/usu857\/2022\/05\/foto-korfbal-4-2mg-200x150.jpg 200w, https:\/\/agora.xtec.cat\/ieslaromanica\/wp-content\/uploads\/usu857\/2022\/05\/foto-korfbal-4-2mg.jpg 1701w\" sizes=\"auto, (max-width: 1024px) 100vw, 1024px\" \/><\/a><\/td>\n<td style=\"width: 50%;\"><a href=\"https:\/\/agora.xtec.cat\/ieslaromanica\/wp-content\/uploads\/usu857\/2022\/05\/foto-korfbal-5-2mg.jpg\"><img loading=\"lazy\" decoding=\"async\" class=\"alignleft size-large wp-image-21365\" src=\"https:\/\/agora.xtec.cat\/ieslaromanica\/wp-content\/uploads\/usu857\/2022\/05\/foto-korfbal-5-2mg-1024x768.jpg\" alt=\"\" width=\"1024\" height=\"768\" srcset=\"https:\/\/agora.xtec.cat\/ieslaromanica\/wp-content\/uploads\/usu857\/2022\/05\/foto-korfbal-5-2mg-1024x768.jpg 1024w, https:\/\/agora.xtec.cat\/ieslaromanica\/wp-content\/uploads\/usu857\/2022\/05\/foto-korfbal-5-2mg-300x225.jpg 300w, https:\/\/agora.xtec.cat\/ieslaromanica\/wp-content\/uploads\/usu857\/2022\/05\/foto-korfbal-5-2mg-768x576.jpg 768w, https:\/\/agora.xtec.cat\/ieslaromanica\/wp-content\/uploads\/usu857\/2022\/05\/foto-korfbal-5-2mg-1536x1152.jpg 1536w, https:\/\/agora.xtec.cat\/ieslaromanica\/wp-content\/uploads\/usu857\/2022\/05\/foto-korfbal-5-2mg-200x150.jpg 200w, https:\/\/agora.xtec.cat\/ieslaromanica\/wp-content\/uploads\/usu857\/2022\/05\/foto-korfbal-5-2mg.jpg 1701w\" sizes=\"auto, (max-width: 1024px) 100vw, 1024px\" \/><\/a><\/td>\n<\/tr>\n<tr>\n<td style=\"width: 50%;\" colspan=\"2\"><a href=\"https:\/\/agora.xtec.cat\/ieslaromanica\/wp-content\/uploads\/usu857\/2022\/05\/foto-korfbal-7-2mg.jpg\"><img loading=\"lazy\" decoding=\"async\" class=\"wp-image-21366 aligncenter\" src=\"https:\/\/agora.xtec.cat\/ieslaromanica\/wp-content\/uploads\/usu857\/2022\/05\/foto-korfbal-7-2mg-1024x768.jpg\" alt=\"\" width=\"447\" height=\"335\" srcset=\"https:\/\/agora.xtec.cat\/ieslaromanica\/wp-content\/uploads\/usu857\/2022\/05\/foto-korfbal-7-2mg-1024x768.jpg 1024w, https:\/\/agora.xtec.cat\/ieslaromanica\/wp-content\/uploads\/usu857\/2022\/05\/foto-korfbal-7-2mg-300x225.jpg 300w, https:\/\/agora.xtec.cat\/ieslaromanica\/wp-content\/uploads\/usu857\/2022\/05\/foto-korfbal-7-2mg-768x576.jpg 768w, https:\/\/agora.xtec.cat\/ieslaromanica\/wp-content\/uploads\/usu857\/2022\/05\/foto-korfbal-7-2mg-1536x1152.jpg 1536w, https:\/\/agora.xtec.cat\/ieslaromanica\/wp-content\/uploads\/usu857\/2022\/05\/foto-korfbal-7-2mg-200x150.jpg 200w, https:\/\/agora.xtec.cat\/ieslaromanica\/wp-content\/uploads\/usu857\/2022\/05\/foto-korfbal-7-2mg.jpg 1814w\" sizes=\"auto, (max-width: 447px) 100vw, 447px\" \/><\/a><\/td>\n<\/tr>\n<\/tbody>\n<\/table>\n<p>&nbsp;<\/p>\n","protected":false},"excerpt":{"rendered":"<p>Els dies 25 i 26 d&#8217;abril un bon grapat d&#8217;alumnes de 1r d&#8217;ESO, 2n d&#8217;ESO i 3r d&#8217;ESO han representat al nostre centre a la competici\u00f3 de korfbal celebrada al PEM Guiera de Cerdanyola i organitzada conjuntament pel Consell Esportiu del Vall\u00e8s Occidental Sud i&hellip;  <a href=\"https:\/\/agora.xtec.cat\/ieslaromanica\/general\/kins-2022-torneig-korfbal\/\" title=\"Read Kins 2022 (Torneig Korfbal)\">Llegeix m\u00e9s\u00bb<\/a><\/p>\n","protected":false},"author":6,"featured_media":21367,"comment_status":"open","ping_status":"closed","sticky":false,"template":"","format":"standard","meta":{"_bbp_topic_count":0,"_bbp_reply_count":0,"_bbp_total_topic_count":0,"_bbp_total_reply_count":0,"_bbp_voice_count":0,"_bbp_anonymous_reply_count":0,"_bbp_topic_count_hidden":0,"_bbp_reply_count_hidden":0,"_bbp_forum_subforum_count":0,"footnotes":""},"categories":[3,1,29],"tags":[336,358,334],"class_list":["post-21368","post","type-post","status-publish","format-standard","has-post-thumbnail","hentry","category-eso","category-general","category-portada","tag-ambit-educacio-fisica","tag-curs-2021-2022","tag-premis-i-concursos"],"post_mailing_queue_ids":[],"_links":{"self":[{"href":"https:\/\/agora.xtec.cat\/ieslaromanica\/wp-json\/wp\/v2\/posts\/21368","targetHints":{"allow":["GET"]}}],"collection":[{"href":"https:\/\/agora.xtec.cat\/ieslaromanica\/wp-json\/wp\/v2\/posts"}],"about":[{"href":"https:\/\/agora.xtec.cat\/ieslaromanica\/wp-json\/wp\/v2\/types\/post"}],"author":[{"embeddable":true,"href":"https:\/\/agora.xtec.cat\/ieslaromanica\/wp-json\/wp\/v2\/users\/6"}],"replies":[{"embeddable":true,"href":"https:\/\/agora.xtec.cat\/ieslaromanica\/wp-json\/wp\/v2\/comments?post=21368"}],"version-history":[{"count":1,"href":"https:\/\/agora.xtec.cat\/ieslaromanica\/wp-json\/wp\/v2\/posts\/21368\/revisions"}],"predecessor-version":[{"id":21369,"href":"https:\/\/agora.xtec.cat\/ieslaromanica\/wp-json\/wp\/v2\/posts\/21368\/revisions\/21369"}],"wp:featuredmedia":[{"embeddable":true,"href":"https:\/\/agora.xtec.cat\/ieslaromanica\/wp-json\/wp\/v2\/media\/21367"}],"wp:attachment":[{"href":"https:\/\/agora.xtec.cat\/ieslaromanica\/wp-json\/wp\/v2\/media?parent=21368"}],"wp:term":[{"taxonomy":"category","embeddable":true,"href":"https:\/\/agora.xtec.cat\/ieslaromanica\/wp-json\/wp\/v2\/categories?post=21368"},{"taxonomy":"post_tag","embeddable":true,"href":"https:\/\/agora.xtec.cat\/ieslaromanica\/wp-json\/wp\/v2\/tags?post=21368"}],"curies":[{"name":"wp","href":"https:\/\/api.w.org\/{rel}","templated":true}]}}